{"id":903,"date":"2017-05-16T00:00:00","date_gmt":"2017-05-15T22:00:00","guid":{"rendered":"https:\/\/great-kare.185-125-174-66.plesk.page\/unternehmensverkauf-strategen-vs-finanzinvestoren-2\/"},"modified":"2026-02-27T12:39:38","modified_gmt":"2026-02-27T11:39:38","slug":"empresa-venda-estrategistas-vs-investidores-financeiros-2","status":"publish","type":"post","link":"https:\/\/www.kern-unternehmensnachfolge.com\/pt\/unternehmensverkauf-strategen-vs-finanzinvestoren-2\/","title":{"rendered":"Unter\u00adnehmens\u00adverkauf \u2013 Strate\u00adgi\u00adsche vs. Finan\u00adzi\u00adel\u00adle Investoren"},"content":{"rendered":"<p><em>Die Entschei\u00addung f\u00fcr einen K\u00e4ufer bei einem Unter\u00adnehmens\u00adverkauf ist wohl mit die Wichtigs\u00adte. Auch bei mittel\u00adst\u00e4n\u00addi\u00adschen Unter\u00adneh\u00admen, bei denen ein Generations\u00adwechsel ansteht, treten oftmals strate\u00adgi\u00adsche Inves\u00adto\u00adren und Finanz\u00adin\u00adves\u00adto\u00adren auf. Dieser Beitrag geht auf die drei wesent\u00adli\u00adchen Unter\u00adschie\u00adde der Inves\u00adto\u00adren beim Unter\u00adnehmens\u00adverkauf ein.<\/em><\/p>\n<p>F\u00fcr viele Unter\u00adneh\u00admer ist ein Unter\u00adnehmens\u00adverkauf eine einma\u00adli\u00adge Handlung. Aus diesem Grund wird der Prozess natur\u00adge\u00adm\u00e4\u00df von Beratern beglei\u00adtet. Dabei fallen dann sehr oft die Begrif\u00adfe \u201estrate\u00adgi\u00adscher Inves\u00adtor\u201c und \u201eFinanz\u00adin\u00adves\u00adtor\u201c. Diese Ausdr\u00fc\u00adcke sind keines\u00adfalls einfach zu unter\u00adschei\u00adden. Somit sind sie f\u00fcr den Unter\u00adneh\u00admer, der sein Unter\u00adneh\u00admen \u00fcberge\u00adben m\u00f6chte zum Teil verwirrend.<\/p>\n<h2>Invest\u00adi\u00addo\u00adres estrat\u00e9gicos<\/h2>\n<p>Strate\u00adgi\u00adsche Inves\u00adto\u00adren als Unter\u00adneh\u00admens\u00adk\u00e4u\u00adfer haben ein \u00fcber das Finan\u00adzi\u00adel\u00adle hinaus\u00adge\u00adhen\u00adde Inter\u00ades\u00adse am Erwerb. Denn ein strate\u00adgi\u00adscher Inves\u00adtor f\u00fchrt selbst ein Unter\u00adneh\u00admen. Mit dem Kauf des Unter\u00adneh\u00admens beabsich\u00adtigt er eine Verbes\u00adse\u00adrung (wie auch immer die ausse\u00adhen mag) seiner Markt\u00adpo\u00adsi\u00adti\u00adon. Syner\u00adgie\u00adef\u00adfek\u00adte sollen ausge\u00adnutzt, weite\u00adre Ressour\u00adcen zur Annah\u00adme gr\u00f6\u00dfe\u00adrer Auftr\u00e4\u00adge akqui\u00adriert oder eine neue, strate\u00adgi\u00adsche Unter\u00adneh\u00admens\u00ads\u00e4u\u00adle geschaf\u00adfen werden. Dies sind nur ein paar M\u00f6glich\u00adkei\u00adten f\u00fcr einen strate\u00adgi\u00adschen Investor.<\/p>\n<h2>Invest\u00adi\u00addo\u00adres financeiros<\/h2>\n<p>In Deutsch\u00adland sind Finanz\u00adin\u00adves\u00adto\u00adren erst seit dem Ende der 80er, Anfang der 90er Jahre aktiv. In dieser Zeit wurden erstmals Unter\u00adneh\u00admen gegr\u00fcn\u00addet, deren Zweck einzig und allei\u00adne darin bestand, Unter\u00adneh\u00admen zu erwer\u00adben und mit Gewinn zu ver\u00e4u\u00ad\u00dfern. Diese Art von Firmen\u00adk\u00e4u\u00adfern entfal\u00adten daher keine direk\u00adten opera\u00adti\u00adven T\u00e4tig\u00adkei\u00adten beim gekauf\u00adten Objekt. Vielmehr halten und verwal\u00adten sie ledig\u00adlich ihre Betei\u00adli\u00adgun\u00adgen, mit dem Zweck einen hohen Ertrag mit der Ver\u00e4u\u00ad\u00dfe\u00adrung zu erwirt\u00adschaf\u00adten. In diesem Kontext geh\u00f6ren auch die Begrif\u00adfe \u201ePublic Equity\u201c und \u201ePriva\u00adte Equity\u201c.<\/p>\n<h2>Capital priva\u00addo e capital p\u00fablico<\/h2>\n<p>Unter Priva\u00adte Equity versteht man die Beschaf\u00adfung von Eigen\u00adka\u00adpi\u00adtal au\u00dfer\u00adhalb der B\u00f6rse. Demge\u00adgen\u00ad\u00fcber beinhal\u00adtet der Begriff des Public Equity die Beschaf\u00adfung von Eigen\u00adka\u00adpi\u00adtal an den B\u00f6rsen.<\/p>\n<h3>3 Gr\u00fcnde f\u00fcr diese Unterscheidung<\/h3>\n<ul>\n<li><strong>O per\u00edo\u00addo de deten\u00ad\u00e7\u00e3o do bem adqui\u00adri\u00addo \u00e9 diferen\u00adte:<\/strong> Die Halte\u00addau\u00ader bei strate\u00adgi\u00adschen Inves\u00adto\u00adren wird nat\u00fcr\u00adlich viel l\u00e4nger sein, als bei Finanz\u00adin\u00adves\u00adto\u00adren. Ein Strate\u00adge hat deshalb immer ein Inter\u00ades\u00adse an einer langfris\u00adti\u00adgen Akqui\u00adsi\u00adti\u00adon. Denn: Neue M\u00e4rkte und Unter\u00adneh\u00admens\u00adstra\u00adte\u00adgien brauchen Zeit und Geduld. Finanz\u00adin\u00adves\u00adto\u00adren hinge\u00adgen haben oftmals eine Halte\u00addau\u00ader bereits in ihren Unter\u00adneh\u00admens\u00adstra\u00adte\u00adgien fest verankert.<\/li>\n<li><strong>As negocia\u00ad\u00e7\u00f5es sobre o pre\u00e7o de compra t\u00eam um histo\u00adri\u00adal diferen\u00adte:<\/strong> Alle K\u00e4ufer wollen natur\u00adge\u00adm\u00e4\u00df einen m\u00f6glichst niedri\u00adgen Kaufpreis zahlen. Ein Finanz\u00adin\u00adves\u00adtor wird bei Kaufpreis\u00adver\u00adhand\u00adlung deshalb prim\u00e4r auf die Zahlen einge\u00adhen. Er muss seine Rendi\u00adte optimie\u00adren. Ein strate\u00adgi\u00adscher Inves\u00adtor schaut selbst\u00adver\u00adst\u00e4nd\u00adlich auch auf die Zahlen, hat aber einen anderen Fokus. Er m\u00f6chte langfris\u00adtig mit dem Unter\u00adneh\u00admen planen. Ihm kommt es eher auf das Gesch\u00e4fts\u00admo\u00addell und die Ressour\u00adcen an, als auf die Rendi\u00adte bei einer Ver\u00e4u\u00dferung.<\/li>\n<li><strong>Der Aufwand der&nbsp;Due Diligence:<\/strong> In der Due Diligence wird ein strate\u00adgi\u00adscher Inves\u00adtor oftmals die Due Diligence selber durch\u00adf\u00fch\u00adren. Er hat eigene Unter\u00adneh\u00admen und wei\u00df, worauf er schau\u00aden muss. Der Strate\u00adge kennt den Markt meistens. Infol\u00adge\u00addes\u00adsen kann er die Unter\u00adneh\u00admens\u00adla\u00adge ganz gut selbst einsch\u00e4t\u00adzen. Ein Finanz\u00adin\u00adves\u00adtor hinge\u00adgen wird bei der Due Diligence wohl st\u00e4rker auf exter\u00adne Berater zur\u00fcck\u00adgrei\u00adfen. Dementspre\u00adchend h\u00f6her ist der Aufwand.<\/li>\n<\/ul>\n<p>Estes s\u00e3o os dois tipos diferen\u00adtes de invest\u00adi\u00addo\u00adres na venda de uma empre\u00adsa. Para al\u00e9m disso, h\u00e1 outros pontos a ter em conta na venda de uma empre\u00adsa. Pode saber quais s\u00e3o estes pontos em <a href=\"https:\/\/www.kern-unternehmensnachfolge.com\/pt\/parceiro-2-2\/bremen-koerber\/\">KERN-Gr\u00fcnder Nils Koerber<\/a> no livre <a href=\"https:\/\/webinaris.co\/customer\/showtime\/8235_unternehmensverkauf_ohne_risiko_und_wertverlust\/13054\/8235.html?mode=N\" target=\"_blank\" rel=\"noopener\">Webinar <em>Venda da empre\u00adsa sem risco e sem perda de valor<\/em><\/a>.<\/p>\n<h4>Sugest\u00f5es para uma leitu\u00adra mais aprofundada:<\/h4>\n<p><a href=\"https:\/\/www.kern-unternehmensnachfolge.com\/pt\/a-falta-de-seguidores-ameaca-as-empresas-familiares-e-os-locais-de-trabalho-na-alemanha\/\">Estudo da <span class=\"caps\">KERN<\/span> sobre a suces\u00ads\u00e3o empre\u00adsa\u00adri\u00adal na Aleman\u00adha em 2020: a falta aguda de suces\u00adso\u00adres amea\u00e7a as empre\u00adsas familiares<\/a><\/p>\n<p><a href=\"https:\/\/www.kern-unternehmensnachfolge.com\/pt\/comentario-empresa-sem-solvencia-sucessoes-ameacam-o-nosso-bem-estar-2\/\">Comen\u00adt\u00e1\u00adrio: As suces\u00ads\u00f5es de empre\u00adsas n\u00e3o resol\u00advi\u00addas p\u00f5em em perigo a nossa prosperidade<\/a><\/p>\n<p><a href=\"https:\/\/www.kern-unternehmensnachfolge.com\/pt\/consultoria-armadilhas-no-processo-de-sucessao-empresarial-2\/\">Armadil\u00adhas de aconsel\u00adha\u00admen\u00adto no proces\u00adso de suces\u00ads\u00e3o empresarial<\/a><\/p>\n<p><a class=\"yoast-link-suggestion__value\" href=\"https:\/\/www.kern-unternehmensnachfolge.com\/pt\/o-custo-de-uma-sucessao-empresarial-ou-de-um-projeto-de-mae-de-sucesso-2\/\" target=\"_blank\" rel=\"noopener noreferrer\">Os custos de uma suces\u00ads\u00e3o empre\u00adsa\u00adri\u00adal ou de um proje\u00adto de F<span class=\"amp\">&amp;<\/span>A<\/a><\/p>\n<p><a href=\"https:\/\/www.kern-unternehmensnachfolge.com\/pt\/a-consultoria-seria-e-impossivel-apenas-com-exitos-taxas-2\/\">Unternehmens\u00adnachfolge: Warum ein reines Erfolgs\u00adho\u00adno\u00adrar eine seri\u00f6\u00adse Beratung erschwert<\/a><\/p>\n<p><a href=\"https:\/\/www.kern-unternehmensnachfolge.com\/pt\/empresa-venda-na-industria-2\/\">Empre\u00adsas do sector das&nbsp;<span class=\"caps\">TI<\/span><\/a><\/p>\n<p><a href=\"https:\/\/www.kern-unternehmensnachfolge.com\/pt\/os-primeiros-conteudos-importantes-do-kit-de-emergencia-2\/\">Os 5 conte\u00fa\u00addos mais importan\u00adtes de um kit de emerg\u00ean\u00adcia empresarial<\/a><\/p>\n<p><a href=\"https:\/\/www.kern-unternehmensnachfolge.com\/pt\/forte-aumento-de-sucessoes-de-empresas-na-suabia-2\/\">Forte aumen\u00adto das suces\u00ads\u00f5es de empre\u00adsas na Su\u00e1bia<\/a><\/p>\n\n\n<hr class=\"wp-block-separator is-style-wide\">\n\n\n<div id=\"rank-math-faq\" class=\"rank-math-block\">\n<div class=\"rank-math-list\">\n<div id=\"faq-question-69a1827a1a335\" class=\"rank-math-list-item\">\n<h3 class=\"rank-math-question\">O que distin\u00adgue os invest\u00adi\u00addo\u00adres finance\u00adi\u00adros e os estra\u00adte\u00adgas na venda de empresas?<\/h3>\n<div class=\"rank-math-answer\">\n\n<p><strong>Invest\u00adi\u00addo\u00adres estra\u00adt\u00e9\u00adgicos<\/strong> haben \u00fcber das Finan\u00adzi\u00adel\u00adle hinaus ein Inter\u00ades\u00adse am Kauf. Schlie\u00df\u00adlich f\u00fchren sie selbst ein Unter\u00adneh\u00admen. Mit dem Unter\u00adnehmens\u00adkauf erhof\u00adfen sie sich einen strate\u00adgi\u00adschen Vorteil im Markt. Das k\u00f6nnen z.B. die Nutzung von Syner\u00adgie\u00adef\u00adfek\u00adten oder die Erwei\u00adte\u00adrung der Ressour\u00adcen f\u00fcr gr\u00f6\u00dfe\u00adre Auftr\u00e4\u00adge sein.<br><strong>Invest\u00adi\u00addo\u00adres finance\u00adi\u00adros <\/strong>verfol\u00adgen hinge\u00adgen ein rein finan\u00adzi\u00adel\u00adles Inter\u00ades\u00adse. Dazu kaufen Sie Unter\u00adneh\u00admen und ver\u00e4u\u00ad\u00dfern Sie mit Gewinn weiter. Deshalb werden sie nicht direkt opera\u00adtiv t\u00e4tig. Statt\u00addes\u00adsen halten und verwal\u00adten sie ihr Invest\u00adment, um den Wert des Unter\u00adneh\u00admens zu steigern. Denn so steigt ihr Gewinn bei der Ver\u00e4u\u00ad\u00dfe\u00adrung des Unternehmens.&nbsp;<\/p>\n\n<\/div>\n<\/div>\n<div id=\"faq-question-69a1827a1a337\" class=\"rank-math-list-item\">\n<h3 class=\"rank-math-question\">Porque \u00e9 que a distin\u00ad\u00e7\u00e3o entre estra\u00adte\u00adgas e invest\u00adi\u00addo\u00adres finance\u00adi\u00adros \u00e9 t\u00e3o importante?<\/h3>\n<div class=\"rank-math-answer\">\n\n<p><strong>1. diferen\u00adtes per\u00edo\u00addos de deten\u00ad\u00e7\u00e3o<\/strong>: Strate\u00adgen halten ihr Invest\u00adment nat\u00fcr\u00adlich viel l\u00e4nger als Finan\u00adzi\u00adel\u00adle Inves\u00adto\u00adren. Schlie\u00df\u00adlich brauchen neue M\u00e4rkte und Unter\u00adneh\u00admens\u00adstra\u00adte\u00adgien auch mehr Zeit. Finanz\u00adin\u00adves\u00adto\u00adren haben hinge\u00adgen h\u00e4ufig eine Halte\u00addau\u00ader in ihrer Unter\u00adneh\u00admens\u00adstra\u00adte\u00adgie festge\u00adschrie\u00adben. <br><strong>2. Ver\u00e4n\u00adder\u00adter Fokus in der Kaufpreis\u00adver\u00adhand\u00adlung<\/strong>: Alle Inves\u00adto\u00adren wollen nat\u00fcr\u00adlich einen m\u00f6glichst gerin\u00adgen Kaufpreis zahlen. Ein Finanz\u00adin\u00adves\u00adtor legt den Fokus dabei prim\u00e4r auf die Zahlen. Schlie\u00df\u00adlich muss er die Rendi\u00adte optimie\u00adren. Die Zahlen sind nat\u00fcr\u00adlich auch f\u00fcr den strate\u00adgi\u00adschen Inves\u00adtor von Bedeu\u00adtung. Sein Fokus liegt aber beim Gesch\u00e4fts\u00admo\u00addell und den Ressour\u00adcen. Schlie\u00df\u00adlich m\u00f6chte er langfris\u00adtig mit dem Unter\u00adneh\u00admen planen. <br><strong>3. o esfor\u00ad\u00e7o da dilig\u00ean\u00adcia devida<\/strong>: Ein strate\u00adgi\u00adscher Inves\u00adtor f\u00fchrt die Due Diligence oftmals selbst durch. Schlie\u00df\u00adlich hat er mit seinen eigenen Unter\u00adneh\u00admen eigene Erfah\u00adrung im Markt gesam\u00admelt. Dagegen beauf\u00adtragt ein Finanz\u00adin\u00adves\u00adtor meist einen exter\u00adnen Berater mit der Due Diligence. Dadurch steigt der Aufwand.<\/p>\n\n<\/div>\n<\/div>\n<\/div>\n<\/div>","protected":false},"excerpt":{"rendered":"<p>Die Entscheidung f\u00fcr einen K\u00e4ufer bei einem Unternehmensverkauf ist wohl mit die Wichtigste. Auch bei mittelst\u00e4ndischen Unternehmen, bei denen ein [&hellip;]<\/p>\n","protected":false},"author":7,"featured_media":956,"comment_status":"open","ping_status":"closed","sticky":false,"template":"","format":"standard","meta":{"wp_typography_post_enhancements_disabled":false,"_kad_blocks_custom_css":"","_kad_blocks_head_custom_js":"","_kad_blocks_body_custom_js":"","_kad_blocks_footer_custom_js":"","site-sidebar-layout":"default","site-content-layout":"default","ast-site-content-layout":"default","site-content-style":"default","site-sidebar-style":"default","ast-global-header-display":"","ast-banner-title-visibility":"","ast-main-header-display":"","ast-hfb-above-header-display":"","ast-hfb-below-header-display":"","ast-hfb-mobile-header-display":"","site-post-title":"","ast-breadcrumbs-content":"","ast-featured-img":"","footer-sml-layout":"","ast-disable-related-posts":"","theme-transparent-header-meta":"default","adv-header-id-meta":"","stick-header-meta":"default","header-above-stick-meta":"","header-main-stick-meta":"","header-below-stick-meta":"","astra-migrate-meta-layouts":"default","ast-page-background-enabled":"default","ast-page-background-meta":{"desktop":{"background-color":"","background-image":"","background-repeat":"repeat","background-position":"center center","background-size":"auto","background-attachment":"scroll","background-type":"","background-media":"","overlay-type":"","overlay-color":"","overlay-opacity":"","overlay-gradient":""},"tablet":{"background-color":"","background-image":"","background-repeat":"repeat","background-position":"center center","background-size":"auto","background-attachment":"scroll","background-type":"","background-media":"","overlay-type":"","overlay-color":"","overlay-opacity":"","overlay-gradient":""},"mobile":{"background-color":"","background-image":"","background-repeat":"repeat","background-position":"center center","background-size":"auto","background-attachment":"scroll","background-type":"","background-media":"","overlay-type":"","overlay-color":"","overlay-opacity":"","overlay-gradient":""}},"ast-content-background-meta":{"desktop":{"background-color":"var(--ast-global-color-5)","background-image":"","background-repeat":"repeat","background-position":"center center","background-size":"auto","background-attachment":"scroll","background-type":"","background-media":"","overlay-type":"","overlay-color":"","overlay-opacity":"","overlay-gradient":""},"tablet":{"background-color":"var(--ast-global-color-5)","background-image":"","background-repeat":"repeat","background-position":"center center","background-size":"auto","background-attachment":"scroll","background-type":"","background-media":"","overlay-type":"","overlay-color":"","overlay-opacity":"","overlay-gradient":""},"mobile":{"background-color":"var(--ast-global-color-5)","background-image":"","background-repeat":"repeat","background-position":"center center","background-size":"auto","background-attachment":"scroll","background-type":"","background-media":"","overlay-type":"","overlay-color":"","overlay-opacity":"","overlay-gradient":""}},"iawp_total_views":13,"footnotes":""},"categories":[1],"tags":[3661,195,197,218,251,198,205,240],"class_list":["post-903","post","type-post","status-publish","format-standard","has-post-thumbnail","hentry","category-unternehmensnachfolge-2","tag-cta-ratgeber-allgemein","tag-familienunternehmen","tag-generationswechsel","tag-innerfamiliaerer-generationswechsel","tag-unternehmenskauf","tag-unternehmensnachfolge","tag-unternehmensverkauf","tag-unternehmermangel"],"taxonomy_info":{"category":[{"value":1,"label":"Unternehmensnachfolge"}],"post_tag":[{"value":3661,"label":"CTA: Ratgeber allgemein"},{"value":195,"label":"Familienunternehmen"},{"value":197,"label":"Generationswechsel"},{"value":218,"label":"innerfamili\u00e4rer Generationswechsel"},{"value":251,"label":"Unternehmenskauf"},{"value":198,"label":"Unternehmensnachfolge"},{"value":205,"label":"Unternehmensverkauf"},{"value":240,"label":"Unternehmermangel"}]},"featured_image_src_large":["https:\/\/www.kern-unternehmensnachfolge.com\/wp-content\/uploads\/2018\/06\/coins-948603_1280-3-1024x682.jpg",1024,682,true],"author_info":{"display_name":"Redaktion","author_link":"https:\/\/www.kern-unternehmensnachfolge.com\/pt\/author\/redaktion\/"},"comment_info":0,"category_info":[{"term_id":1,"name":"Unternehmensnachfolge","slug":"unternehmensnachfolge-2","term_group":0,"term_taxonomy_id":1,"taxonomy":"category","description":"","parent":0,"count":280,"filter":"raw","cat_ID":1,"category_count":280,"category_description":"","cat_name":"Unternehmensnachfolge","category_nicename":"unternehmensnachfolge-2","category_parent":0}],"tag_info":[{"term_id":3661,"name":"CTA: Ratgeber allgemein","slug":"cta-ratgeber-allgemein","term_group":0,"term_taxonomy_id":3661,"taxonomy":"post_tag","description":"","parent":0,"count":148,"filter":"raw"},{"term_id":195,"name":"Familienunternehmen","slug":"familienunternehmen","term_group":0,"term_taxonomy_id":195,"taxonomy":"post_tag","description":"","parent":0,"count":103,"filter":"raw"},{"term_id":197,"name":"Generationswechsel","slug":"generationswechsel","term_group":0,"term_taxonomy_id":197,"taxonomy":"post_tag","description":"","parent":0,"count":128,"filter":"raw"},{"term_id":218,"name":"innerfamili\u00e4rer Generationswechsel","slug":"innerfamiliaerer-generationswechsel","term_group":0,"term_taxonomy_id":218,"taxonomy":"post_tag","description":"","parent":0,"count":48,"filter":"raw"},{"term_id":251,"name":"Unternehmenskauf","slug":"unternehmenskauf","term_group":0,"term_taxonomy_id":251,"taxonomy":"post_tag","description":"","parent":0,"count":56,"filter":"raw"},{"term_id":198,"name":"Unternehmensnachfolge","slug":"unternehmensnachfolge","term_group":0,"term_taxonomy_id":198,"taxonomy":"post_tag","description":"","parent":0,"count":189,"filter":"raw"},{"term_id":205,"name":"Unternehmensverkauf","slug":"unternehmensverkauf","term_group":0,"term_taxonomy_id":205,"taxonomy":"post_tag","description":"","parent":0,"count":132,"filter":"raw"},{"term_id":240,"name":"Unternehmermangel","slug":"unternehmermangel","term_group":0,"term_taxonomy_id":240,"taxonomy":"post_tag","description":"","parent":0,"count":35,"filter":"raw"}],"_links":{"self":[{"href":"https:\/\/www.kern-unternehmensnachfolge.com\/pt\/wp-json\/wp\/v2\/posts\/903","targetHints":{"allow":["GET"]}}],"collection":[{"href":"https:\/\/www.kern-unternehmensnachfolge.com\/pt\/wp-json\/wp\/v2\/posts"}],"about":[{"href":"https:\/\/www.kern-unternehmensnachfolge.com\/pt\/wp-json\/wp\/v2\/types\/post"}],"author":[{"embeddable":true,"href":"https:\/\/www.kern-unternehmensnachfolge.com\/pt\/wp-json\/wp\/v2\/users\/7"}],"replies":[{"embeddable":true,"href":"https:\/\/www.kern-unternehmensnachfolge.com\/pt\/wp-json\/wp\/v2\/comments?post=903"}],"version-history":[{"count":0,"href":"https:\/\/www.kern-unternehmensnachfolge.com\/pt\/wp-json\/wp\/v2\/posts\/903\/revisions"}],"wp:featuredmedia":[{"embeddable":true,"href":"https:\/\/www.kern-unternehmensnachfolge.com\/pt\/wp-json\/wp\/v2\/media\/956"}],"wp:attachment":[{"href":"https:\/\/www.kern-unternehmensnachfolge.com\/pt\/wp-json\/wp\/v2\/media?parent=903"}],"wp:term":[{"taxonomy":"category","embeddable":true,"href":"https:\/\/www.kern-unternehmensnachfolge.com\/pt\/wp-json\/wp\/v2\/categories?post=903"},{"taxonomy":"post_tag","embeddable":true,"href":"https:\/\/www.kern-unternehmensnachfolge.com\/pt\/wp-json\/wp\/v2\/tags?post=903"}],"curies":[{"name":"wp","href":"https:\/\/api.w.org\/{rel}","templated":true}]}}