{"id":746,"date":"2015-11-16T00:00:00","date_gmt":"2015-11-15T23:00:00","guid":{"rendered":"https:\/\/great-kare.185-125-174-66.plesk.page\/2700-firmen-suchen-eine-unternehmensnachfolge-in-sachsen-anhalt-2\/"},"modified":"2022-03-10T10:26:22","modified_gmt":"2022-03-10T09:26:22","slug":"2700-empresas-que-procuram-uma-sucessao-empresarial-na-saxonia-anhalt-2","status":"publish","type":"post","link":"https:\/\/www.kern-unternehmensnachfolge.com\/pt\/2700-firmen-suchen-eine-unternehmensnachfolge-in-sachsen-anhalt-2\/","title":{"rendered":"2.700 empre\u00adsas de m\u00e9dia dimens\u00e3o procu\u00adram um suces\u00adsor empre\u00adsa\u00adri\u00adal na Sax\u00f3nia-Anhalt"},"content":{"rendered":"<p><em>Der Fachkr\u00e4f\u00adte\u00adman\u00adgel ist auch in Sachsen-Anhalt in der Chefeta\u00adge angekom\u00admen: Das Insti\u00adtut f\u00fcr Mittel\u00adstands\u00adfor\u00adschung (IfM) prognos\u00adti\u00adziert, dass &nbsp;rund 2.700 Unter\u00adneh\u00admen in den n\u00e4chs\u00adten drei Jahren eine L\u00f6sung f\u00fcr die Unternehmens\u00adnachfolge in Sachsen-Anhalt suchen. Aktuell entfal\u00adlen in dem Bundes\u00adland nur ein Viertel aller Neugr\u00fcn\u00addun\u00adgen auf Unter\u00adneh\u00admens\u00ad\u00fcber\u00adnah\u00admen. Dabei w\u00e4chst die Zahl der zur Unternehmens\u00adnachfolge in Sachsen-Anhalt anste\u00adhen\u00adden Betrie\u00adbe nicht nur hier sondern in ganz Deutschland.<\/em><\/p>\n<p>Zur Unter\u00adst\u00fct\u00adzung dieses Prozes\u00adses hat Radio Brocken die Image\u00adkam\u00adpa\u00adgne \u201e<a href=\"http:\/\/www.pressebox.de\/pressemitteilung\/industrie-und-handelskammer-magdeburg\/Imagekampagne-Karriere-im-eigenen-Land-gestartet\/boxid\/764814\" target=\"_blank\" rel=\"noopener\">Carrei\u00adra no seu pr\u00f3prio pa\u00eds<\/a>\u201c entwi\u00adckelt. Um das Fortbe\u00adstehen der Betrie\u00adbe aus dem Handwerk und Dienst\u00adleis\u00adtungs\u00adsek\u00adtor zu gew\u00e4hr\u00adleis\u00adten, entstand die Image\u00adkam\u00adpa\u00adgne&nbsp;als Projekt des Karrie\u00adrenetz\u00adwerks Sachsen-Anhalts.<\/p>\n<h2>Desta\u00adcar as oportu\u00adni\u00add\u00ada\u00addes de suces\u00ads\u00e3o empre\u00adsa\u00adri\u00adal na Sax\u00f3nia-Anhalt<\/h2>\n<p>Ziel der Kampa\u00adgne ist es, am Beispiel erfolg\u00adrei\u00adcher Betriebs\u00ad\u00fcber\u00adnah\u00admen die Chancen der Selbst\u00e4n\u00addig\u00adkeit durch eine Unternehmens\u00adnachfolge in Sachsen-Anhalt aufzu\u00adzei\u00adgen. Mit der Image\u00adkam\u00adpa\u00adgne sollen die vielf\u00e4l\u00adti\u00adgen M\u00f6glich\u00adkei\u00adten der Unternehmens\u00adnachfolge in Sachsen-Anhalt f\u00fcr den Aufbau einer eigenen wirtschaft\u00adli\u00adchen Existenz darge\u00adstellt werden.<\/p>\n<p>Eine gut organi\u00adsier\u00adte Unternehmens\u00adnachfolge kann das Risiko einer Existenz\u00adgr\u00fcn\u00addung signi\u00adfi\u00adkant reduzie\u00adren, da ein Nachfol\u00adger hier oft auf bew\u00e4hr\u00adte Gesch\u00e4fts\u00admo\u00addel\u00adle und etablier\u00adte Kunden\u00adbe\u00adzie\u00adhun\u00adgen trifft. Damit reduziert er sein Markt\u00adri\u00adsi\u00adko oft signifikant.<\/p>\n<p>Do ponto de vista do consul\u00adtor especia\u00adliz\u00adado em suces\u00ads\u00f5es de empre\u00adsas <a href=\"https:\/\/www.kern-unternehmensnachfolge.com\/pt\/parceiro-2-2\/hannover-bergmann\/\">Axel Bergmann<\/a> ist eine gute Vorbe\u00adrei\u00adtung der Unternehmens\u00adnachfolge wesent\u00adlich f\u00fcr den Erfolg des Genera\u00adti\u00adons\u00adwech\u00adsels: \u201eEin Senior\u00adun\u00adter\u00adneh\u00admer &nbsp;muss &nbsp;einen Generations\u00adwechsel sehr gut vorbe\u00adrei\u00adten. Dazu geh\u00f6rt unter anderem eine aussa\u00adge\u00adkr\u00e4f\u00adti\u00adges Expos\u00e9, das die Fragen poten\u00adti\u00adel\u00adler \u00dcberneh\u00admer zum Unter\u00adneh\u00admen und Markum\u00adfeld bereits im Vorfeld beant\u00adwor\u00adtet.\u201c Dar\u00fcber hinaus weist er auf die emotio\u00adna\u00adlen Aspek\u00adte hin, die fast jede Unternehmens\u00adnachfolge im Mittel\u00adstand beglei\u00adten: \u201eUnternehmens\u00adnachfolge ist eine Lebens\u00adent\u00adschei\u00addung. Sowohl f\u00fcr Unter\u00adneh\u00admens\u00adnach\u00adfol\u00adger als auch f\u00fcr Unter\u00adneh\u00admer, die zur Nachfol\u00adge bereit sind.<\/p>\n<h4>Sugest\u00f5es para uma leitu\u00adra mais aprofundada:<\/h4>\n<p><a href=\"https:\/\/www.kern-unternehmensnachfolge.com\/pt\/as-familias-alemas-empreendedoras-tem-uma-media-de-53-anos-de-idade-2\/\">Os empres\u00e1\u00adri\u00ados familia\u00adres alem\u00e3es t\u00eam, em m\u00e9dia, 53 anos de&nbsp;idade<\/a><\/p>\n<p><a href=\"https:\/\/www.kern-unternehmensnachfolge.com\/pt\/os-timidos-dos-jovens-antes-do-negocio-familiar-2\/\">Comen\u00adt\u00e1\u00adrio: A timidez dos jovens em rela\u00e7\u00e3o \u00e0 empre\u00adsa familiar<\/a><\/p>\n<p><a href=\"https:\/\/www.kern-unternehmensnachfolge.com\/pt\/questoes-importantes-sobre-a-sucessao-de-uma-empresa-clear-2\/\">Escla\u00adre\u00adcer anteci\u00adpa\u00adda\u00admen\u00adte quest\u00f5es importan\u00adtes sobre a suces\u00ads\u00e3o empresarial<\/a><\/p>\n<p><a href=\"https:\/\/www.kern-unternehmensnachfolge.com\/wp-content\/uploads\/2018\/12\/K.E.R.N-Checkliste-Unternehmensnachfolge-126-Fragen.pdf\">Abruf f\u00fcr die kosten\u00adlo\u00adse Check\u00adlis\u00adte mit den 126 wichtigs\u00adten Fragen einer Unternehmensnachfolge<\/a><\/p>\n<p><a href=\"https:\/\/www.kern-unternehmensnachfolge.com\/pt\/como-encontrar-consultores-serios-para-vendas-empresariais\/\">Como encon\u00adtrar consul\u00adto\u00adres reputa\u00addos para a venda de empresas?<\/a><\/p>\n<p><a href=\"https:\/\/www.kern-unternehmensnachfolge.com\/pt\/empresa-sucessao-thueringen-mudanca-sucedida-de-pessoal-na-saalfelder-epsa-2\/\">Suces\u00ads\u00e3o de empre\u00adsas na Saalfel\u00adder EPSa com sucesso<\/a><\/p>","protected":false},"excerpt":{"rendered":"<p>Der Fachkr\u00e4ftemangel ist auch in Sachsen-Anhalt in der Chefetage angekommen: Das Institut f\u00fcr Mittelstandsforschung (IfM) prognostiziert, dass \u00a0rund 2.700 Unternehmen [&hellip;]<\/p>\n","protected":false},"author":7,"featured_media":747,"comment_status":"open","ping_status":"closed","sticky":false,"template":"","format":"standard","meta":{"wp_typography_post_enhancements_disabled":false,"_kad_blocks_custom_css":"","_kad_blocks_head_custom_js":"","_kad_blocks_body_custom_js":"","_kad_blocks_footer_custom_js":"","site-sidebar-layout":"default","site-content-layout":"default","ast-site-content-layout":"default","site-content-style":"default","site-sidebar-style":"default","ast-global-header-display":"","ast-banner-title-visibility":"","ast-main-header-display":"","ast-hfb-above-header-display":"","ast-hfb-below-header-display":"","ast-hfb-mobile-header-display":"","site-post-title":"","ast-breadcrumbs-content":"","ast-featured-img":"","footer-sml-layout":"","ast-disable-related-posts":"","theme-transparent-header-meta":"default","adv-header-id-meta":"","stick-header-meta":"default","header-above-stick-meta":"","header-main-stick-meta":"","header-below-stick-meta":"","astra-migrate-meta-layouts":"default","ast-page-background-enabled":"default","ast-page-background-meta":{"desktop":{"background-color":"","background-image":"","background-repeat":"repeat","background-position":"center center","background-size":"auto","background-attachment":"scroll","background-type":"","background-media":"","overlay-type":"","overlay-color":"","overlay-opacity":"","overlay-gradient":""},"tablet":{"background-color":"","background-image":"","background-repeat":"repeat","background-position":"center center","background-size":"auto","background-attachment":"scroll","background-type":"","background-media":"","overlay-type":"","overlay-color":"","overlay-opacity":"","overlay-gradient":""},"mobile":{"background-color":"","background-image":"","background-repeat":"repeat","background-position":"center center","background-size":"auto","background-attachment":"scroll","background-type":"","background-media":"","overlay-type":"","overlay-color":"","overlay-opacity":"","overlay-gradient":""}},"ast-content-background-meta":{"desktop":{"background-color":"var(--ast-global-color-5)","background-image":"","background-repeat":"repeat","background-position":"center center","background-size":"auto","background-attachment":"scroll","background-type":"","background-media":"","overlay-type":"","overlay-color":"","overlay-opacity":"","overlay-gradient":""},"tablet":{"background-color":"var(--ast-global-color-5)","background-image":"","background-repeat":"repeat","background-position":"center center","background-size":"auto","background-attachment":"scroll","background-type":"","background-media":"","overlay-type":"","overlay-color":"","overlay-opacity":"","overlay-gradient":""},"mobile":{"background-color":"var(--ast-global-color-5)","background-image":"","background-repeat":"repeat","background-position":"center center","background-size":"auto","background-attachment":"scroll","background-type":"","background-media":"","overlay-type":"","overlay-color":"","overlay-opacity":"","overlay-gradient":""}},"iawp_total_views":19,"footnotes":""},"categories":[1],"tags":[3661,206,195,197,217,218,202,251,198,333,205,240],"class_list":["post-746","post","type-post","status-publish","format-standard","has-post-thumbnail","hentry","category-unternehmensnachfolge-2","tag-cta-ratgeber-allgemein","tag-familienbetrieb","tag-familienunternehmen","tag-generationswechsel","tag-generationswechsel-in-der-familie","tag-innerfamiliaerer-generationswechsel","tag-mittelstand","tag-unternehmenskauf","tag-unternehmensnachfolge","tag-unternehmenssuche","tag-unternehmensverkauf","tag-unternehmermangel"],"taxonomy_info":{"category":[{"value":1,"label":"Unternehmensnachfolge"}],"post_tag":[{"value":3661,"label":"CTA: Ratgeber allgemein"},{"value":206,"label":"Familienbetrieb"},{"value":195,"label":"Familienunternehmen"},{"value":197,"label":"Generationswechsel"},{"value":217,"label":"Generationswechsel in der Familie"},{"value":218,"label":"innerfamili\u00e4rer Generationswechsel"},{"value":202,"label":"Mittelstand"},{"value":251,"label":"Unternehmenskauf"},{"value":198,"label":"Unternehmensnachfolge"},{"value":333,"label":"Unternehmenssuche"},{"value":205,"label":"Unternehmensverkauf"},{"value":240,"label":"Unternehmermangel"}]},"featured_image_src_large":["https:\/\/www.kern-unternehmensnachfolge.com\/wp-content\/uploads\/2018\/06\/KIEL_Logo-1.png",400,188,false],"author_info":{"display_name":"Redaktion","author_link":"https:\/\/www.kern-unternehmensnachfolge.com\/pt\/author\/redaktion\/"},"comment_info":0,"category_info":[{"term_id":1,"name":"Unternehmensnachfolge","slug":"unternehmensnachfolge-2","term_group":0,"term_taxonomy_id":1,"taxonomy":"category","description":"","parent":0,"count":280,"filter":"raw","cat_ID":1,"category_count":280,"category_description":"","cat_name":"Unternehmensnachfolge","category_nicename":"unternehmensnachfolge-2","category_parent":0}],"tag_info":[{"term_id":3661,"name":"CTA: Ratgeber allgemein","slug":"cta-ratgeber-allgemein","term_group":0,"term_taxonomy_id":3661,"taxonomy":"post_tag","description":"","parent":0,"count":148,"filter":"raw"},{"term_id":206,"name":"Familienbetrieb","slug":"familienbetrieb","term_group":0,"term_taxonomy_id":206,"taxonomy":"post_tag","description":"","parent":0,"count":67,"filter":"raw"},{"term_id":195,"name":"Familienunternehmen","slug":"familienunternehmen","term_group":0,"term_taxonomy_id":195,"taxonomy":"post_tag","description":"","parent":0,"count":103,"filter":"raw"},{"term_id":197,"name":"Generationswechsel","slug":"generationswechsel","term_group":0,"term_taxonomy_id":197,"taxonomy":"post_tag","description":"","parent":0,"count":128,"filter":"raw"},{"term_id":217,"name":"Generationswechsel in der Familie","slug":"generationswechsel-in-der-familie","term_group":0,"term_taxonomy_id":217,"taxonomy":"post_tag","description":"","parent":0,"count":55,"filter":"raw"},{"term_id":218,"name":"innerfamili\u00e4rer Generationswechsel","slug":"innerfamiliaerer-generationswechsel","term_group":0,"term_taxonomy_id":218,"taxonomy":"post_tag","description":"","parent":0,"count":48,"filter":"raw"},{"term_id":202,"name":"Mittelstand","slug":"mittelstand","term_group":0,"term_taxonomy_id":202,"taxonomy":"post_tag","description":"","parent":0,"count":71,"filter":"raw"},{"term_id":251,"name":"Unternehmenskauf","slug":"unternehmenskauf","term_group":0,"term_taxonomy_id":251,"taxonomy":"post_tag","description":"","parent":0,"count":56,"filter":"raw"},{"term_id":198,"name":"Unternehmensnachfolge","slug":"unternehmensnachfolge","term_group":0,"term_taxonomy_id":198,"taxonomy":"post_tag","description":"","parent":0,"count":189,"filter":"raw"},{"term_id":333,"name":"Unternehmenssuche","slug":"unternehmenssuche","term_group":0,"term_taxonomy_id":333,"taxonomy":"post_tag","description":"","parent":0,"count":6,"filter":"raw"},{"term_id":205,"name":"Unternehmensverkauf","slug":"unternehmensverkauf","term_group":0,"term_taxonomy_id":205,"taxonomy":"post_tag","description":"","parent":0,"count":132,"filter":"raw"},{"term_id":240,"name":"Unternehmermangel","slug":"unternehmermangel","term_group":0,"term_taxonomy_id":240,"taxonomy":"post_tag","description":"","parent":0,"count":35,"filter":"raw"}],"_links":{"self":[{"href":"https:\/\/www.kern-unternehmensnachfolge.com\/pt\/wp-json\/wp\/v2\/posts\/746","targetHints":{"allow":["GET"]}}],"collection":[{"href":"https:\/\/www.kern-unternehmensnachfolge.com\/pt\/wp-json\/wp\/v2\/posts"}],"about":[{"href":"https:\/\/www.kern-unternehmensnachfolge.com\/pt\/wp-json\/wp\/v2\/types\/post"}],"author":[{"embeddable":true,"href":"https:\/\/www.kern-unternehmensnachfolge.com\/pt\/wp-json\/wp\/v2\/users\/7"}],"replies":[{"embeddable":true,"href":"https:\/\/www.kern-unternehmensnachfolge.com\/pt\/wp-json\/wp\/v2\/comments?post=746"}],"version-history":[{"count":0,"href":"https:\/\/www.kern-unternehmensnachfolge.com\/pt\/wp-json\/wp\/v2\/posts\/746\/revisions"}],"wp:featuredmedia":[{"embeddable":true,"href":"https:\/\/www.kern-unternehmensnachfolge.com\/pt\/wp-json\/wp\/v2\/media\/747"}],"wp:attachment":[{"href":"https:\/\/www.kern-unternehmensnachfolge.com\/pt\/wp-json\/wp\/v2\/media?parent=746"}],"wp:term":[{"taxonomy":"category","embeddable":true,"href":"https:\/\/www.kern-unternehmensnachfolge.com\/pt\/wp-json\/wp\/v2\/categories?post=746"},{"taxonomy":"post_tag","embeddable":true,"href":"https:\/\/www.kern-unternehmensnachfolge.com\/pt\/wp-json\/wp\/v2\/tags?post=746"}],"curies":[{"name":"wp","href":"https:\/\/api.w.org\/{rel}","templated":true}]}}