{"id":32990,"date":"2025-03-17T14:36:02","date_gmt":"2025-03-17T13:36:02","guid":{"rendered":"https:\/\/www.kern-unternehmensnachfolge.com\/?p=32990"},"modified":"2026-02-27T12:40:00","modified_gmt":"2026-02-27T11:40:00","slug":"impostos-sobre-a-venda-de-empresas-2","status":"publish","type":"post","link":"https:\/\/www.kern-unternehmensnachfolge.com\/pt\/geschaftsaufgabe-aus-altersgrunden\/","title":{"rendered":"Encer\u00adra\u00admen\u00adto de uma empre\u00adsa por raz\u00f5es de idade: Um&nbsp;guia"},"content":{"rendered":"<p class=\"has-ast-global-color-3-color has-text-color\">F\u00fcr viele Unternehmer:innen geh\u00f6rt die <strong>Gesch\u00e4fts\u00adauf\u00adga\u00adbe<\/strong> aus Alter\u00adgr\u00fcn\u00adden zu den heraus\u00adfor\u00addernds\u00adten Phasen ihres Berufs\u00adle\u00adbens. Nach jahre\u00adlan\u00adgem Engage\u00adment stellt sich irgend\u00adwann die Frage, wie es mit dem Unter\u00adneh\u00admen weiter\u00adge\u00adhen soll, wenn die eigene Schaf\u00adfens\u00adkraft nachl\u00e4sst.&nbsp;<\/p>\n\n\n\n<p class=\"has-ast-global-color-3-color has-text-color\">Eine Betriebs\u00adschlie\u00ad\u00dfung erfor\u00addert sorgf\u00e4l\u00adti\u00adge Planung und Vorbe\u00adrei\u00adtung \u2013 sowohl in recht\u00adli\u00adcher und finan\u00adzi\u00adel\u00adler als auch emotio\u00adna\u00adler Hinsicht. Dieser Leitfa\u00adden bietet Ihnen eine struk\u00adtu\u00adrier\u00adte \u00dcbersicht \u00fcber alle relevan\u00adten Aspekte.<\/p>\n\n\n\n<div class=\"wp-block-columns is-layout-flex wp-container-core-columns-is-layout-28f84493 wp-block-columns-is-layout-flex\">\n<div class=\"wp-block-column is-layout-flow wp-block-column-is-layout-flow\"><\/div>\n\n\n\n<div class=\"wp-block-column is-layout-flow wp-block-column-is-layout-flow\"><\/div>\n<\/div>\n\n\n\n<div class=\"wp-block-rank-math-toc-block\"><h2>\u00cdndice<\/h2><nav><ul><li><a href=\"#h-was-bedeutet-geschaftsaufgabe\">Was bedeu\u00adtet Gesch\u00e4ftsaufgabe?<\/a><\/li><li><a href=\"#h-haufige-grunde-fur-betriebsaufgabe\">H\u00e4ufi\u00adge Gr\u00fcnde f\u00fcr Betriebsaufgabe<\/a><\/li><li><a href=\"#h-vorteile-einer-schliessung\">Vortei\u00adle einer Schlie\u00dfung<\/a><\/li><li><a href=\"#h-ist-der-verkauf-eine-alternative-zur-geschaftsaufgabe-aus-altersgrunden\">Ist der Verkauf eine Alter\u00adna\u00adti\u00adve zur Gesch\u00e4fts\u00adauf\u00adga\u00adbe aus Altersgr\u00fcnden?<\/a><\/li><li><a href=\"#h-finanzielle-uberlegungen\">Finan\u00adzi\u00adel\u00adle \u00dcberlegungen<\/a><\/li><li><a href=\"#h-faq-haufig-gestellte-fragen\"><span class=\"caps\">FAQ<\/span> \u2013 H\u00e4ufig gestell\u00adte Fragen<\/a><\/li><\/ul><\/nav><\/div>\n\n\n\n<div style=\"height:24px\" aria-hidden=\"true\" class=\"wp-block-spacer\"><\/div>\n\n\n\n<h2 class=\"wp-block-heading\" id=\"h-was-bedeutet-geschaftsaufgabe\"><strong>Was bedeu\u00adtet Gesch\u00e4ftsaufgabe?<\/strong><\/h2>\n\n\n\n<p>A <strong>Gesch\u00e4fts\u00adauf\u00adga\u00adbe<\/strong> bezeich\u00adnet die vollst\u00e4n\u00addi\u00adge Einstel\u00adlung der unter\u00adneh\u00adme\u00adri\u00adschen T\u00e4tig\u00adkeit mit Liqui\u00adda\u00adti\u00adon aller Verm\u00f6\u00adgens\u00adwer\u00adte. Anders als bei einem Firmen\u00adver\u00adkauf oder einer Unternehmens\u00adnachfolge wird der Betrieb nicht fortge\u00adf\u00fchrt, sondern komplett aufgel\u00f6st.<br><\/p>\n\n\n\n<h2 class=\"wp-block-heading\" id=\"h-haufige-grunde-fur-betriebsaufgabe\"><strong><strong>H\u00e4ufi\u00adge Gr\u00fcnde f\u00fcr Betriebsaufgabe<\/strong><\/strong><\/h2>\n\n\n\n<ul class=\"wp-block-list\">\n<li>Falta de um suces\u00adsor na fam\u00edlia ou entre os empregados<\/li>\n\n\n\n<li>Ver\u00e4n\u00adder\u00adte Markt\u00adbe\u00addin\u00adgun\u00adgen, die das Gesch\u00e4fts\u00admo\u00addell in Frage stellen<\/li>\n\n\n\n<li>Gesund\u00adheit\u00adli\u00adche Einschr\u00e4n\u00adkun\u00adgen des Unternehmers<\/li>\n\n\n\n<li>Desejo de uma refor\u00adma sem encargos<\/li>\n\n\n\n<li>Wirtschaft\u00adli\u00adche Fakto\u00adren wie sinken\u00adde Rentabilit\u00e4t<\/li>\n\n\n\n<li>insol\u00adv\u00ean\u00adcia iminente<\/li>\n<\/ul>\n\n\n\n<div style=\"height:40px\" aria-hidden=\"true\" class=\"wp-block-spacer\"><\/div>\n\n\n\n<h2 class=\"wp-block-heading\" id=\"h-vorteile-einer-schliessung\"><strong>Vortei\u00adle einer Schlie\u00dfung<\/strong><\/h2>\n\n\n\n<p class=\"has-ast-global-color-3-color has-text-color\" id=\"Rechnung\">Als Unternehmer:in schlie\u00ad\u00dfen Sie ein Kapitel vollst\u00e4n\u00addig ab und m\u00fcssen sich nicht mit den Heraus\u00adfor\u00adde\u00adrun\u00adgen einer \u00dcberga\u00adbe ausein\u00adan\u00adder\u00adset\u00adzen. Zudem k\u00f6nnen bei einer ordnungs\u00adge\u00adm\u00e4\u00ad\u00dfen Abwick\u00adlung alle Verbind\u00adlich\u00adkei\u00adten begli\u00adchen und Verm\u00f6\u00adgens\u00adwer\u00adte bestm\u00f6g\u00adlich verwer\u00adtet werden.<\/p>\n\n\n\n<h2 class=\"wp-block-heading\" id=\"h-ist-der-verkauf-eine-alternative-zur-geschaftsaufgabe-aus-altersgrunden\"><strong>Ist der Verkauf eine Alter\u00adna\u00adti\u00adve zur Gesch\u00e4fts\u00adauf\u00adga\u00adbe aus Altersgr\u00fcnden?<\/strong><\/h2>\n\n\n\n<p>Ao contr\u00e1\u00adrio do encer\u00adra\u00admen\u00adto de uma empre\u00adsa <strong>Firmen\u00adver\u00adkauf aus Alters\u00adgr\u00fcn\u00adden<\/strong> das Unter\u00adneh\u00admen als Einheit bestehen \u2013 nur die Eigen\u00adtums\u00adver\u00adh\u00e4lt\u00adnis\u00adse \u00e4ndern sich. Der wesent\u00adli\u00adche Unter\u00adschied: Gesch\u00e4fts\u00adbe\u00adzie\u00adhun\u00adgen, Arbeits\u00adpl\u00e4t\u00adze und betrieb\u00adli\u00adche Struk\u00adtu\u00adren k\u00f6nnen erhal\u00adten bleiben.<\/p>\n\n\n\n<h3 class=\"wp-block-heading\" id=\"h-geschaftsaufgabe-vs-unternehmensverkauf-im-vergleich\"><strong>Gesch\u00e4fts\u00adauf\u00adga\u00adbe vs. Unter\u00adnehmens\u00adverkauf im Vergleich<\/strong><\/h3>\n\n\n\n<figure class=\"wp-block-table\"><table class=\"has-fixed-layout\"><thead><tr><th>Catego\u00adria<\/th><th>Gesch\u00e4fts\u00adauf\u00adga\u00adbe aus Alters\u00adgr\u00fcn\u00adden<\/th><th>Venda da empresa<\/th><\/tr><\/thead><tbody><tr><td><strong>Conti\u00adnu\u00ada\u00ad\u00e7\u00e3o da exist\u00ean\u00adcia da empresa<\/strong><\/td><td>\u274c Wird beendet<\/td><td>\u2705 Bleibt bestehen<\/td><\/tr><tr><td><strong>Aspec\u00adtos financeiros<\/strong><\/td><td>Erl\u00f6s aus Verm\u00f6\u00adgens\u00adwer\u00adten, keine Verg\u00fc\u00adtung des Goodwills<\/td><td>Poten\u00adzi\u00adell h\u00f6herer Erl\u00f6s inkl. Firmenwert\/Goodwill<\/td><\/tr><tr><td><strong>Tempo neces\u00ads\u00e1\u00adrio<\/strong><\/td><td>\u23f3 Mittel (3-12 Monate)<\/td><td>\u231b Hoch (6-24 Monate)<\/td><\/tr><tr><td><strong>Komple\u00adxi\u00adt\u00e4t<\/strong><\/td><td>\u2699\ufe0f Mittel<\/td><td>\u2699\ufe0f\u2699\ufe0f Hoch<\/td><\/tr><tr><td><strong>Empre\u00adga\u00addos<\/strong><\/td><td>K\u00fcndi\u00adgung aller Arbeitsverh\u00e4ltnisse<\/td><td>M\u00f6gli\u00adche \u00dcbernah\u00adme durch neuen Eigent\u00fcmer<\/td><\/tr><tr><td><strong>Base de clientes<\/strong><\/td><td>Perde-se<\/td><td>Pode ser conser\u00adva\u00addo e tamb\u00e9m \u00e9 vendido<\/td><\/tr><tr><td><strong>Aspec\u00adtos jur\u00eddicos<\/strong><\/td><td>Abwick\u00adlung aller Vertr\u00e4\u00adge, Abmeldungen<\/td><td>\u00dcbertra\u00adgung von Vertr\u00e4\u00adgen, Rechten und Pflichten<\/td><\/tr><tr><td><strong>Conse\u00adqu\u00ean\u00adci\u00adas fiscais<\/strong><\/td><td>Aufga\u00adbe\u00adge\u00adwinn, evtl. Steuer\u00advor\u00adtei\u00adle (\u00a716, <a href=\"https:\/\/dejure.org\/gesetze\/EStG\/34.html\" target=\"_blank\" rel=\"noopener\">\u00a734 EStG<\/a>)<\/td><td>Ver\u00e4u\u00ad\u00dfe\u00adrungs\u00adge\u00adwinn, andere steuer\u00adli\u00adche Regelungen<\/td><\/tr><tr><td><strong>Stress emocio\u00adnal<\/strong><\/td><td>Corte claro, dor de despedida<\/td><td>\u00dcberga\u00adbe\u00adpro\u00adzess. Ihr Lebens\u00adwerk wird fortgef\u00fchrt.&nbsp;<\/td><\/tr><\/tbody><\/table><\/figure>\n\n\n\n<hr class=\"wp-block-separator has-alpha-channel-opacity\">\n\n\n\n<h3 class=\"wp-block-heading\"><strong>Aspec\u00adtos finance\u00adi\u00adros da&nbsp;venda<\/strong><\/h3>\n\n\n\n<p>Uma venda oferece poten\u00adcial\u00admen\u00adte <strong>h\u00f6here finan\u00adzi\u00adel\u00adle Ertr\u00e4\u00adge<\/strong>, da nicht nur die Substanz, sondern auch der immate\u00adri\u00adel\u00adle Wert (Goodwill) verg\u00fc\u00adtet wird. Aller\u00addings ist der Prozess oft komple\u00adxer und zeitauf\u00adw\u00e4n\u00addi\u00adger. Eine <strong>GmbH-Aufl\u00f6\u00adsung aus Alters\u00adgr\u00fcn\u00adden<\/strong> gestal\u00adtet sich recht\u00adlich anders als die Aufga\u00adbe eines Einzel\u00adun\u00adter\u00adneh\u00admens und erfor\u00addert spezi\u00adfi\u00adsche Schrit\u00adte gem\u00e4\u00df GmbH-Gesetz.<\/p>\n\n\n\n<h3 class=\"wp-block-heading\"><strong>Quando \u00e9 que uma venda faz sentido?<\/strong><\/h3>\n\n\n\n<p>O <a href=\"https:\/\/www.kern-unternehmensnachfolge.com\/pt\/venda-de-uma-empresa-4\/\">Venda da empre\u00adsa<\/a> \u00e9 parti\u00adcu\u00adlar\u00admen\u00adte \u00fatil se a sua empresa:<\/p>\n\n\n\n<ul class=\"wp-block-list\">\n<li>Estabe\u00adle\u00adci\u00addo no mercado<\/li>\n\n\n\n<li>\u00dcber einen stabi\u00adlen Kunden\u00adstamm verf\u00fcgt<\/li>\n\n\n\n<li>Perspec\u00adti\u00advas positiv\u00adas para o futuro<\/li>\n\n\n\n<li>Uma marca forte ou pontos de venda \u00fanicos<\/li>\n<\/ul>\n\n\n\n<p>In solchen F\u00e4llen kann der Verkaufs\u00adpreis deutlich \u00fcber dem reinen Substanz\u00adwert liegen.<\/p>\n\n\n\n<h2 class=\"wp-block-heading\"><strong>O momen\u00adto certo e os facto\u00adres que influenciam<\/strong><\/h2>\n\n\n\n<p>Deter\u00adminar o momen\u00adto ideal \u00e9 um desafio funda\u00admen\u00adtal. <strong>V\u00e1rios facto\u00adres<\/strong> sollten dabei ber\u00fcck\u00adsich\u00adtigt werden:<\/p>\n\n\n\n<ul class=\"wp-block-list\">\n<li><strong>Pers\u00f6n\u00adli\u00adche Fakto\u00adren<\/strong>: Gesund\u00adheits\u00adzu\u00adstand, Energie\u00adle\u00advel und priva\u00adte&nbsp;Pl\u00e4ne<\/li>\n\n\n\n<li><strong>Seguran\u00ad\u00e7a finance\u00adi\u00adra<\/strong>A sua pens\u00e3o de refor\u00adma j\u00e1 est\u00e1 assegurada?<\/li>\n\n\n\n<li><strong>Situa\u00ad\u00e7\u00e3o opera\u00adcio\u00adnal<\/strong>Evolu\u00ad\u00e7\u00e3o do merca\u00addo, situa\u00ad\u00e7\u00e3o atual das encomen\u00addas ou inves\u00adti\u00adment\u00ados futuros<\/li>\n<\/ul>\n\n\n\n<p>Diese Aspek\u00adte k\u00f6nnen relevan\u00adte <strong>Gr\u00fcnde f\u00fcr eine Betriebs\u00adauf\u00adga\u00adbe<\/strong> sein und den Zeitpunkt ma\u00dfgeb\u00adlich beeinflussen.<\/p>\n\n\n\n<figure class=\"wp-block-embed is-type-video is-provider-vimeo wp-block-embed-vimeo wp-embed-aspect-16-9 wp-has-aspect-ratio\"><div class=\"wp-block-embed__wrapper\">\n<iframe loading=\"lazy\" title=\"DER entscheidende Erfolgsfaktor beim Unternehmensverkauf (M&amp;A)\" src=\"https:\/\/player.vimeo.com\/video\/775901217?dnt=1&amp;app_id=122963\" width=\"500\" height=\"281\" frameborder=\"0\" allow=\"autoplay; fullscreen; picture-in-picture; clipboard-write; encrypted-media; web-share\" referrerpolicy=\"strict-origin-when-cross-origin\"><\/iframe>\n<\/div><\/figure>\n\n\n\n<hr class=\"wp-block-separator has-alpha-channel-opacity\">\n\n\n\n<div style=\"height:40px\" aria-hidden=\"true\" class=\"wp-block-spacer\"><\/div>\n\n\n\n<div class=\"wp-block-columns is-layout-flex wp-container-core-columns-is-layout-28f84493 wp-block-columns-is-layout-flex\">\n<div class=\"wp-block-column is-layout-flow wp-block-column-is-layout-flow\" style=\"flex-basis:33.33%\">\n<h3 class=\"wp-block-heading has-ast-global-color-3-color has-text-color\" id=\"h-planungshorizont-nicht-unterschatzen\"><strong>Planungs\u00adho\u00adri\u00adzont nicht untersch\u00e4tzen<\/strong><\/h3>\n\n\n\n<p class=\"has-ast-global-color-3-color has-text-color\">Wir von <span class=\"caps\">KERN<\/span> Unternehmens\u00adnachfolge empfeh\u00adlen, die Planung mindes\u00adtens drei bis f\u00fcnf Jahre vor der beabsich\u00adtig\u00adten Abschluss zu begin\u00adnen. Dies gibt Ihnen ausrei\u00adchend Zeit, alle notwen\u00addi\u00adgen Ma\u00dfnah\u00admen sorgf\u00e4l\u00adtig umzuset\u00adzen und die bestm\u00f6g\u00adli\u00adchen Entschei\u00addun\u00adgen zu treffen.<\/p>\n<\/div>\n\n\n\n<div class=\"wp-block-column is-layout-flow wp-block-column-is-layout-flow\" style=\"flex-basis:66.66%\">\n<figure class=\"wp-block-image aligncenter size-full has-custom-border\"><img loading=\"lazy\" decoding=\"async\" width=\"1024\" height=\"768\" src=\"https:\/\/www.kern-unternehmensnachfolge.com\/wp-content\/uploads\/2025\/03\/Planung-der-Geschaeftsaufgabe-aus-Altergruenden.png\" alt=\"Cronograma para planear o encerramento de uma empresa devido \u00e0 idade, mostrando o processo de planeamento recomendado ao longo de 1-3 anos.\" class=\"wp-image-32993\" style=\"border-radius:12px\" srcset=\"https:\/\/www.kern-unternehmensnachfolge.com\/wp-content\/uploads\/2025\/03\/Planung-der-Geschaeftsaufgabe-aus-Altergruenden.png 1024w, https:\/\/www.kern-unternehmensnachfolge.com\/wp-content\/uploads\/2025\/03\/Planung-der-Geschaeftsaufgabe-aus-Altergruenden-768x576.png 768w, https:\/\/www.kern-unternehmensnachfolge.com\/wp-content\/uploads\/2025\/03\/Planung-der-Geschaeftsaufgabe-aus-Altergruenden-16x12.png 16w, https:\/\/www.kern-unternehmensnachfolge.com\/wp-content\/uploads\/2025\/03\/Planung-der-Geschaeftsaufgabe-aus-Altergruenden-600x450.png 600w\" sizes=\"auto, (max-width: 1024px) 100vw, 1024px\"><\/figure>\n<\/div>\n<\/div>\n\n\n\n<div style=\"height:40px\" aria-hidden=\"true\" class=\"wp-block-spacer\"><\/div>\n\n\n\n<h2 class=\"wp-block-heading\" id=\"h-finanzielle-uberlegungen\"><strong>Finan\u00adzi\u00adel\u00adle \u00dcberlegungen<\/strong><\/h2>\n\n\n\n<h3 class=\"wp-block-heading\"><strong>Bestands\u00adauf\u00adnah\u00adme und Liquidit\u00e4tsplanung<\/strong><\/h3>\n\n\n\n<p>A dimens\u00e3o finance\u00adi\u00adra de uma tarefa requer um <strong>gr\u00fcnd\u00adli\u00adche Analy\u00adse<\/strong>. Begin\u00adnen Sie mit einer Bestands\u00adauf\u00adnah\u00adme aller Verm\u00f6\u00adgens\u00adwer\u00adte, Schul\u00adden und laufen\u00adden Verpflich\u00adtun\u00adgen. Beson\u00adders wichtig ist dabei die Liqui\u00addi\u00adt\u00e4ts\u00adpla\u00adnung f\u00fcr den gesam\u00adten Abwicklungsprozess.<\/p>\n\n\n\n<h3 class=\"wp-block-heading\"><strong>Prestar aten\u00e7\u00e3o \u00e0s conse\u00adqu\u00ean\u00adci\u00adas fiscais<\/strong><\/h3>\n\n\n\n<p>O encer\u00adra\u00admen\u00adto de uma empre\u00adsa coloca desafi\u00ados fiscais espec\u00ed\u00adfi\u00adcos. O <strong>Impos\u00adto sobre o com\u00e9rcio<\/strong> und andere steuer\u00adli\u00adche Konse\u00adquen\u00adzen sollten fr\u00fchzei\u00adtig mit einem Steuer\u00adbe\u00adra\u00adter bespro\u00adchen werden. Bei der Anmel\u00addung der Betriebs\u00adauf\u00adga\u00adbe beim <strong>Servi\u00ad\u00e7o de Finan\u00ad\u00e7as<\/strong> entsteht h\u00e4ufig ein Aufga\u00adbe\u00adge\u00adwinn, der der Besteue\u00adrung unterliegt.<\/p>\n\n\n\n<h3 class=\"wp-block-heading\"><strong>Steuer\u00adbe\u00adg\u00fcns\u00adti\u00adgun\u00adgen nutzen<\/strong><\/h3>\n\n\n\n<p>Unter bestimm\u00adten Voraus\u00adset\u00adzun\u00adgen k\u00f6nnen jedoch <strong>Steuer\u00adbe\u00adg\u00fcns\u00adti\u00adgun\u00adgen<\/strong> ser utilizado:<\/p>\n\n\n\n<p class=\"has-ast-global-color-3-color has-text-color\">Noch vor wenigen Jahren ging die Mehrheit der deutsche Famili\u00aden\u00adun\u00adter\u00adneh\u00admen an einen Nachfol\u00adger aus der Familie \u00fcber an. Bei dieser Form der Nachfol\u00adge spielen Erbschaft- und Schen\u00adkungs\u00adsteu\u00adern eine wesent\u00adli\u00adche Rolle. Hier gilt es zun\u00e4chst zu kl\u00e4ren, wer den Erban\u00adspruch auf das Unter\u00adneh\u00admens hat, wer dieses Recht wahrneh\u00admen m\u00f6chte und welche steuer\u00adli\u00adchen Konse\u00adquen\u00adzen aus diesen Entschei\u00addun\u00adgen folgen. Dementspre\u00adchend k\u00f6nnen die folgen\u00adden Steuer\u00adar\u00adten anfallen:<\/p>\n\n\n\n<ul class=\"wp-block-list\">\n<li>Erm\u00e4\u00dfig\u00adter Steuer\u00adsatz nach \u00a7 34 EStG (Deutsch\u00adland),&nbsp; \u00a737 Abs. 5 EStG (\u00d6ster\u00adreich)<\/li>\n\n\n\n<li>Freibe\u00adtrag nach \u00a7 16 Abs. 4 EStG (bis zu 45.000 Euro) \u00a7 24 Abs. 4 EStG 1988 (\u00d6ster\u00adreich)<\/li>\n\n\n\n<li>Vertei\u00adlung des Aufga\u00adbe\u00adge\u00adwinns \u00fcber mehre\u00adre&nbsp;Jahre<\/li>\n\n\n\n<li>Anrech\u00adnung der Grund\u00ader\u00adwerb\u00adsteu\u00ader zwecks Vermei\u00addung einer Doppel\u00adbe\u00adlas\u00adtung (\u00d6ster\u00adreich)<\/li>\n<\/ul>\n\n\n\n<p>Unter bestimm\u00adten Voraus\u00adset\u00adzun\u00adgen k\u00f6nnen Sie bei einer <strong>Gesch\u00e4fts\u00adauf\u00adga\u00adbe aus Alters\u00adgr\u00fcn\u00adden einen Freibe\u00adtrag<\/strong> at\u00e9 45.000 euros, o que pode reduzir signi\u00adfi\u00adca\u00adtiv\u00ada\u00admen\u00adte os encar\u00adgos financeiros.<\/p>\n\n\n\n<h3 class=\"wp-block-heading\"><strong>Wichti\u00adge R\u00fcckstel\u00adlun\u00adgen bilden<\/strong><\/h3>\n\n\n\n<p>N\u00e3o se esque\u00ad\u00e7a de acres\u00adcen\u00adtar os <strong>R\u00fcckstel\u00adlun\u00adgen bei Betriebs\u00adauf\u00adga\u00adbe<\/strong> zu bilden, etwa&nbsp;f\u00fcr:<\/p>\n\n\n\n<ul class=\"wp-block-list\">\n<li>Aufbe\u00adwah\u00adrung von Gesch\u00e4ftsunterlagen<\/li>\n\n\n\n<li>M\u00f6gli\u00adche Gew\u00e4hrleistungsanspr\u00fcche<\/li>\n\n\n\n<li>Custos de processamento<\/li>\n<\/ul>\n\n\n\n<p>Diese k\u00f6nnen die Steuer\u00adlast im Jahr der Betriebs\u00adauf\u00adga\u00adbe mindern.<\/p>\n\n\n\n<p>Beach\u00adten Sie, dass nach der Gesch\u00e4fts\u00adauf\u00adga\u00adbe f\u00fcr bestimm\u00adte Unter\u00adla\u00adgen gesetz\u00adli\u00adche <strong>Aufbe\u00adwah\u00adrungs\u00adfris\u00adten nach Gesch\u00e4fts\u00adauf\u00adga\u00adbe<\/strong> aplicar. O <strong>R\u00fcckstel\u00adlung f\u00fcr Aufbe\u00adwah\u00adrung<\/strong> destes document\u00ados \u00e9 dedut\u00ed\u00advel nos impostos.<\/p>\n\n\n\n<h2 class=\"wp-block-heading\"><strong>Verwer\u00adtung von Verm\u00f6genswerten<\/strong><\/h2>\n\n\n\n<p>Bei der Verwer\u00adtung Ihrer Verm\u00f6\u00adgens\u00adwer\u00adte gibt es verschie\u00adde\u00adne Optionen:<\/p>\n\n\n\n<ul class=\"wp-block-list\">\n<li><strong>Anlage\u00adver\u00adm\u00f6\u00adgen<\/strong>Venda, leil\u00e3o ou arrendamento<\/li>\n\n\n\n<li><strong>Waren und Vorr\u00e4\u00adte<\/strong>: Abver\u00adkaufs\u00adak\u00adtio\u00adnen oder \u00dcbernah\u00adme durch andere H\u00e4ndler<\/li>\n\n\n\n<li><strong>Imobi\u00adli\u00e1\u00adrio<\/strong>Venda ou arrendamento<\/li>\n\n\n\n<li><strong>Frota de ve\u00edcu\u00adlos<\/strong>: Ver\u00e4u\u00ad\u00dfe\u00adrung oder Leasing-R\u00fcckgabe<\/li>\n<\/ul>\n\n\n\n<h3 class=\"wp-block-heading\"><strong>Os leil\u00f5es indus\u00adtri\u00adais como m\u00e9todo eficaz<\/strong><\/h3>\n\n\n\n<p><strong>Leil\u00f5es indus\u00adtri\u00adais<\/strong> sind eine effizi\u00aden\u00adte Metho\u00adde, um Maschi\u00adnen und Betriebs\u00adaus\u00adstat\u00adtung zu ver\u00e4u\u00ad\u00dfern. Diese werden von spezia\u00adli\u00adsier\u00adten Dienst\u00adleis\u00adtern organi\u00adsiert und errei\u00adchen eine breite Zielgrup\u00adpe poten\u00adti\u00adel\u00adler K\u00e4ufer.<\/p>\n\n\n\n<h2 class=\"wp-block-heading\"><strong>Perso\u00adnal\u00adma\u00adnage\u00adment bei Gesch\u00e4ftsaufgabe<\/strong><\/h2>\n\n\n\n<p>Um desafio parti\u00adcu\u00adlar na gest\u00e3o do pesso\u00adal em caso de encer\u00adra\u00admen\u00adto de uma empre\u00adsa \u00e9 a gest\u00e3o atempa\u00adda e <strong>Comuni\u00adca\u00ad\u00e7\u00e3o trans\u00adpa\u00adren\u00adte com os seus empre\u00adga\u00addos<\/strong>. Infor\u00admie\u00adren Sie fr\u00fchzei\u00adtig \u00fcber Ihre Pl\u00e4ne, um Unsicher\u00adhei\u00adten zu minimie\u00adren und gemein\u00adsam L\u00f6sun\u00adgen zu entwickeln.<\/p>\n\n\n\n<p>Bei der Mitar\u00adbei\u00adter\u00adk\u00fcn\u00addi\u00adgung m\u00fcssen <strong>gesetz\u00adli\u00adche K\u00fcndi\u00adgungs\u00adfris\u00adten<\/strong> und arbeits\u00adrecht\u00adli\u00adche Vorschrif\u00adten strikt einge\u00adhal\u00adten werden. In einigen F\u00e4llen ist ein Sozial\u00adplan erfor\u00adder\u00adlich, beson\u00adders wenn mehre\u00adre Mitarbeiter:innen betrof\u00adfen&nbsp;sind.<\/p>\n\n\n\n<p>Unter\u00adst\u00fct\u00adzen Sie Ihre Beleg\u00adschaft bei der beruf\u00adli\u00adchen Neuorientierung:<\/p>\n\n\n\n<ul class=\"wp-block-list\">\n<li>Refer\u00ean\u00adci\u00adas profi\u00ads\u00adsio\u00adnais pormenorizadas<\/li>\n\n\n\n<li>Carta de recomenda\u00e7\u00e3o<\/li>\n\n\n\n<li>Encamin\u00adha\u00admen\u00adto para outras empresas<\/li>\n\n\n\n<li>Unter\u00adst\u00fct\u00adzung bei Bewerbungen<\/li>\n<\/ul>\n\n\n\n<p>Diese Unter\u00adst\u00fct\u00adzung ist nicht nur eine <strong>Obriga\u00ad\u00e7\u00e3o moral<\/strong>, sondern st\u00e4rkt auch den positi\u00adven Eindruck Ihres Unter\u00adneh\u00admens bis zum Schluss.<\/p>\n\n\n\n<h2 class=\"wp-block-heading\"><strong>Comuni\u00adca\u00ad\u00e7\u00e3o com clientes e fornecedores<\/strong><\/h2>\n\n\n\n<p>Um profi\u00ads\u00adsio\u00adnal <strong>Kunden\u00adin\u00adfor\u00adma\u00adti\u00adon bei Gesch\u00e4fts\u00adauf\u00adga\u00adbe<\/strong> ist entschei\u00addend f\u00fcr Ihren Ruf und die reibungs\u00adlo\u00adse Abwick\u00adlung laufen\u00adder Gesch\u00e4f\u00adte. Infor\u00admie\u00adren Sie Ihre Kunden recht\u00adzei\u00adtig und pers\u00f6n\u00adlich, idealer\u00adwei\u00adse mit gen\u00fcgend Vorlauf, damit diese sich auf die Ver\u00e4n\u00adde\u00adrung einstel\u00adlen k\u00f6nnen.<\/p>\n\n\n\n<p>O <strong>Gest\u00e3o de forne\u00adce\u00addo\u00adres em caso de encer\u00adra\u00admen\u00adto da empre\u00adsa<\/strong> umfasst die Abwick\u00adlung offener Bestel\u00adlun\u00adgen und die Kl\u00e4rung bestehen\u00adder Vertr\u00e4\u00adge. \u00dcberpr\u00fc\u00adfen Sie sorgf\u00e4l\u00adtig K\u00fcndi\u00adgungs\u00adfris\u00adten und suchen Sie das pers\u00f6n\u00adli\u00adche Gespr\u00e4ch mit wichti\u00adgen Gesch\u00e4ftspartnern.<\/p>\n\n\n\n<p>Beson\u00adders bei langfris\u00adti\u00adgen Gesch\u00e4fts\u00adbe\u00adzie\u00adhun\u00adgen ist eine <strong>wertsch\u00e4t\u00adzen\u00adde Kommu\u00adni\u00adka\u00adti\u00adon<\/strong> wichtig. Bedan\u00adken Sie sich f\u00fcr die Zusam\u00admen\u00adar\u00adbeit und erkl\u00e4\u00adren Sie die Gr\u00fcnde f\u00fcr Ihre Entschei\u00addung \u2013 dies hinter\u00adl\u00e4sst einen positi\u00adven letzten Eindruck.<\/p>\n\n\n\n<p class=\"has-ast-global-color-3-color has-text-color\"><strong>Aspec\u00adtos jur\u00eddicos<\/strong><\/p>\n\n\n\n<p>O <strong>Aspec\u00adtos jur\u00edd\u00adicos do encer\u00adra\u00admen\u00adto de uma empre\u00adsa<\/strong> umfas\u00adsen zahlrei\u00adche adminis\u00adtra\u00adti\u00adve Verpflich\u00adtun\u00adgen. Notwen\u00addi\u00adge Abmel\u00addun\u00adgen m\u00fcssen bei verschie\u00adde\u00adnen Beh\u00f6r\u00adden vorge\u00adnom\u00admen werden:<\/p>\n\n\n\n<ul class=\"wp-block-list\">\n<li><strong>Cancel\u00ada\u00admen\u00adto do regis\u00adto na adminis\u00adtra\u00ad\u00e7\u00e3o fiscal<\/strong>A cessa\u00ad\u00e7\u00e3o da ativi\u00adda\u00adde deve ser comuni\u00adca\u00adda \u00e0 adminis\u00adtra\u00ad\u00e7\u00e3o fiscal no prazo de um&nbsp;m\u00eas.<\/li>\n\n\n\n<li><strong>Gewer\u00adbe\u00adbe\u00adh\u00f6r\u00adde<\/strong>Anula\u00ad\u00e7\u00e3o da transa\u00e7\u00e3o<\/li>\n\n\n\n<li><strong>Regis\u00adto comercial\/registo de empre\u00adsas<\/strong>: L\u00f6schung der Eintra\u00adgung (bei einge\u00adtra\u00adge\u00adnen Kaufleu\u00adten oder Gesellschaften)<\/li>\n\n\n\n<li><strong>Associa\u00ad\u00e7\u00f5es de seguros de responsa\u00adbil\u00adida\u00adde civil das entid\u00ada\u00addes patro\u00adnais e compan\u00adhi\u00adas de seguros de sa\u00fade<\/strong>Cancel\u00ada\u00admen\u00adto de empregados<\/li>\n\n\n\n<li><strong><span class=\"caps\">IHK<\/span>, C\u00e2mara de Artesa\u00adna\u00adto ou C\u00e2mara de Com\u00e9rcio: <\/strong>Cessa\u00ad\u00e7\u00e3o da filia\u00e7\u00e3o<\/li>\n<\/ul>\n\n\n\n<h3 class=\"wp-block-heading\"><strong>Aufbe\u00adwah\u00adrungs\u00adpflich\u00adten nach Gesch\u00e4ftsaufgabe<\/strong><\/h3>\n\n\n\n<p class=\"has-ast-global-color-3-color has-text-color\">Parti\u00adcu\u00adlar\u00admen\u00adte importan\u00adtes s\u00e3o os <strong>Aufbe\u00adwah\u00adrungs\u00adpflich\u00adten f\u00fcr Gesch\u00e4fts\u00adun\u00adter\u00adla\u00adgen<\/strong>. Buchf\u00fch\u00adrungs\u00adun\u00adter\u00adla\u00adgen und Gesch\u00e4fts\u00adbrie\u00adfe m\u00fcssen in der Regel 10 Jahre, andere gesch\u00e4ft\u00adli\u00adche Dokumen\u00adte 6 Jahre aufbe\u00adwahrt werden. Diese Pflicht besteht auch nach der Gesch\u00e4fts\u00adauf\u00adga\u00adbe weiter.<\/p>\n\n\n\n<div style=\"height:30px\" aria-hidden=\"true\" class=\"wp-block-spacer\"><\/div>\n\n\n\n<figure class=\"wp-block-image aligncenter size-full is-resized has-custom-border\"><img loading=\"lazy\" decoding=\"async\" width=\"1024\" height=\"768\" src=\"https:\/\/www.kern-unternehmensnachfolge.com\/wp-content\/uploads\/2025\/03\/rechtliche-Schritte-bei-Geschaeftsaufgabe.png\" alt=\"Panorama das medidas legais em caso de encerramento de uma empresa\" class=\"wp-image-32994\" style=\"border-radius:12px;width:768px\" srcset=\"https:\/\/www.kern-unternehmensnachfolge.com\/wp-content\/uploads\/2025\/03\/rechtliche-Schritte-bei-Geschaeftsaufgabe.png 1024w, https:\/\/www.kern-unternehmensnachfolge.com\/wp-content\/uploads\/2025\/03\/rechtliche-Schritte-bei-Geschaeftsaufgabe-768x576.png 768w, https:\/\/www.kern-unternehmensnachfolge.com\/wp-content\/uploads\/2025\/03\/rechtliche-Schritte-bei-Geschaeftsaufgabe-16x12.png 16w, https:\/\/www.kern-unternehmensnachfolge.com\/wp-content\/uploads\/2025\/03\/rechtliche-Schritte-bei-Geschaeftsaufgabe-600x450.png 600w\" sizes=\"auto, (max-width: 1024px) 100vw, 1024px\"><\/figure>\n\n\n\n<div style=\"height:35px\" aria-hidden=\"true\" class=\"wp-block-spacer\"><\/div>\n\n\n\n<p class=\"has-ast-global-color-3-color has-text-color\"><strong>Emotio\u00adna\u00adle Aspek\u00adte der Gesch\u00e4ftsaufgabe<\/strong><\/p>\n\n\n\n<p>Die emotio\u00adna\u00adle Dimen\u00adsi\u00adon der Gesch\u00e4fts\u00adauf\u00adga\u00adbe wird oft unter\u00adsch\u00e4tzt. Viele Unternehmer:innen haben ihr Leben dem Betrieb gewid\u00admet und m\u00fcssen nun von dieser identi\u00adt\u00e4ts\u00adstif\u00adten\u00adden Rolle Abschied nehmen.<\/p>\n\n\n\n<p>A <strong>Gesch\u00e4fts\u00adauf\u00adga\u00adbe Danksa\u00adgung an Kunden<\/strong> kann ein wichti\u00adger Schritt im emotio\u00adna\u00adlen Abschieds\u00adpro\u00adzess sein. In einem pers\u00f6n\u00adli\u00adchen <strong>Gesch\u00e4fts\u00adauf\u00adga\u00adbe Text f\u00fcr Kunden<\/strong> k\u00f6nnen Sie Ihre Wertsch\u00e4t\u00adzung ausdr\u00fc\u00adcken und sich f\u00fcr das entge\u00adgen\u00adge\u00adbrach\u00adte Vertrau\u00aden bedanken.<\/p>\n\n\n\n<p>Procurar por <strong>Unter\u00adst\u00fct\u00adzung<\/strong> in Ihrem pers\u00f6n\u00adli\u00adchen Umfeld oder bei profes\u00adsio\u00adnel\u00adlen Beratern. Der Austausch mit anderen Unter\u00adneh\u00admern, die diesen Schritt bereits vollzo\u00adgen haben, kann ebenfalls hilfreich sein. Entwi\u00adckeln Sie fr\u00fchzei\u00adtig eine Vision f\u00fcr die Zeit nach der Gesch\u00e4fts\u00adauf\u00adga\u00adbe, um den \u00dcbergang positiv zu gestalten.<\/p>\n\n\n\n<h2 class=\"wp-block-heading\"><strong>Conclus\u00e3o e recomen\u00adda\u00ad\u00e7\u00f5es de&nbsp;a\u00e7\u00e3o<\/strong><\/h2>\n\n\n\n<p>Die Gesch\u00e4fts\u00adauf\u00adga\u00adbe aus Alters\u00adgr\u00fcn\u00adden stellt einen bedeut\u00adsa\u00admen Einschnitt im Leben eines Unter\u00adneh\u00admers dar. Eine sorgf\u00e4l\u00adti\u00adge Planung und profes\u00adsio\u00adnel\u00adle Durch\u00adf\u00fch\u00adrung sind entschei\u00addend f\u00fcr einen erfolg\u00adrei\u00adchen Abschluss Ihrer unter\u00adneh\u00adme\u00adri\u00adschen T\u00e4tigkeit.<\/p>\n\n\n\n<p>Recomen\u00adda\u00ad\u00e7\u00f5es concre\u00adtas para a&nbsp;a\u00e7\u00e3o:<\/p>\n\n\n\n<ul class=\"wp-block-list\">\n<li>Come\u00e7ar <strong>fr\u00fchzei\u00adtig<\/strong> com a prepara\u00e7\u00e3o<\/li>\n\n\n\n<li>Puxar <strong>Peritos<\/strong> hinzu (Steuer\u00adbe\u00adra\u00adter, Rechts\u00adan\u00adw\u00e4l\u00adte, Unternehmensberater)<\/li>\n\n\n\n<li><strong>Documen\u00adto<\/strong> Sie alle Schrit\u00adte sorgf\u00e4ltig<\/li>\n\n\n\n<li>Manter o <strong>\u00dcberblick<\/strong> \u00fcber offene Punkte<\/li>\n<\/ul>\n\n\n\n<p>Mit einer struk\u00adtu\u00adrier\u00adten Heran\u00adge\u00adhens\u00adwei\u00adse l\u00e4sst sich die Schlie\u00ad\u00dfung nicht nur recht\u00adlich und finan\u00adzi\u00adell optimal gestal\u00adten, sondern auch emotio\u00adnal als positi\u00adver \u00dcbergang in einen neuen Lebens\u00adab\u00adschnitt erleben.<\/p>\n\n\n\n<p>A decis\u00ad\u00e3o de utili\u00adzar o seu <strong>Gesch\u00e4ft aufzu\u00adl\u00f6\u00adsen<\/strong> ou \u00e9 <strong>uma suces\u00ads\u00e3o de empre\u00adsas<\/strong> durch\u00adzu\u00adf\u00fch\u00adren, erfor\u00addert profes\u00adsio\u00adnel\u00adle Unter\u00adst\u00fct\u00adzung. Unsere Exper\u00adten verf\u00fc\u00adgen \u00fcber langj\u00e4h\u00adri\u00adge Erfah\u00adrung in der Beglei\u00adtung von Unter\u00adneh\u00admern bei diesem wichti\u00adgen Schritt.<\/p>\n\n\n\n<p class=\"has-ast-global-color-3-color has-text-color\"><strong>Kontak\u00adtie\u00adren Sie uns f\u00fcr eine indivi\u00addu\u00adel\u00adle <a href=\"https:\/\/www.kern-unternehmensnachfolge.com\/pt\/venda-de-uma-empresa-6\/\">Consel\u00adhos de suces\u00ads\u00e3o<\/a>.<\/strong> Wir analy\u00adsie\u00adren Ihre spezi\u00adfi\u00adsche Situa\u00adti\u00adon und entwi\u00adckeln gemein\u00adsam mit Ihnen eine ma\u00dfge\u00adschnei\u00adder\u00adte Strate\u00adgie f\u00fcr einen erfolg\u00adrei\u00adchen Abschluss Ihrer unter\u00adneh\u00adme\u00adri\u00adschen T\u00e4tigkeit.<\/p>\n\n\n\n<div style=\"height:40px\" aria-hidden=\"true\" class=\"wp-block-spacer\"><\/div>\n\n\n\n<div style=\"height:24px\" aria-hidden=\"true\" class=\"wp-block-spacer\"><\/div>\n\n\n\n<div class=\"wp-block-columns is-layout-flex wp-container-core-columns-is-layout-28f84493 wp-block-columns-is-layout-flex\">\n<div class=\"wp-block-column is-layout-flow wp-block-column-is-layout-flow\">\n<figure class=\"wp-block-image aligncenter size-full\"><a href=\"https:\/\/www.kern-unternehmensnachfolge.com\/pt\/pedido-de-aconselhamento\/\" target=\"_blank\" rel=\"noreferrer noopener\"><img decoding=\"async\" src=\"https:\/\/www.kern-unternehmensnachfolge.com\/wp-content\/uploads\/2022\/08\/KERN-Firmenkauf-finanzieren-Beratung-anfordern.jpg\" alt=\"Solicitar uma consulta inicial gratuita sobre o tema da oferta indicativa\" class=\"wp-image-23849\"><\/a><\/figure>\n<\/div>\n\n\n\n<div class=\"wp-block-column is-layout-flow wp-block-column-is-layout-flow\"><a href=\"https:\/\/www.kern-unternehmensnachfolge.com\/pt\/parceiro\/\" target=\"_blank\">\n           <img decoding=\"async\" src=\"https:\/\/www.kern-unternehmensnachfolge.com\/wp-content\/uploads\/2024\/10\/KERN-Standorte_Faehnchen_JPG_150_dpi_mit_Hintergrund_09.2024.jpg\" alt=\"Mapa de localiza\u00e7\u00e3o\">\n            <\/a>\n<\/div>\n<\/div>\n\n\n\n<div style=\"height:40px\" aria-hidden=\"true\" class=\"wp-block-spacer\"><\/div>\n\n\n\n<h2 class=\"wp-block-heading\" id=\"h-faq-haufig-gestellte-fragen\"><span class=\"caps\">FAQ<\/span> \u2013 H\u00e4ufig gestell\u00adte Fragen<\/h2>\n\n\n\n<h3 class=\"wp-block-heading\">Como \u00e9 tribu\u00adta\u00adda a venda de uma empresa?<\/h3>\n\n\n<div id=\"rank-math-faq\" class=\"rank-math-block\">\n<div class=\"rank-math-list\">\n<div id=\"faq-question-69a1829075205\" class=\"rank-math-list-item\">\n<h3 class=\"rank-math-question\"><strong>Was ist eine alters\u00adbe\u00adding\u00adte Gesch\u00e4ftsaufgabe?<\/strong><\/h3>\n<div class=\"rank-math-answer\">\n\n<p>Eine alters\u00adbe\u00adding\u00adte Gesch\u00e4fts\u00adauf\u00adga\u00adbe bezeich\u00adnet die vollst\u00e4n\u00addi\u00adge Einstel\u00adlung der unter\u00adneh\u00adme\u00adri\u00adschen T\u00e4tig\u00adkeit aufgrund des fortge\u00adschrit\u00adte\u00adnen Alters des Unter\u00adneh\u00admers oder der Unter\u00adneh\u00adme\u00adrin. Sie umfasst die Abwick\u00adlung aller Gesch\u00e4f\u00adte, die Verwer\u00adtung der Verm\u00f6\u00adgens\u00adwer\u00adte und die Erf\u00fcl\u00adlung aller recht\u00adli\u00adchen Verpflichtungen.<\/p>\n\n<\/div>\n<\/div>\n<div id=\"faq-question-69a1829075208\" class=\"rank-math-list-item\">\n<h3 class=\"rank-math-question\"><strong>Wie kommu\u00adni\u00adziert man bei der Aufl\u00f6\u00adsung aus Altersgr\u00fcnden?<\/strong><\/h3>\n<div class=\"rank-math-answer\">\n\n<p>Eine formel\u00adle Mittei\u00adlung zur Gesch\u00e4fts\u00adauf\u00adga\u00adbe aus Alters\u00adgr\u00fcn\u00adden sollte sachlich und wertsch\u00e4t\u00adzend formu\u00adliert sein. Nennen Sie konkret den Zeitpunkt der Gesch\u00e4fts\u00adauf\u00adga\u00adbe, bedan\u00adken Sie sich bei Kunden und Gesch\u00e4fts\u00adpart\u00adnern f\u00fcr die Zusam\u00admen\u00adar\u00adbeit und erl\u00e4u\u00adtern Sie kurz die weite\u00adren Schrit\u00adte, insbe\u00adson\u00adde\u00adre wenn es um die Erf\u00fcl\u00adlung offener Auftr\u00e4\u00adge oder Gew\u00e4hr\u00adleis\u00adtungs\u00adan\u00adspr\u00fc\u00adche&nbsp;geht.<\/p>\n\n<\/div>\n<\/div>\n<div id=\"faq-question-69a1829075209\" class=\"rank-math-list-item\">\n<h3 class=\"rank-math-question\"><strong>Was muss ich bei der Gesch\u00e4fts\u00adauf\u00adga\u00adbe beachten?<\/strong><\/h3>\n<div class=\"rank-math-answer\">\n\n<p>Bei einer Gesch\u00e4fts\u00adauf\u00adga\u00adbe m\u00fcssen Sie zahlrei\u00adche recht\u00adli\u00adche, steuer\u00adli\u00adche und organi\u00adsa\u00adto\u00adri\u00adsche Aspek\u00adte ber\u00fcck\u00adsich\u00adti\u00adgen: die Abwick\u00adlung laufen\u00adder Gesch\u00e4f\u00adte, die Infor\u00adma\u00adti\u00adon von Arbeit\u00adneh\u00admern, Kunden und Liefe\u00adran\u00adten, die K\u00fcndi\u00adgung von Vertr\u00e4\u00adgen, die Abmel\u00addung bei Beh\u00f6r\u00adden und die Verwer\u00adtung von Verm\u00f6\u00adgens\u00adwer\u00adten. Zudem sollten Sie die steuer\u00adli\u00adchen Konse\u00adquen\u00adzen fr\u00fchzei\u00adtig mit einem Fachmann besprechen.<\/p>\n\n<\/div>\n<\/div>\n<div id=\"faq-question-69a182907520a\" class=\"rank-math-list-item\">\n<h3 class=\"rank-math-question\"><strong>Wie l\u00f6se ich ein Einzel\u00adun\u00adter\u00adneh\u00admen&nbsp;auf?<\/strong><\/h3>\n<div class=\"rank-math-answer\">\n\n<p>Um ein Einzel\u00adun\u00adter\u00adneh\u00admen aufzu\u00adl\u00f6\u00adsen, m\u00fcssen Sie zun\u00e4chst eine Schluss\u00adbi\u00adlanz erstel\u00adlen, alle Verm\u00f6\u00adgens\u00adwer\u00adte verwer\u00adten und Verbind\u00adlich\u00adkei\u00adten beglei\u00adchen. Anschlie\u00ad\u00dfend erfolgt die Abmel\u00addung beim Gewer\u00adbe\u00adamt und Finanz\u00adamt. Bei im Handels\u00adre\u00adgis\u00adter einge\u00adtra\u00adge\u00adnen Einzel\u00adun\u00adter\u00adneh\u00admen ist zus\u00e4tz\u00adlich die L\u00f6schung im Handels\u00adre\u00adgis\u00adter zu beantra\u00adgen. Verges\u00adsen Sie nicht, alle laufen\u00adden Vertr\u00e4\u00adge zu k\u00fcndi\u00adgen und die gesetz\u00adli\u00adchen Aufbe\u00adwah\u00adrungs\u00adfris\u00adten f\u00fcr Gesch\u00e4fts\u00adun\u00adter\u00adla\u00adgen einzuhalten.<\/p>\n\n<\/div>\n<\/div>\n<\/div>\n<\/div>\n\n\n<div style=\"height:15px\" aria-hidden=\"true\" class=\"wp-block-spacer\"><\/div>\n\n\n\n<p><\/p>","protected":false},"excerpt":{"rendered":"<p>F\u00fcr viele Unternehmer:innen geh\u00f6rt die Gesch\u00e4ftsaufgabe aus Altergr\u00fcnden zu den herausforderndsten Phasen ihres Berufslebens. Nach jahrelangem Engagement stellt sich irgendwann [&hellip;]<\/p>\n","protected":false},"author":90,"featured_media":32997,"comment_status":"closed","ping_status":"closed","sticky":false,"template":"","format":"standard","meta":{"wp_typography_post_enhancements_disabled":false,"_kad_blocks_custom_css":"","_kad_blocks_head_custom_js":"","_kad_blocks_body_custom_js":"","_kad_blocks_footer_custom_js":"","site-sidebar-layout":"default","site-content-layout":"","ast-site-content-layout":"default","site-content-style":"default","site-sidebar-style":"default","ast-global-header-display":"","ast-banner-title-visibility":"","ast-main-header-display":"","ast-hfb-above-header-display":"","ast-hfb-below-header-display":"","ast-hfb-mobile-header-display":"","site-post-title":"","ast-breadcrumbs-content":"","ast-featured-img":"","footer-sml-layout":"","ast-disable-related-posts":"","theme-transparent-header-meta":"","adv-header-id-meta":"","stick-header-meta":"","header-above-stick-meta":"","header-main-stick-meta":"","header-below-stick-meta":"","astra-migrate-meta-layouts":"set","ast-page-background-enabled":"default","ast-page-background-meta":{"desktop":{"background-color":"","background-image":"","background-repeat":"repeat","background-position":"center center","background-size":"auto","background-attachment":"scroll","background-type":"","background-media":"","overlay-type":"","overlay-color":"","overlay-opacity":"","overlay-gradient":""},"tablet":{"background-color":"","background-image":"","background-repeat":"repeat","background-position":"center center","background-size":"auto","background-attachment":"scroll","background-type":"","background-media":"","overlay-type":"","overlay-color":"","overlay-opacity":"","overlay-gradient":""},"mobile":{"background-color":"","background-image":"","background-repeat":"repeat","background-position":"center center","background-size":"auto","background-attachment":"scroll","background-type":"","background-media":"","overlay-type":"","overlay-color":"","overlay-opacity":"","overlay-gradient":""}},"ast-content-background-meta":{"desktop":{"background-color":"var(--ast-global-color-5)","background-image":"","background-repeat":"repeat","background-position":"center center","background-size":"auto","background-attachment":"scroll","background-type":"","background-media":"","overlay-type":"","overlay-color":"","overlay-opacity":"","overlay-gradient":""},"tablet":{"background-color":"var(--ast-global-color-5)","background-image":"","background-repeat":"repeat","background-position":"center center","background-size":"auto","background-attachment":"scroll","background-type":"","background-media":"","overlay-type":"","overlay-color":"","overlay-opacity":"","overlay-gradient":""},"mobile":{"background-color":"var(--ast-global-color-5)","background-image":"","background-repeat":"repeat","background-position":"center center","background-size":"auto","background-attachment":"scroll","background-type":"","background-media":"","overlay-type":"","overlay-color":"","overlay-opacity":"","overlay-gradient":""}},"iawp_total_views":504,"footnotes":""},"categories":[1],"tags":[205],"class_list":["post-32990","post","type-post","status-publish","format-standard","has-post-thumbnail","hentry","category-unternehmensnachfolge-2","tag-unternehmensverkauf"],"taxonomy_info":{"category":[{"value":1,"label":"Unternehmensnachfolge"}],"post_tag":[{"value":205,"label":"Unternehmensverkauf"}]},"featured_image_src_large":["https:\/\/www.kern-unternehmensnachfolge.com\/wp-content\/uploads\/2025\/03\/Geschaeftsaufgabe-aus-Altersgruenden.png",2048,700,false],"author_info":{"display_name":"Klaus M\u00fcller","author_link":"https:\/\/www.kern-unternehmensnachfolge.com\/pt\/author\/klaus-mueller\/"},"comment_info":0,"category_info":[{"term_id":1,"name":"Unternehmensnachfolge","slug":"unternehmensnachfolge-2","term_group":0,"term_taxonomy_id":1,"taxonomy":"category","description":"","parent":0,"count":280,"filter":"raw","cat_ID":1,"category_count":280,"category_description":"","cat_name":"Unternehmensnachfolge","category_nicename":"unternehmensnachfolge-2","category_parent":0}],"tag_info":[{"term_id":205,"name":"Unternehmensverkauf","slug":"unternehmensverkauf","term_group":0,"term_taxonomy_id":205,"taxonomy":"post_tag","description":"","parent":0,"count":132,"filter":"raw"}],"_links":{"self":[{"href":"https:\/\/www.kern-unternehmensnachfolge.com\/pt\/wp-json\/wp\/v2\/posts\/32990","targetHints":{"allow":["GET"]}}],"collection":[{"href":"https:\/\/www.kern-unternehmensnachfolge.com\/pt\/wp-json\/wp\/v2\/posts"}],"about":[{"href":"https:\/\/www.kern-unternehmensnachfolge.com\/pt\/wp-json\/wp\/v2\/types\/post"}],"author":[{"embeddable":true,"href":"https:\/\/www.kern-unternehmensnachfolge.com\/pt\/wp-json\/wp\/v2\/users\/90"}],"replies":[{"embeddable":true,"href":"https:\/\/www.kern-unternehmensnachfolge.com\/pt\/wp-json\/wp\/v2\/comments?post=32990"}],"version-history":[{"count":0,"href":"https:\/\/www.kern-unternehmensnachfolge.com\/pt\/wp-json\/wp\/v2\/posts\/32990\/revisions"}],"wp:featuredmedia":[{"embeddable":true,"href":"https:\/\/www.kern-unternehmensnachfolge.com\/pt\/wp-json\/wp\/v2\/media\/32997"}],"wp:attachment":[{"href":"https:\/\/www.kern-unternehmensnachfolge.com\/pt\/wp-json\/wp\/v2\/media?parent=32990"}],"wp:term":[{"taxonomy":"category","embeddable":true,"href":"https:\/\/www.kern-unternehmensnachfolge.com\/pt\/wp-json\/wp\/v2\/categories?post=32990"},{"taxonomy":"post_tag","embeddable":true,"href":"https:\/\/www.kern-unternehmensnachfolge.com\/pt\/wp-json\/wp\/v2\/tags?post=32990"}],"curies":[{"name":"wp","href":"https:\/\/api.w.org\/{rel}","templated":true}]}}