{"id":26598,"date":"2023-06-06T12:15:46","date_gmt":"2023-06-06T10:15:46","guid":{"rendered":"https:\/\/great-kare.185-125-174-66.plesk.page\/?p=26598"},"modified":"2024-10-16T14:09:34","modified_gmt":"2024-10-16T12:09:34","slug":"litigio-sobre-a-sucessao-da-empresa-familiar","status":"publish","type":"post","link":"https:\/\/www.kern-unternehmensnachfolge.com\/pt\/familienunternehmen-nachfolge-streit\/","title":{"rendered":"Contro\u00adv\u00e9rsi\u00adas e abord\u00ada\u00adgens em mat\u00e9ria de suces\u00ads\u00e3o de empre\u00adsas familiares"},"content":{"rendered":"<p>Konflik\u00adte in Famili\u00aden\u00adun\u00adter\u00adneh\u00admen w\u00e4hrend der Nachfol\u00adge erfor\u00addern offene Kommu\u00adni\u00adka\u00adti\u00adon, realis\u00adti\u00adsche Erwar\u00adtun\u00adgen, angemes\u00adse\u00adne \u00dcbergangs\u00adpha\u00adsen, sorgf\u00e4l\u00adti\u00adge Planung und quali\u00adfi\u00adzier\u00adte Berater, die emotio\u00adnal nicht an die Akteu\u00adre der Familie gebun\u00adden sind. Eine geziel\u00adte Heran\u00adge\u00adhens\u00adwei\u00adse erm\u00f6g\u00adlicht einen harmo\u00adni\u00adschen Generations\u00adwechsel und bew\u00e4l\u00adtigt Konflikte.<\/p>\n\n\n\n<div style=\"height:24px\" aria-hidden=\"true\" class=\"wp-block-spacer\"><\/div>\n\n\n\n<h2 class=\"wp-block-heading\" id=\"h-haufigste-konflikte-auf-einen-blick\"><strong><strong>H\u00e4ufigs\u00adte Konflik\u00adte auf einen&nbsp;Blick<\/strong><\/strong><\/h2>\n\n\n\n<div style=\"height:24px\" aria-hidden=\"true\" class=\"wp-block-spacer\"><\/div>\n\n\n\n<figure class=\"wp-block-image size-full is-resized\"><img loading=\"lazy\" decoding=\"async\" width=\"1024\" height=\"768\" src=\"https:\/\/www.kern-unternehmensnachfolge.com\/wp-content\/uploads\/2023\/06\/Familienunternehmen-Nachfolge-Streit-haeufige-Konflikte.png\" alt=\"Lit\u00edgio sobre a sucess\u00e3o da empresa familiar conflitos frequentes no panorama gr\u00e1fico\" class=\"wp-image-26599\" style=\"width:768px;height:576px\" srcset=\"https:\/\/www.kern-unternehmensnachfolge.com\/wp-content\/uploads\/2023\/06\/Familienunternehmen-Nachfolge-Streit-haeufige-Konflikte.png 1024w, https:\/\/www.kern-unternehmensnachfolge.com\/wp-content\/uploads\/2023\/06\/Familienunternehmen-Nachfolge-Streit-haeufige-Konflikte-300x225.png 300w, https:\/\/www.kern-unternehmensnachfolge.com\/wp-content\/uploads\/2023\/06\/Familienunternehmen-Nachfolge-Streit-haeufige-Konflikte-768x576.png 768w, https:\/\/www.kern-unternehmensnachfolge.com\/wp-content\/uploads\/2023\/06\/Familienunternehmen-Nachfolge-Streit-haeufige-Konflikte-16x12.png 16w, https:\/\/www.kern-unternehmensnachfolge.com\/wp-content\/uploads\/2023\/06\/Familienunternehmen-Nachfolge-Streit-haeufige-Konflikte-600x450.png 600w\" sizes=\"auto, (max-width: 1024px) 100vw, 1024px\"><\/figure>\n\n\n\n<div style=\"height:32px\" aria-hidden=\"true\" class=\"wp-block-spacer\"><\/div>\n\n\n\n<h3 class=\"wp-block-heading\" id=\"h-inhaltsverzeichnis\"><strong>\u00cdndice<\/strong><\/h3>\n\n\n\n<p><a href=\"#1\">Demasia\u00adda falta de comuni\u00adca\u00ad\u00e7\u00e3o na fam\u00edlia<\/a><\/p>\n\n\n\n<p><a href=\"#2\">Eleva\u00adda press\u00e3o das expectativas<\/a><\/p>\n\n\n\n<p><a href=\"#3\">Mudan\u00ad\u00e7a abrupta de gera\u00e7\u00e3o<\/a><\/p>\n\n\n\n<p><a href=\"#4\">Planea\u00admen\u00adto inade\u00adqua\u00addo da suces\u00ads\u00e3o empresarial<\/a><\/p>\n\n\n\n<p><a href=\"#5\">Festhal\u00adten der \u00e4lteren Generation<\/a><\/p>\n\n\n\n<p><a href=\"#6\">Sperren gegen moder\u00adne F\u00fchrungsmethoden<\/a><\/p>\n\n\n\n<p><a href=\"#7\">Zu enger oder auch zu locke\u00adrer Rahmen f\u00fcr Nachfolger<\/a><\/p>\n\n\n\n<p><a href=\"#8\">Consul\u00adto\u00adres n\u00e3o especia\u00adliz\u00adados ou especia\u00adliz\u00adados de forma incorrecta<\/a><\/p>\n\n\n\n<p><a href=\"#9\">Konflik\u00adte l\u00f6sen durch Mediation<\/a><\/p>\n\n\n\n<p><a href=\"#10\">Conclus\u00e3o<\/a><\/p>\n\n\n\n<div style=\"height:24px\" aria-hidden=\"true\" class=\"wp-block-spacer\"><\/div>\n\n\n\n<div class=\"wp-block-columns is-layout-flex wp-container-core-columns-is-layout-28f84493 wp-block-columns-is-layout-flex\">\n<div class=\"wp-block-column is-layout-flow wp-block-column-is-layout-flow\">\n<figure class=\"wp-block-image aligncenter size-full\"><a href=\"https:\/\/www.kern-unternehmensnachfolge.com\/pt\/pedido-de-aconselhamento\/\"><img loading=\"lazy\" decoding=\"async\" width=\"500\" height=\"348\" src=\"https:\/\/www.kern-unternehmensnachfolge.com\/wp-content\/uploads\/2023\/06\/KERN-Beratung-zum-Thema-Familienunternehmen-Nachfolge-Streit.jpg\" alt=\"Imagem com bot\u00e3o para consulta inicial gratuita da KERN\" class=\"wp-image-26600\" srcset=\"https:\/\/www.kern-unternehmensnachfolge.com\/wp-content\/uploads\/2023\/06\/KERN-Beratung-zum-Thema-Familienunternehmen-Nachfolge-Streit.jpg 500w, https:\/\/www.kern-unternehmensnachfolge.com\/wp-content\/uploads\/2023\/06\/KERN-Beratung-zum-Thema-Familienunternehmen-Nachfolge-Streit-300x209.jpg 300w, https:\/\/www.kern-unternehmensnachfolge.com\/wp-content\/uploads\/2023\/06\/KERN-Beratung-zum-Thema-Familienunternehmen-Nachfolge-Streit-18x12.jpg 18w\" sizes=\"auto, (max-width: 500px) 100vw, 500px\"><\/a><\/figure>\n<\/div>\n\n\n\n<div class=\"wp-block-column is-layout-flow wp-block-column-is-layout-flow\"><a href=\"https:\/\/www.kern-unternehmensnachfolge.com\/pt\/parceiro\/\" target=\"_blank\">\n           <img decoding=\"async\" src=\"https:\/\/www.kern-unternehmensnachfolge.com\/wp-content\/uploads\/2024\/10\/KERN-Standorte_Faehnchen_JPG_150_dpi_mit_Hintergrund_09.2024.jpg\" alt=\"Mapa de localiza\u00e7\u00e3o\">\n            <\/a>\n<\/div>\n<\/div>\n\n\n\n<div style=\"height:32px\" aria-hidden=\"true\" class=\"wp-block-spacer\"><\/div>\n\n\n\n<h2 class=\"wp-block-heading\" id=\"1\"><strong><strong><strong>1 Demasia\u00adda falta de comuni\u00adca\u00ad\u00e7\u00e3o na fam\u00edlia<\/strong><\/strong><\/strong><\/h2>\n\n\n\n<p>Ein h\u00e4ufi\u00adges Problem in Famili\u00aden\u00adun\u00adter\u00adneh\u00admen mit Nachfol\u00adge\u00adstrei\u00adtig\u00adkei\u00adten ist die mangeln\u00adde Kommu\u00adni\u00adka\u00adti\u00adon inner\u00adhalb der Familie. Wichti\u00adge Themen und Entschei\u00addun\u00adgen werden oft vermie\u00adden oder aufge\u00adscho\u00adben, was zu Spannun\u00adgen und Missver\u00adst\u00e4nd\u00adnis\u00adsen f\u00fchren kann.<\/p>\n\n\n\n<p>Dies kann auf die Angst der \u00e4lteren Genera\u00adti\u00adon zur\u00fcck\u00adzu\u00adf\u00fch\u00adren zu sein, die Kontrol\u00adle abzuge\u00adben und zugleich an der&nbsp; Zur\u00fcck\u00adhal\u00adtung der poten\u00adzi\u00adel\u00adlen Nachfol\u00adger, ihre Ambitio\u00adnen und Ideen auszu\u00addr\u00fc\u00adcken. Um Konflik\u00adten vorzu\u00adbeu\u00adgen, ist es entschei\u00addend, dass die Famili\u00aden\u00admit\u00adglie\u00adder offen und ehrlich mitein\u00adan\u00adder kommunizieren.<\/p>\n\n\n\n<p>Regel\u00adm\u00e4\u00ad\u00dfi\u00adge Famili\u00aden\u00adtref\u00adfen, offene Gespr\u00e4\u00adche \u00fcber Ziele und W\u00fcnsche sowie klare Rollen- und Verant\u00adwort\u00adlich\u00adkeits\u00adde\u00adfi\u00adni\u00adtio\u00adnen k\u00f6nnen dabei helfen, Missver\u00adst\u00e4nd\u00adnis\u00adse auszu\u00adr\u00e4u\u00admen und eine reibungs\u00adlo\u00adse Nachfol\u00adge im Unter\u00adneh\u00admen sicher\u00adzu\u00adstel\u00adlen. Beson\u00adders das automa\u00adti\u00adsche und unbewuss\u00adte Rollen\u00adver\u00adhal\u00adten zwischen Firma und Familie ist h\u00e4ufig die Ursache f\u00fcr eine ungefil\u00adter\u00adte Verhal\u00adtens\u00ad\u00fcber\u00adtra\u00adgung aus der Rolle der Firmen\u00adf\u00fch\u00adrung hinein in die Rolle der Familienf\u00fchrung.<\/p>\n\n\n\n<div style=\"height:24px\" aria-hidden=\"true\" class=\"wp-block-spacer\"><\/div>\n\n\n\n<h2 class=\"wp-block-heading\" id=\"2\"><strong><strong><strong>2 Eleva\u00adda press\u00e3o das expectativas<\/strong><\/strong><\/strong><\/h2>\n\n\n\n<p>Der hohe Erwar\u00adtungs\u00addruck auf den oder die Nachfol\u00adger in Famili\u00aden\u00adun\u00adter\u00adneh\u00admen ist ein h\u00e4ufi\u00adger Konflikt\u00adpunkt. Dieser Druck kommt von der \u00e4lteren Genera\u00adti\u00adon und anderen Stake\u00adhol\u00addern, die bestimm\u00adte Erwar\u00adtun\u00adgen an die \u00dcbernah\u00adme und an die neue F\u00fchrungs\u00adper\u00adson&nbsp;haben.<\/p>\n\n\n\n<p>Um damit umzuge\u00adhen, ist es wichtig, realis\u00adti\u00adsche Erwar\u00adtun\u00adgen zu haben und den Nachfol\u00adgern Raum zur Entfal\u00adtung zu geben. Klar definier\u00adte Ziele und regel\u00adm\u00e4\u00ad\u00dfi\u00adge Feedback\u00adge\u00adspr\u00e4\u00adche k\u00f6nnen den Erwar\u00adtungs\u00addruck reduzie\u00adren und den Nachfol\u00adgern erm\u00f6g\u00adli\u00adchen, zu lernen und zu wachsen.<\/p>\n\n\n\n<div style=\"height:24px\" aria-hidden=\"true\" class=\"wp-block-spacer\"><\/div>\n\n\n\n<h2 class=\"wp-block-heading\" id=\"3\"><strong><strong>3 Mudan\u00ad\u00e7a abrupta de gera\u00e7\u00e3o<\/strong><\/strong><\/h2>\n\n\n\n<p>Eine abrup\u00adte Nachfol\u00adge oder eine zu kurze \u00dcbergangs\u00adpha\u00adse zwischen den Genera\u00adtio\u00adnen kann zu erheb\u00adli\u00adchen Konflik\u00adten und Unsicher\u00adhei\u00adten f\u00fchren. Ohne ausrei\u00adchend Zeit f\u00fcr eine \u00dcberga\u00adbe und Vorbe\u00adrei\u00adtung, kann dies zu St\u00f6run\u00adgen im Gesch\u00e4fts\u00adbe\u00adtrieb und Verun\u00adsi\u00adche\u00adrun\u00adgen bei Mitar\u00adbei\u00adtern und Kunden f\u00fchren.<\/p>\n\n\n\n<p>Eine angemes\u00adse\u00adne \u00dcbergangs\u00adpha\u00adse ist ratsam, um der n\u00e4chs\u00adten Genera\u00adti\u00adon die Vorbe\u00adrei\u00adtung auf ihre zuk\u00fcnf\u00adti\u00adge Rolle zu erm\u00f6g\u00adli\u00adchen und schritt\u00adwei\u00adse mehr Verant\u00adwor\u00adtung zu \u00fcberneh\u00admen. Dies kann durch Mento\u00adring, exter\u00adne Berater und enge Zusam\u00admen\u00adar\u00adbeit zwischen den Genera\u00adtio\u00adnen erreicht werden. Ebenso muss die Person des \u00dcberge\u00adben\u00adden lernen, die bishe\u00adri\u00adge Rolle Schritt f\u00fcr Schritt zu verlassen.<\/p>\n\n\n\n<p>Eine gute Kommu\u00adni\u00adka\u00adti\u00adon und klare Abspra\u00adchen sind entschei\u00addend, um einen reibungs\u00adlo\u00adsen Generations\u00adwechsel zu gew\u00e4hrleisten.<\/p>\n\n\n\n<div style=\"height:24px\" aria-hidden=\"true\" class=\"wp-block-spacer\"><\/div>\n\n\n\n<div class=\"wp-block-columns is-layout-flex wp-container-core-columns-is-layout-28f84493 wp-block-columns-is-layout-flex\">\n<div class=\"wp-block-column is-layout-flow wp-block-column-is-layout-flow\">\n<p class=\"has-medium-font-size\">Descar\u00adre\u00adgar o rotei\u00adro de suces\u00ads\u00e3o da <span class=\"caps\">KERN<\/span> como&nbsp;<span class=\"caps\">PDF<\/span><\/p>\n<\/div>\n\n\n\n<div class=\"wp-block-column is-layout-flow wp-block-column-is-layout-flow\">\n<div class=\"wp-block-buttons is-content-justification-center is-layout-flex wp-container-core-buttons-is-layout-a89b3969 wp-block-buttons-is-layout-flex\">\n<div class=\"wp-block-button\"><a class=\"wp-block-button__link has-black-color has-text-color has-background wp-element-button\" href=\"https:\/\/www.kern-unternehmensnachfolge.com\/wp-content\/uploads\/2023\/06\/KERN-Nachfolge-Fahrplan-in-3-Linien.pptx.pdf\" style=\"background-color:#f0bb38\">Descar\u00adre\u00adgar o rotei\u00adro da sucess\u00e3o<\/a><\/div>\n<\/div>\n<\/div>\n<\/div>\n\n\n\n<div style=\"height:24px\" aria-hidden=\"true\" class=\"wp-block-spacer\"><\/div>\n\n\n\n<h2 class=\"wp-block-heading\" id=\"4\"><strong><strong>4 Planea\u00admen\u00adto inade\u00adqua\u00addo da suces\u00ads\u00e3o empresarial<\/strong><\/strong><\/h2>\n\n\n\n<p>Eine unzurei\u00adchen\u00adde Unternehmens\u00adnachfolge f\u00fchrt in Unter\u00adneh\u00admer\u00adfa\u00admi\u00adli\u00aden oft zu Strei\u00adtig\u00adkei\u00adten. Eine erfolg\u00adrei\u00adche Nachfol\u00adge erfor\u00addert eine langfris\u00adti\u00adge Perspek\u00adti\u00adve, strate\u00adgi\u00adsche Planung und profes\u00adsio\u00adnel\u00adle Beratung.<\/p>\n\n\n\n<p>Die Berater sollten dabei ausdr\u00fcck\u00adlich nicht mit dem Famili\u00aden\u00adsys\u00adtem verbun\u00adden sein. Bsp: Der langj\u00e4h\u00adri\u00adge Rechts\u00adan\u00adwalt oder Steuer\u00adbe\u00adra\u00adter der Familie besitzt nicht die emotio\u00adna\u00adle Neutra\u00adli\u00adt\u00e4t. M\u00f6gli\u00adcher\u00adwei\u00adse auch nicht die Ausbil\u00addung, um einen anspruchs\u00advol\u00adlen Famili\u00aden\u00adpro\u00adzess zu moderieren.<\/p>\n\n\n\n<p>Ein detail\u00adlier\u00adter Nachfol\u00adge\u00adplan mit klaren Rollen, Eigen\u00adtums\u00adre\u00adge\u00adlun\u00adgen und einer Zukunfts\u00advi\u00adsi\u00adon f\u00fcr das Unter\u00adneh\u00admen minimiert Streit. Offene Kommu\u00adni\u00adka\u00adti\u00adon und regel\u00adm\u00e4\u00ad\u00dfi\u00adge \u00dcberpr\u00fc\u00adfung stellen sicher, dass der Plan den sich \u00e4ndern\u00adden Bed\u00fcrf\u00adnis\u00adsen und Zielen gerecht wird.<\/p>\n\n\n\n<div style=\"height:24px\" aria-hidden=\"true\" class=\"wp-block-spacer\"><\/div>\n\n\n\n<h2 class=\"wp-block-heading\" id=\"5\"><strong><strong><strong>5 Festhal\u00adten der \u00e4lteren Generation<\/strong><\/strong><\/strong><\/h2>\n\n\n\n<div style=\"height:24px\" aria-hidden=\"true\" class=\"wp-block-spacer\"><\/div>\n\n\n\n<figure class=\"wp-block-embed is-type-video is-provider-youtube wp-block-embed-youtube wp-embed-aspect-16-9 wp-has-aspect-ratio\"><div class=\"wp-block-embed__wrapper\">\n<iframe loading=\"lazy\" title=\"O autor Nils Koerber fala sobre o livro sobre sucess\u00e3o empresarial\" width=\"500\" height=\"281\" src=\"https:\/\/www.youtube.com\/embed\/tlNQ7u_pTQM?feature=oembed\" frameborder=\"0\" allow=\"accelerometer; autoplay; clipboard-write; encrypted-media; gyroscope; picture-in-picture; web-share\" referrerpolicy=\"strict-origin-when-cross-origin\" allowfullscreen><\/iframe>\n<\/div><\/figure>\n\n\n\n<div style=\"height:32px\" aria-hidden=\"true\" class=\"wp-block-spacer\"><\/div>\n\n\n\n<p>Das Festhal\u00adten der \u00e4lteren Genera\u00adti\u00adon an der F\u00fchrung des Famili\u00aden\u00adun\u00adter\u00adneh\u00admens birgt ebenfalls Konflikt\u00adpo\u00adten\u00adzi\u00adal. Gr\u00fcnde daf\u00fcr sind der Stolz an der Firma, Angst vor Ver\u00e4n\u00adde\u00adrung, finan\u00adzi\u00adel\u00adle Unsicher\u00adheit und fehlen\u00addes Inter\u00ades\u00adse au\u00dfer\u00adhalb des Unternehmens.<\/p>\n\n\n\n<p>Es ist wichtig, dass die \u00e4ltere Genera\u00adti\u00adon den Wert einer geord\u00adne\u00adten Nachfol\u00adge erkennt und schritt\u00adwei\u00adse die Verant\u00adwor\u00adtung abgibt. Offene Gespr\u00e4\u00adche \u00fcber Sorgen und \u00c4ngste sowie eine angemes\u00adse\u00adne \u00dcbergangs\u00adpha\u00adse k\u00f6nnen helfen. Vertrau\u00aden in die n\u00e4chs\u00adte Genera\u00adti\u00adon und klare Kommu\u00adni\u00adka\u00adti\u00adon \u00fcber Erwar\u00adtun\u00adgen und Ziele sind entscheidend.<\/p>\n\n\n\n<div style=\"height:24px\" aria-hidden=\"true\" class=\"wp-block-spacer\"><\/div>\n\n\n\n<h2 class=\"wp-block-heading\" id=\"6\"><strong><strong>6 Sperren gegen moder\u00adne F\u00fchrungsmethoden<\/strong><\/strong><\/h2>\n\n\n\n<div style=\"height:24px\" aria-hidden=\"true\" class=\"wp-block-spacer\"><\/div>\n\n\n\n<figure class=\"wp-block-image size-full is-resized\"><img loading=\"lazy\" decoding=\"async\" width=\"1024\" height=\"768\" src=\"https:\/\/www.kern-unternehmensnachfolge.com\/wp-content\/uploads\/2023\/06\/Die-modernen-Fuehrungsmethoden-in-der-grafischen-Uebersicht.png\" alt=\"Os m\u00e9todos de lideran\u00e7a modernos numa perspetiva gr\u00e1fica\" class=\"wp-image-26606\" style=\"width:768px;height:576px\" srcset=\"https:\/\/www.kern-unternehmensnachfolge.com\/wp-content\/uploads\/2023\/06\/Die-modernen-Fuehrungsmethoden-in-der-grafischen-Uebersicht.png 1024w, https:\/\/www.kern-unternehmensnachfolge.com\/wp-content\/uploads\/2023\/06\/Die-modernen-Fuehrungsmethoden-in-der-grafischen-Uebersicht-300x225.png 300w, https:\/\/www.kern-unternehmensnachfolge.com\/wp-content\/uploads\/2023\/06\/Die-modernen-Fuehrungsmethoden-in-der-grafischen-Uebersicht-768x576.png 768w, https:\/\/www.kern-unternehmensnachfolge.com\/wp-content\/uploads\/2023\/06\/Die-modernen-Fuehrungsmethoden-in-der-grafischen-Uebersicht-16x12.png 16w, https:\/\/www.kern-unternehmensnachfolge.com\/wp-content\/uploads\/2023\/06\/Die-modernen-Fuehrungsmethoden-in-der-grafischen-Uebersicht-600x450.png 600w\" sizes=\"auto, (max-width: 1024px) 100vw, 1024px\"><\/figure>\n\n\n\n<div style=\"height:32px\" aria-hidden=\"true\" class=\"wp-block-spacer\"><\/div>\n\n\n\n<p>In Unter\u00adneh\u00admen kann es zu Konflik\u00adten kommen, wenn \u00e4ltere und j\u00fcnge\u00adre Genera\u00adtio\u00adnen unter\u00adschied\u00adli\u00adche Ansich\u00adten und Werte\u00adpa\u00adra\u00adme\u00adter haben. Dies kann das Wachs\u00adtum und die Innova\u00adti\u00adon beeintr\u00e4chtigen.<\/p>\n\n\n\n<p>\u00c4ltere Mitar\u00adbei\u00adter sollten offen f\u00fcr Ver\u00e4n\u00adde\u00adrun\u00adgen sein und von j\u00fcnge\u00adren lernen. Exter\u00adne Exper\u00adten und ein respekt\u00advol\u00adler Austausch k\u00f6nnen dabei helfen, moder\u00adne F\u00fchrungs\u00adme\u00adtho\u00adden zu imple\u00admen\u00adtie\u00adren und eine offene Unter\u00adneh\u00admens\u00adkul\u00adtur zu f\u00f6rdern.<\/p>\n\n\n\n<p>Eine ausge\u00adwo\u00adge\u00adne Mischung aus Tradi\u00adti\u00adon und Innova\u00adti\u00adon ist entschei\u00addend f\u00fcr den Erfolg von Famili\u00aden\u00adun\u00adter\u00adneh\u00admen. Famili\u00aden\u00admit\u00adglie\u00adder sollten gemein\u00adsam an einer zukunfts\u00adori\u00aden\u00adtier\u00adten Vision arbei\u00adten und die Vortei\u00adle moder\u00adner F\u00fchrungs\u00adme\u00adtho\u00adden erkennen.<\/p>\n\n\n\n<p>Schulun\u00adgen und Weiter\u00adbil\u00addung helfen beiden Genera\u00adtio\u00adnen, mit aktuel\u00adlen Trends und Prakti\u00adken vertraut zu werden und Ver\u00e4n\u00adde\u00adrun\u00adgen zu akzep\u00adtie\u00adren und im Ideal\u00adfall aktiv zu unterst\u00fctzen.<\/p>\n\n\n\n<div style=\"height:24px\" aria-hidden=\"true\" class=\"wp-block-spacer\"><\/div>\n\n\n\n<h2 class=\"wp-block-heading\" id=\"7\"><strong><strong>7 Zu enger oder auch zu locke\u00adrer Rahmen f\u00fcr Nachfolger<\/strong><\/strong><\/h2>\n\n\n\n<p>Ein unange\u00admes\u00adse\u00adner Rahmen f\u00fcr Nachfol\u00adger in Unter\u00adneh\u00admen kann zu Konflik\u00adten f\u00fchren. Ein zu enger Rahmen schr\u00e4nkt ihre Kreati\u00advi\u00adt\u00e4t und ihr Poten\u00adzi\u00adal ein, w\u00e4hrend ein zu locke\u00adrer Rahmen Unsicher\u00adheit und mangeln\u00adde Orientierungverursacht.<\/p>\n\n\n\n<p>Es ist wichtig, klare Leitli\u00adni\u00aden und Erwar\u00adtun\u00adgen festzu\u00adle\u00adgen, um den Nachfol\u00adgern Orien\u00adtie\u00adrung zu geben und gleich\u00adzei\u00adtig ihre indivi\u00addu\u00adel\u00adlen F\u00e4hig\u00adkei\u00adten zu ber\u00fcck\u00adsich\u00adti\u00adgen. Der konstruk\u00adti\u00adve Diskurs der Erwar\u00adtun\u00adgen, W\u00fcnsche, Hoffnun\u00adge und \u00c4ngste beider Genera\u00adtio\u00adne\u00adnen ist der Schl\u00fcs\u00adsel f\u00fcr eine perfekt Nachfol\u00adge und \u00dcbergabe.<\/p>\n\n\n\n<p>Eine ausge\u00adwo\u00adge\u00adne Mischung aus Unter\u00adst\u00fct\u00adzung und Freiheit erm\u00f6g\u00adlicht es den Nachfol\u00adgern, erfolg\u00adreich zu agieren und den Erfolg des Famili\u00aden\u00adun\u00adter\u00adneh\u00admens zu gew\u00e4hrleisten.<\/p>\n\n\n\n<p>Beson\u00adders f\u00fcr Menschen, die vor (!) einer Entschei\u00addung f\u00fcr das Unter\u00adneh\u00admer\u00adtum stehen und selbst m\u00f6gli\u00adcher\u00adwei\u00adse ihre Poten\u00adtia\u00adle nicht klar einsch\u00e4t\u00adzen k\u00f6nnen oder sogar Unklar\u00adheit mit den Rollen inner\u00adhalb von Geschwis\u00adtern haben, empfeh\u00adlen wir ein moder\u00adnes und wissen\u00adschaft\u00adlich basier\u00adtes Online-Assessment:<\/p>\n\n\n\n<div style=\"height:24px\" aria-hidden=\"true\" class=\"wp-block-spacer\"><\/div>\n\n\n\n<figure class=\"wp-block-embed is-type-video is-provider-youtube wp-block-embed-youtube wp-embed-aspect-16-9 wp-has-aspect-ratio\"><div class=\"wp-block-embed__wrapper\">\n<iframe loading=\"lazy\" title=\"mein-unternehmercheck.com - Uma Avalia\u00e7\u00e3o Online da KERN para o Empreendedorismo\" width=\"500\" height=\"281\" src=\"https:\/\/www.youtube.com\/embed\/elWk6vI8yHs?feature=oembed\" frameborder=\"0\" allow=\"accelerometer; autoplay; clipboard-write; encrypted-media; gyroscope; picture-in-picture; web-share\" referrerpolicy=\"strict-origin-when-cross-origin\" allowfullscreen><\/iframe>\n<\/div><\/figure>\n\n\n\n<div style=\"height:32px\" aria-hidden=\"true\" class=\"wp-block-spacer\"><\/div>\n\n\n\n<h2 class=\"wp-block-heading\" id=\"8\"><strong><strong><strong>8 Consul\u00adto\u00adres n\u00e3o especia\u00adliz\u00adados ou especia\u00adliz\u00adados de forma incorrecta<\/strong><\/strong><\/strong><\/h2>\n\n\n\n<p>Erfah\u00adre\u00adne und quali\u00adfi\u00adzier\u00adte Berater sind entschei\u00addend f\u00fcr eine erfolg\u00adrei\u00adche Nachfol\u00adge\u00adpla\u00adnung und Konflikt\u00adbe\u00adw\u00e4l\u00adti\u00adgung in Unter\u00adneh\u00admen. Es ist wichtig, Berater einzu\u00adbe\u00adzie\u00adhen, die \u00fcber umfas\u00adsen\u00addes Fachwis\u00adsen in der Nachfol\u00adge\u00adpla\u00adnung und famili\u00e4\u00adren Dynamik verf\u00fc\u00adgen und keine emotio\u00adna\u00adle Verflech\u00adtung mit dem betrof\u00adfe\u00adnen Famili\u00aden\u00adsys\u00adtem besitzen<\/p>\n\n\n\n<p>Sie k\u00f6nnen bei der Entwick\u00adlung ma\u00dfge\u00adschnei\u00adder\u00adter Nachfol\u00adge\u00adpl\u00e4\u00adne helfen und bei der L\u00f6sung von Genera\u00adtio\u00adnen\u00adkon\u00adflik\u00adten vermit\u00adteln. Ohne die richti\u00adge Beratung kann es zu subop\u00adti\u00adma\u00adler Planung und Durch\u00adf\u00fch\u00adrung der Unternehmens\u00adnachfolge kommen, w\u00e4hrend die Wahl von Beratern ohne spezi\u00adfi\u00adsches Wissen \u00fcber Famili\u00aden\u00adun\u00adter\u00adneh\u00admen zu Proble\u00admen f\u00fchren kann.<\/p>\n\n\n\n<p>Es ist ratsam, fr\u00fchzei\u00adtig quali\u00adfi\u00adzier\u00adte Berater einzu\u00adbe\u00adzie\u00adhen, um sicher\u00adzu\u00adstel\u00adlen, dass sie \u00fcber die erfor\u00adder\u00adli\u00adchen Quali\u00adfi\u00adka\u00adtio\u00adnen und Erfah\u00adrun\u00adgen verf\u00fc\u00adgen, um den Nachfol\u00adge\u00adpro\u00adzess reibungs\u00adlos zu gestal\u00adten und poten\u00adzi\u00adel\u00adle Proble\u00adme effek\u00adtiv zu bew\u00e4ltigen.<\/p>\n\n\n\n<div style=\"height:24px\" aria-hidden=\"true\" class=\"wp-block-spacer\"><\/div>\n\n\n\n<figure class=\"wp-block-embed is-type-video is-provider-youtube wp-block-embed-youtube wp-embed-aspect-16-9 wp-has-aspect-ratio\"><div class=\"wp-block-embed__wrapper\">\n<iframe loading=\"lazy\" title=\"Quer tornar-se um empres\u00e1rio? Gostaria de adquirir ou comprar uma empresa?\" width=\"500\" height=\"281\" src=\"https:\/\/www.youtube.com\/embed\/JJKZxJvMP7c?feature=oembed\" frameborder=\"0\" allow=\"accelerometer; autoplay; clipboard-write; encrypted-media; gyroscope; picture-in-picture; web-share\" referrerpolicy=\"strict-origin-when-cross-origin\" allowfullscreen><\/iframe>\n<\/div><\/figure>\n\n\n\n<div style=\"height:32px\" aria-hidden=\"true\" class=\"wp-block-spacer\"><\/div>\n\n\n\n<h3 class=\"wp-block-heading\" id=\"4\"><strong><strong><strong>Berater f\u00fcr die Nachfol\u00adge in Familienunternehmen<\/strong><\/strong><\/strong><\/h3>\n\n\n\n<p><span class=\"caps\">KERN<\/span> bietet spezia\u00adli\u00adsier\u00adte Beratungs\u00addienst\u00adleis\u00adtun\u00adgen f\u00fcr Famili\u00aden\u00adun\u00adter\u00adneh\u00admen an, um ma\u00dfge\u00adschnei\u00adder\u00adte Nachfol\u00adge\u00adpl\u00e4\u00adne zu entwi\u00adckeln und Genera\u00adtio\u00adnen\u00adkon\u00adflik\u00adte zu bew\u00e4ltigen.<\/p>\n\n\n\n<p>Unsere erfah\u00adre\u00adnen Berater und Netzwerk\u00adpart\u00adner sind Exper\u00adten in den Berei\u00adchen Nachfol\u00adge\u00adpla\u00adnung, famili\u00e4\u00adre Dynamik, Erb- und Steuer\u00adrecht sowie Unter\u00adneh\u00admens\u00adbe\u00adwer\u00adtung. Wir arbei\u00adten eng mit Unter\u00adneh\u00admer\u00adfa\u00admi\u00adli\u00aden zusam\u00admen, um Ihre indivi\u00addu\u00adel\u00adlen Bed\u00fcrf\u00adnis\u00adse und Ziele zu ber\u00fcck\u00adsich\u00adti\u00adgen. Durch offene Kommu\u00adni\u00adka\u00adti\u00adon und einen ganzheit\u00adli\u00adchen Ansatz unter\u00adst\u00fct\u00adzen wir Sie dabei, den richti\u00adgen Rahmen f\u00fcr die Nachfol\u00adger zu schaf\u00adfen und Konflik\u00adte zu&nbsp;l\u00f6sen.<\/p>\n\n\n\n<p>Kontak\u00adtie\u00adren Sie uns noch heute, um einen Beratungs\u00adter\u00admin zu verein\u00adba\u00adren und Ihre spezi\u00adfi\u00adschen Heraus\u00adfor\u00adde\u00adrun\u00adgen anzuge\u00adhen. Gemein\u00adsam k\u00f6nnen wir einen erfolg\u00adrei\u00adchen Generations\u00adwechsel in Ihrem Unter\u00adneh\u00admen erm\u00f6glichen.<\/p>\n\n\n\n<div style=\"height:24px\" aria-hidden=\"true\" class=\"wp-block-spacer\"><\/div>\n\n\n\n<h2 class=\"wp-block-heading\" id=\"9\"><strong><strong>Konflik\u00adte l\u00f6sen durch Mediation<\/strong><\/strong><\/h2>\n\n\n\n<div style=\"height:24px\" aria-hidden=\"true\" class=\"wp-block-spacer\"><\/div>\n\n\n\n<figure class=\"wp-block-embed is-type-video is-provider-youtube wp-block-embed-youtube wp-embed-aspect-16-9 wp-has-aspect-ratio\"><div class=\"wp-block-embed__wrapper\">\n<iframe loading=\"lazy\" title=\"Streit und Probleme bei der Unternehmensnachfolge? \u2013 Konfliktl\u00f6sungen f\u00fcr Familienunternehmen\" width=\"500\" height=\"281\" src=\"https:\/\/www.youtube.com\/embed\/Xc-thulZBaw?feature=oembed\" frameborder=\"0\" allow=\"accelerometer; autoplay; clipboard-write; encrypted-media; gyroscope; picture-in-picture; web-share\" referrerpolicy=\"strict-origin-when-cross-origin\" allowfullscreen><\/iframe>\n<\/div><\/figure>\n\n\n\n<div style=\"height:32px\" aria-hidden=\"true\" class=\"wp-block-spacer\"><\/div>\n\n\n\n<p>Streit zwischen den Genera\u00adtio\u00adnen in Famili\u00aden\u00adun\u00adter\u00adneh\u00admen w\u00e4hrend des Nachfol\u00adge\u00adpro\u00adzes\u00adses k\u00f6nnen effek\u00adtiv durch <a href=\"https:\/\/www.bmj.de\/DE\/Themen\/GerichtsverfahrenUndStreitschlichtung\/Mediation\/Mediation.html#:~:text=Mediation%20ist%20danach%20ein%20strukturiertes,einvernehmliche%20Beilegung%20ihres%20Konflikts%20anstreben.\" target=\"_blank\" rel=\"noopener\">Media\u00ad\u00e7\u00e3o<\/a> gel\u00f6st werden. Ein neutra\u00adler und profes\u00adsio\u00adnel\u00adler Media\u00adtor f\u00f6rdert offene Kommu\u00adni\u00adka\u00adti\u00adon, kl\u00e4rt Missver\u00adst\u00e4nd\u00adnis\u00adse und hilft, Konflik\u00adte konstruk\u00adtiv anzugehen.<\/p>\n\n\n\n<p>Durch struk\u00adtu\u00adrier\u00adte Gespr\u00e4\u00adche werden gemein\u00adsa\u00adme Inter\u00ades\u00adsen und Kompro\u00admiss\u00adm\u00f6g\u00adlich\u00adkei\u00adten heraus\u00adge\u00adar\u00adbei\u00adtet, um Win-win-L\u00f6sun\u00adgen zu finden. Die Media\u00adti\u00adon bietet den Betei\u00adlig\u00adten Kontrol\u00adle \u00fcber den Konflikt und f\u00f6rdert langfris\u00adtig die Bezie\u00adhun\u00adgen inner\u00adhalb der Familie.<\/p>\n\n\n\n<p>Unsere erfah\u00adre\u00adnen Media\u00adto\u00adren unter\u00adst\u00fct\u00adzen Famili\u00aden\u00adun\u00adter\u00adneh\u00admen dabei, Konflik\u00adte im Zusam\u00admen\u00adhang mit der Unternehmens\u00adnachfolge zu l\u00f6sen und einen harmo\u00adni\u00adschen Generations\u00adwechsel zu erm\u00f6g\u00adli\u00adchen. Kontak\u00adtie\u00adren Sie unsere Media\u00adto\u00adren, um ma\u00dfge\u00adschnei\u00adder\u00adte L\u00f6sun\u00adgen f\u00fcr Ihre spezi\u00adfi\u00adschen Konflik\u00adte im Nachfol\u00adge\u00adpro\u00adzess zu finden.<\/p>\n\n\n\n<div style=\"height:24px\" aria-hidden=\"true\" class=\"wp-block-spacer\"><\/div>\n\n\n\n<h2 class=\"wp-block-heading\" id=\"10\"><strong><strong>Conclus\u00e3o<\/strong><\/strong><\/h2>\n\n\n\n<p>In Famili\u00aden\u00adun\u00adter\u00adneh\u00admen k\u00f6nnen Konflik\u00adte und Proble\u00adme w\u00e4hrend des Nachfol\u00adge\u00adpro\u00adzes\u00adses auftre\u00adten. H\u00e4ufi\u00adge Heraus\u00adfor\u00adde\u00adrun\u00adgen sind mangeln\u00adde Kommu\u00adni\u00adka\u00adti\u00adon, hoher Erwar\u00adtungs\u00addruck, ein abrup\u00adter Generations\u00adwechsel, unzurei\u00adchen\u00adde Planung der Unternehmens\u00adnachfolge, das Festhal\u00adten und das Vermi\u00adschen von Rollen zwischen Familie und Firma, ein zu enger oder zu locke\u00adrer Rahmen f\u00fcr die Nachfol\u00adger sowie fehlen\u00adde oder falsch spezia\u00adli\u00adsier\u00adte Berater.<\/p>\n\n\n\n<p>Um diese Proble\u00adme zu l\u00f6sen, ist es wichtig, offene Kommu\u00adni\u00adka\u00adti\u00adon, klare Rollen und Verant\u00adwort\u00adlich\u00adkei\u00adten, angemes\u00adse\u00adne \u00dcbergangs\u00adpha\u00adsen, eine strate\u00adgi\u00adsche Planung, den Wert von Ver\u00e4n\u00adde\u00adrun\u00adgen zu erken\u00adnen und geeig\u00adne\u00adte Berater einzu\u00adbe\u00adzie\u00adhen. Bei Konflik\u00adten kann die Media\u00adti\u00adon helfen, eine harmo\u00adni\u00adsche Genera\u00adti\u00adons\u00ad\u00fcber\u00adga\u00adbe zu f\u00f6rdern.<\/p>\n\n\n\n<div style=\"height:24px\" aria-hidden=\"true\" class=\"wp-block-spacer\"><\/div>","protected":false},"excerpt":{"rendered":"<p>Konflikte in Familienunternehmen w\u00e4hrend der Nachfolge erfordern offene Kommunikation, realistische Erwartungen, angemessene \u00dcbergangsphasen, sorgf\u00e4ltige Planung und qualifizierte Berater, die emotional [&hellip;]<\/p>\n","protected":false},"author":28,"featured_media":26621,"comment_status":"closed","ping_status":"closed","sticky":false,"template":"","format":"standard","meta":{"wp_typography_post_enhancements_disabled":false,"_kad_blocks_custom_css":"","_kad_blocks_head_custom_js":"","_kad_blocks_body_custom_js":"","_kad_blocks_footer_custom_js":"","site-sidebar-layout":"default","site-content-layout":"","ast-site-content-layout":"default","site-content-style":"default","site-sidebar-style":"default","ast-global-header-display":"","ast-banner-title-visibility":"","ast-main-header-display":"","ast-hfb-above-header-display":"","ast-hfb-below-header-display":"","ast-hfb-mobile-header-display":"","site-post-title":"","ast-breadcrumbs-content":"","ast-featured-img":"","footer-sml-layout":"","ast-disable-related-posts":"","theme-transparent-header-meta":"","adv-header-id-meta":"","stick-header-meta":"","header-above-stick-meta":"","header-main-stick-meta":"","header-below-stick-meta":"","astra-migrate-meta-layouts":"set","ast-page-background-enabled":"default","ast-page-background-meta":{"desktop":{"background-color":"","background-image":"","background-repeat":"repeat","background-position":"center center","background-size":"auto","background-attachment":"scroll","background-type":"","background-media":"","overlay-type":"","overlay-color":"","overlay-opacity":"","overlay-gradient":""},"tablet":{"background-color":"","background-image":"","background-repeat":"repeat","background-position":"center center","background-size":"auto","background-attachment":"scroll","background-type":"","background-media":"","overlay-type":"","overlay-color":"","overlay-opacity":"","overlay-gradient":""},"mobile":{"background-color":"","background-image":"","background-repeat":"repeat","background-position":"center center","background-size":"auto","background-attachment":"scroll","background-type":"","background-media":"","overlay-type":"","overlay-color":"","overlay-opacity":"","overlay-gradient":""}},"ast-content-background-meta":{"desktop":{"background-color":"var(--ast-global-color-5)","background-image":"","background-repeat":"repeat","background-position":"center center","background-size":"auto","background-attachment":"scroll","background-type":"","background-media":"","overlay-type":"","overlay-color":"","overlay-opacity":"","overlay-gradient":""},"tablet":{"background-color":"var(--ast-global-color-5)","background-image":"","background-repeat":"repeat","background-position":"center center","background-size":"auto","background-attachment":"scroll","background-type":"","background-media":"","overlay-type":"","overlay-color":"","overlay-opacity":"","overlay-gradient":""},"mobile":{"background-color":"var(--ast-global-color-5)","background-image":"","background-repeat":"repeat","background-position":"center center","background-size":"auto","background-attachment":"scroll","background-type":"","background-media":"","overlay-type":"","overlay-color":"","overlay-opacity":"","overlay-gradient":""}},"iawp_total_views":16,"footnotes":""},"categories":[1],"tags":[195,197,833,198],"class_list":["post-26598","post","type-post","status-publish","format-standard","has-post-thumbnail","hentry","category-unternehmensnachfolge-2","tag-familienunternehmen","tag-generationswechsel","tag-mediation-konfliktloesung","tag-unternehmensnachfolge"],"taxonomy_info":{"category":[{"value":1,"label":"Unternehmensnachfolge"}],"post_tag":[{"value":195,"label":"Familienunternehmen"},{"value":197,"label":"Generationswechsel"},{"value":833,"label":"Mediation &amp; Konfliktl\u00f6sung"},{"value":198,"label":"Unternehmensnachfolge"}]},"featured_image_src_large":["https:\/\/www.kern-unternehmensnachfolge.com\/wp-content\/uploads\/2023\/06\/KERN-Beitragsbild-1024x683.png",1024,683,true],"author_info":{"display_name":"Roland Greppmair","author_link":"https:\/\/www.kern-unternehmensnachfolge.com\/pt\/author\/greppmair\/"},"comment_info":0,"category_info":[{"term_id":1,"name":"Unternehmensnachfolge","slug":"unternehmensnachfolge-2","term_group":0,"term_taxonomy_id":1,"taxonomy":"category","description":"","parent":0,"count":280,"filter":"raw","cat_ID":1,"category_count":280,"category_description":"","cat_name":"Unternehmensnachfolge","category_nicename":"unternehmensnachfolge-2","category_parent":0}],"tag_info":[{"term_id":195,"name":"Familienunternehmen","slug":"familienunternehmen","term_group":0,"term_taxonomy_id":195,"taxonomy":"post_tag","description":"","parent":0,"count":103,"filter":"raw"},{"term_id":197,"name":"Generationswechsel","slug":"generationswechsel","term_group":0,"term_taxonomy_id":197,"taxonomy":"post_tag","description":"","parent":0,"count":128,"filter":"raw"},{"term_id":833,"name":"Mediation &amp; Konfliktl\u00f6sung","slug":"mediation-konfliktloesung","term_group":0,"term_taxonomy_id":833,"taxonomy":"post_tag","description":"","parent":0,"count":18,"filter":"raw"},{"term_id":198,"name":"Unternehmensnachfolge","slug":"unternehmensnachfolge","term_group":0,"term_taxonomy_id":198,"taxonomy":"post_tag","description":"","parent":0,"count":189,"filter":"raw"}],"_links":{"self":[{"href":"https:\/\/www.kern-unternehmensnachfolge.com\/pt\/wp-json\/wp\/v2\/posts\/26598","targetHints":{"allow":["GET"]}}],"collection":[{"href":"https:\/\/www.kern-unternehmensnachfolge.com\/pt\/wp-json\/wp\/v2\/posts"}],"about":[{"href":"https:\/\/www.kern-unternehmensnachfolge.com\/pt\/wp-json\/wp\/v2\/types\/post"}],"author":[{"embeddable":true,"href":"https:\/\/www.kern-unternehmensnachfolge.com\/pt\/wp-json\/wp\/v2\/users\/28"}],"replies":[{"embeddable":true,"href":"https:\/\/www.kern-unternehmensnachfolge.com\/pt\/wp-json\/wp\/v2\/comments?post=26598"}],"version-history":[{"count":0,"href":"https:\/\/www.kern-unternehmensnachfolge.com\/pt\/wp-json\/wp\/v2\/posts\/26598\/revisions"}],"wp:featuredmedia":[{"embeddable":true,"href":"https:\/\/www.kern-unternehmensnachfolge.com\/pt\/wp-json\/wp\/v2\/media\/26621"}],"wp:attachment":[{"href":"https:\/\/www.kern-unternehmensnachfolge.com\/pt\/wp-json\/wp\/v2\/media?parent=26598"}],"wp:term":[{"taxonomy":"category","embeddable":true,"href":"https:\/\/www.kern-unternehmensnachfolge.com\/pt\/wp-json\/wp\/v2\/categories?post=26598"},{"taxonomy":"post_tag","embeddable":true,"href":"https:\/\/www.kern-unternehmensnachfolge.com\/pt\/wp-json\/wp\/v2\/tags?post=26598"}],"curies":[{"name":"wp","href":"https:\/\/api.w.org\/{rel}","templated":true}]}}