{"id":24070,"date":"2025-01-06T11:30:50","date_gmt":"2025-01-06T10:30:50","guid":{"rendered":"https:\/\/great-kare.185-125-174-66.plesk.page\/?p=24070"},"modified":"2026-02-27T12:40:05","modified_gmt":"2026-02-27T11:40:05","slug":"aquisicao-de-empresas-4","status":"publish","type":"post","link":"https:\/\/www.kern-unternehmensnachfolge.com\/pt\/unternehmensuebernahme\/","title":{"rendered":"Aquisi\u00ad\u00e7\u00e3o de empre\u00adsas: guia para come\u00e7ar"},"content":{"rendered":"<p>A aquisi\u00ad\u00e7\u00e3o de uma empre\u00adsa \u00e9 uma alter\u00adna\u00adti\u00adva inter\u00ades\u00adsan\u00adte \u00e0 cria\u00e7\u00e3o de uma nova empre\u00adsa, especial\u00admen\u00adte para as <span class=\"caps\">PME<\/span>, pois permi\u00adte um arran\u00adque mais r\u00e1pido com um modelo de neg\u00f3cio compro\u00adva\u00addo. Mas como dar os primei\u00adros passos? Que medidas s\u00e3o neces\u00ads\u00e1\u00adri\u00adas para minimi\u00adzar os riscos e explo\u00adrar todo o poten\u00adcial da aquisi\u00e7\u00e3o?<\/p>\n\n\n\n<p>Neste guia, voc\u00ea apren\u00adder\u00e1 tudo o que \u00e9 importan\u00adte saber sobre o proces\u00adso de suces\u00ads\u00e3o empre\u00adsa\u00adri\u00adal. Acomp\u00adan\u00adha\u00admos voc\u00ea desde o planea\u00admen\u00adto inicial at\u00e9 a integra\u00ad\u00e7\u00e3o bem-sucedi\u00adda da sua nova empre\u00adsa e mostra\u00admos como evitar obst\u00e1culos.<\/p>\n\n\n\n<div style=\"height:40px\" aria-hidden=\"true\" class=\"wp-block-spacer\"><\/div>\n\n\n\n<h2 class=\"wp-block-heading\">N\u00e3o tem muito tempo para ler? Aqui est\u00e1 um resumo do nosso&nbsp;guia:<\/h2>\n\n\n\n<ul class=\"wp-block-list\">\n<li>A aquisi\u00ad\u00e7\u00e3o de uma empre\u00adsa pode ser vanta\u00adjo\u00adsa em rela\u00e7\u00e3o \u00e0 cria\u00e7\u00e3o de uma nova empre\u00adsa<strong> vanta\u00adgens e desvan\u00adta\u00adgens<\/strong> ter<\/li>\n\n\n\n<li>Do <strong>suces\u00ads\u00e3o no seio da fam\u00edlia para um invest\u00adi\u00addor estra\u00adt\u00e9\u00adgico<\/strong> existem v\u00e1rias op\u00e7\u00f5es<\/li>\n\n\n\n<li>Pode encon\u00adtrar o im\u00f3vel ideal atrav\u00e9s de <strong>Bolsas de valores, redes ou consul\u00adto\u00adres profi\u00ads\u00adsio\u00adnais de fus\u00f5es e aquisi\u00ad\u00e7\u00f5es<\/strong> Encontrar<\/li>\n\n\n\n<li>Duran\u00adte o proces\u00adso de verifi\u00adca\u00ad\u00e7\u00e3o e compra, obser\u00adve v\u00e1rias etapas para <strong>Obst\u00e1\u00adcu\u00adlos ou crit\u00e9\u00adri\u00ados de exclus\u00e3o<\/strong> recon\u00adhe\u00adcer a&nbsp;tempo<\/li>\n<\/ul>\n\n\n\n<div style=\"height:40px\" aria-hidden=\"true\" class=\"wp-block-spacer\"><\/div>\n\n\n\n<div class=\"wp-block-rank-math-toc-block\"><h2>\u00cdndice<\/h2><nav><ul><li><a href=\"#h-grunden-oder-unternehmensubernahme-was-passt-besser-zu-ihnen\">Criar ou adquir\u00adir uma empre\u00adsa: o que se adequa melhor a&nbsp;si?<\/a><\/li><li><a href=\"#h-vorteile-einer-unternehmensubernahme\">Vanta\u00adgens de uma aquisi\u00ad\u00e7\u00e3o empresarial<\/a><\/li><li><a href=\"#h-herausforderungen-bei-einer-unternehmensubernahme\">Desafi\u00ados numa aquisi\u00ad\u00e7\u00e3o empresarial<\/a><\/li><li><a href=\"#h-welche-arten-der-unternehmensubernahme-gibt-es\">Que tipos de aquisi\u00ad\u00e7\u00e3o de empre\u00adsas existem?<\/a><\/li><li><a href=\"#h-das-richtige-unternehmen-fur-ihre-ubernahme-so-finden-sie-es\">A empre\u00adsa certa para a sua aquisi\u00ad\u00e7\u00e3o: como encontr\u00e1-la<\/a><\/li><li><a href=\"#h-faktoren-fur-die-auswahl-des-richtigen-unternehmens\">Fatores para a escol\u00adha da empre\u00adsa&nbsp;certa<\/a><\/li><li><a href=\"#h-rechtliche-aspekte-bei-einer-unternehmensubernahme-darauf-kommt-es-an\">Aspec\u00adtos jur\u00edd\u00adicos numa aquisi\u00ad\u00e7\u00e3o de empre\u00adsa: o que \u00e9 importante<\/a><\/li><li><a href=\"#h-ablauf-einer-unternehmensubernahme\">Proces\u00adso de aquisi\u00ad\u00e7\u00e3o de uma empresa<\/a><\/li><li><a href=\"#h-praktische-tipps-fur-eine-erfolgreiche-unternehmensubernahme\">Dicas pr\u00e1ti\u00adcas para uma aquisi\u00ad\u00e7\u00e3o empre\u00adsa\u00adri\u00adal bem-sucedida<\/a><\/li><li><a href=\"#h-fazit\">Conclus\u00e3o<\/a><\/li><\/ul><\/nav><\/div>\n\n\n\n<div style=\"height:50px\" aria-hidden=\"true\" class=\"wp-block-spacer\"><\/div>\n\n\n\n<h2 class=\"wp-block-heading\" id=\"h-grunden-oder-unternehmensubernahme-was-passt-besser-zu-ihnen\">Criar ou adquir\u00adir uma empre\u00adsa: o que se adequa melhor a&nbsp;si?<\/h2>\n\n\n\n<p>Criar uma empre\u00adsa signi\u00adfi\u00adca come\u00e7ar do zero. \u00c9 respons\u00e1\u00advel por tudo, desde a ideia inicial at\u00e9 \u00e0 execu\u00ad\u00e7\u00e3o. Isso pode ser uma excelen\u00adte oportu\u00adni\u00adda\u00adde para construir algo do zero, exata\u00admen\u00adte como deseja, mas tamb\u00e9m signi\u00adfi\u00adca que ter\u00e1 de <strong>assumem uma grande responsa\u00adbil\u00adida\u00adde, correm um risco eleva\u00addo e o suces\u00adso do modelo de neg\u00f3cio tem de ser compro\u00adva\u00addo ao longo dos&nbsp;anos.<\/strong><\/p>\n\n\n\n<p>Por outro lado, adquir\u00adir uma empre\u00adsa signi\u00adfi\u00adca conti\u00adnu\u00adar com um modelo de neg\u00f3cio existen\u00adte e bem-sucedi\u00addo. Isso pode ser uma oportu\u00adni\u00adda\u00adde promis\u00adso\u00adra para come\u00e7ar rapida\u00admen\u00adte e com menos riscos, mas tamb\u00e9m signi\u00adfi\u00adca que poder\u00e1 ter de lidar com proble\u00admas existen\u00adtes e com um hist\u00f3rico.<\/p>\n\n\n\n<p><strong>Ent\u00e3o, qual \u00e9 a escol\u00adha certa para si?<\/strong> Isso depen\u00adde das suas circuns\u00adt\u00e2n\u00adci\u00adas indivi\u00adduais. Se tem uma excelen\u00adte ideia de neg\u00f3cio e est\u00e1 dispos\u00adto a assum\u00adir o risco, criar uma empre\u00adsa pode ser a escol\u00adha certa. No entan\u00adto, se procu\u00adra uma entra\u00adda mais r\u00e1pida e menos arris\u00adca\u00adda, a <a href=\"https:\/\/www.kern-unternehmensnachfolge.com\/pt\/a-sucessao-da-empresa-em-5-passos-regras\/\">Suces\u00ads\u00e3o de empre\u00adsas<\/a> pode ser a melhor op\u00e7\u00e3o.<\/p>\n\n\n\n<div style=\"height:40px\" aria-hidden=\"true\" class=\"wp-block-spacer\"><\/div>\n\n\n\n<h2 class=\"wp-block-heading\" id=\"h-vorteile-einer-unternehmensubernahme\">Vanta\u00adgens de uma aquisi\u00ad\u00e7\u00e3o empresarial<\/h2>\n\n\n\n<p>A aquisi\u00ad\u00e7\u00e3o de uma empre\u00adsa tem v\u00e1rias vantagens:<\/p>\n\n\n\n<ul class=\"wp-block-list\">\n<li><strong>Em compa\u00adra\u00ad\u00e7\u00e3o com um modelo de neg\u00f3cio criado por si mesmo, um modelo de neg\u00f3cio compro\u00adva\u00addo prome\u00adte mais seguran\u00ad\u00e7a.<\/strong> Al\u00e9m disso, a presen\u00ad\u00e7a e o hist\u00f3ri\u00adco de merca\u00addo dos produ\u00adtos e servi\u00ad\u00e7os oferecem uma base s\u00f3lida para a tomada de decis\u00ad\u00f5es. Isso tamb\u00e9m facili\u00adta o finan\u00adcia\u00admen\u00adto para os bancos, uma vez que eles geral\u00admen\u00adte avaliam de forma mais positi\u00adva os modelos de neg\u00f3cio comprovados.<\/li>\n\n\n\n<li><strong>A empre\u00adsa j\u00e1 est\u00e1 ativa no merca\u00addo<\/strong> e disp\u00f5e tanto das estru\u00adtu\u00adras neces\u00ads\u00e1\u00adri\u00adas como de um certo grau de notorie\u00adda\u00adde como base. O mesmo se aplica \u00e0 experi\u00ean\u00adcia adqui\u00adri\u00adda e ao importan\u00adte poten\u00adcial dos poss\u00ed\u00adveis colaboradores.<\/li>\n\n\n\n<li><strong>Uma empre\u00adsa \u201epronta para ser adqui\u00adri\u00adda\u201c j\u00e1 se encon\u00adtra em terre\u00adno firme.<\/strong> N\u00e3o h\u00e1 incer\u00adte\u00adza quanto ao facto de a ideia de neg\u00f3cio funcio\u00adnar e ser rent\u00e1vel.<\/li>\n\n\n\n<li><strong>Desde o primei\u00adro dia, existem rela\u00e7\u00f5es estreitas com os clientes que fazem pergun\u00adtas sobre o produ\u00adto ou servi\u00ad\u00e7o.<\/strong> Ao criar uma empre\u00adsa, primei\u00adro ter\u00e1 de alcan\u00ad\u00e7ar um n\u00edvel de notorie\u00adda\u00adde sufici\u00aden\u00adte e uma boa reputa\u00ad\u00e7\u00e3o. Normal\u00admen\u00adte, os contra\u00adtos de forne\u00adci\u00admen\u00adto existen\u00adtes tamb\u00e9m podem ser assum\u00adi\u00addos, pelo que n\u00e3o \u00e9 neces\u00ads\u00e1\u00adria uma pesqui\u00adsa exaustiva.<\/li>\n\n\n\n<li><strong>Ao adquir\u00adir uma empre\u00adsa, n\u00e3o precisa de se preocu\u00adpar com o equipa\u00admen\u00adto b\u00e1sico e as instala\u00ad\u00e7\u00f5es.<\/strong> Para as empre\u00adsas adqui\u00adri\u00addas, muitas vezes s\u00e3o neces\u00ads\u00e1\u00adri\u00ados apenas inves\u00adti\u00adment\u00ados reduzi\u00addos (exceto em caso de atrasos nos inves\u00adti\u00adment\u00ados ou de uma reestru\u00adtu\u00adra\u00ad\u00e7\u00e3o planea\u00adda da empresa).<\/li>\n\n\n\n<li><strong>Uma empre\u00adsa j\u00e1 existen\u00adte disp\u00f5e de todas as autori\u00adza\u00ad\u00e7\u00f5es e licen\u00ad\u00e7as neces\u00ads\u00e1\u00adri\u00adas.,<\/strong> neces\u00ads\u00e1\u00adri\u00adas para o funcio\u00adna\u00admen\u00adto na sua situa\u00ad\u00e7\u00e3o atual. As start\u00adups t\u00eam de passar por morosos proces\u00adsos de aprova\u00ad\u00e7\u00e3o e candi\u00adda\u00adtu\u00adra, que depen\u00addem do setor em quest\u00e3o.<\/li>\n<\/ul>\n\n\n\n<div style=\"height:40px\" aria-hidden=\"true\" class=\"wp-block-spacer\"><\/div>\n\n\n\n<h2 class=\"wp-block-heading\" id=\"h-herausforderungen-bei-einer-unternehmensubernahme\">Desafi\u00ados numa aquisi\u00ad\u00e7\u00e3o empresarial<\/h2>\n\n\n\n<p>As aquisi\u00ad\u00e7\u00f5es (que come\u00e7am j\u00e1 com a pesqui\u00adsa) podem ser dispen\u00addio\u00adsas e demora\u00addas, e n\u00e3o h\u00e1 garan\u00adti\u00adas de que a suces\u00ads\u00e3o empre\u00adsa\u00adri\u00adal venha a ser um suces\u00adso susten\u00adt\u00e1\u00advel a longo prazo. Al\u00e9m&nbsp;disso:<\/p>\n\n\n\n<ul class=\"wp-block-list\">\n<li><strong>Na pior das hip\u00f3te\u00adses, toda a empre\u00adsa est\u00e1 estru\u00adtu\u00adra\u00adda em fun\u00e7\u00e3o do antigo proprie\u00adt\u00e1\u00adrio.<\/strong> No \u00e2mbito da aquisi\u00ad\u00e7\u00e3o, os novos proprie\u00adt\u00e1\u00adri\u00ados t\u00eam de se adapt\u00adar primei\u00adro a esta cultu\u00adra empre\u00adsa\u00adri\u00adal. As mudan\u00ad\u00e7as s\u00f3 podem ser feitas gradu\u00adal\u00admen\u00adte e com delica\u00adde\u00adza, n\u00e3o com o \u201emarte\u00adlo\u201c :-).<\/li>\n\n\n\n<li><strong>Ao adquir\u00adir uma empre\u00adsa existen\u00adte, \u00e9 catapul\u00adta\u00addo de 0 a 100 para uma posi\u00e7\u00e3o de lideran\u00ad\u00e7a em rela\u00e7\u00e3o aos funci\u00adon\u00e1\u00adri\u00ados e aos proces\u00adsos.<\/strong> Na verda\u00adde, n\u00e3o existe um \u201eper\u00edo\u00addo de experi\u00ean\u00adcia\u201c para se adapt\u00adar a esta fun\u00e7\u00e3o. Por isso, a prepa\u00adra\u00ad\u00e7\u00e3o antes da aquisi\u00ad\u00e7\u00e3o da empre\u00adsa, atrav\u00e9s de coaching e do conhe\u00adci\u00admen\u00adto da empre\u00adsa com a ajuda do proprie\u00adt\u00e1\u00adrio anterior, \u00e9 ainda mais importante.<\/li>\n\n\n\n<li><strong>Existe sempre o risco de que as instala\u00ad\u00e7\u00f5es, os servi\u00ad\u00e7os e as unida\u00addes de produ\u00ad\u00e7\u00e3o, bem como os armaz\u00e9ns e os proces\u00adsos, n\u00e3o estejam em confor\u00admi\u00adda\u00adde com o estado atual.<\/strong>. O resul\u00adta\u00addo \u00e9 um inves\u00adti\u00admen\u00adto inicial mais eleva\u00addo e mais trabal\u00adho ou neces\u00adsi\u00adda\u00adde de capital.<\/li>\n\n\n\n<li><strong>Os contra\u00adtos e as obriga\u00ad\u00e7\u00f5es finance\u00adi\u00adras, como, por exemplo, contra\u00adtos de longo prazo, tamb\u00e9m s\u00e3o trans\u00adfer\u00adidos para o suces\u00adsor em caso de aquisi\u00ad\u00e7\u00e3o da empresa.<\/strong><\/li>\n\n\n\n<li><strong>Muitas vezes, \u00e9 uma vanta\u00adgem decisi\u00adva contra\u00adtar pesso\u00adal existen\u00adte com conhe\u00adci\u00adment\u00ados especia\u00adliz\u00adados.<\/strong> No entan\u00adto, o novo proprie\u00adt\u00e1\u00adrio \u00e9 <a href=\"https:\/\/www.gesetze-im-internet.de\/bgb\/__613a.html\" target=\"_blank\" rel=\"noreferrer noopener\">\u00a7 613a do C\u00f3digo Civil Alem\u00e3o (<span class=\"caps\">BGB<\/span>)<\/a> primei\u00adra\u00admen\u00adte, \u00e9 obriga\u00addo a assum\u00adir os direi\u00adtos e deveres das rela\u00e7\u00f5es laborais existen\u00adtes. Isso inclui, por exemplo, longos prazos de pr\u00e9-aviso e indem\u00adni\u00adza\u00ad\u00e7\u00f5es em caso de uma mudan\u00ad\u00e7a deseja\u00adda com funci\u00adon\u00e1\u00adri\u00ados de longa data. Isso pode criar uma certa insegu\u00adran\u00ad\u00e7a, por exemplo, em rela\u00e7\u00e3o \u00e0 motiva\u00ad\u00e7\u00e3o e lealda\u00adde dos funcion\u00e1rios.<\/li>\n<\/ul>\n\n\n\n<div style=\"height:40px\" aria-hidden=\"true\" class=\"wp-block-spacer\"><\/div>\n\n\n\n<h2 class=\"wp-block-heading\" id=\"h-welche-arten-der-unternehmensubernahme-gibt-es\">Que tipos de aquisi\u00ad\u00e7\u00e3o de empre\u00adsas existem?<\/h2>\n\n\n\n<p>Se est\u00e1 a considerar a suces\u00ads\u00e3o da sua empre\u00adsa, \u00e9 importan\u00adte conhe\u00adcer os diferen\u00adtes tipos de aquisi\u00ad\u00e7\u00f5es e saber como funcionam.<\/p>\n\n\n\n<div style=\"height:30px\" aria-hidden=\"true\" class=\"wp-block-spacer\"><\/div>\n\n\n\n<figure class=\"wp-block-image aligncenter size-full is-resized has-custom-border\"><img loading=\"lazy\" decoding=\"async\" width=\"1024\" height=\"768\" src=\"https:\/\/www.kern-unternehmensnachfolge.com\/wp-content\/uploads\/2022\/09\/Formen-der-Unternehmensuebernahme.jpg\" alt=\"KERN-graphic-on-theforms-of-company-acquisition\" class=\"wp-image-32330\" style=\"border-radius:12px;width:700px\" srcset=\"https:\/\/www.kern-unternehmensnachfolge.com\/wp-content\/uploads\/2022\/09\/Formen-der-Unternehmensuebernahme.jpg 1024w, https:\/\/www.kern-unternehmensnachfolge.com\/wp-content\/uploads\/2022\/09\/Formen-der-Unternehmensuebernahme-300x225.jpg 300w, https:\/\/www.kern-unternehmensnachfolge.com\/wp-content\/uploads\/2022\/09\/Formen-der-Unternehmensuebernahme-768x576.jpg 768w, https:\/\/www.kern-unternehmensnachfolge.com\/wp-content\/uploads\/2022\/09\/Formen-der-Unternehmensuebernahme-16x12.jpg 16w, https:\/\/www.kern-unternehmensnachfolge.com\/wp-content\/uploads\/2022\/09\/Formen-der-Unternehmensuebernahme-600x450.jpg 600w\" sizes=\"auto, (max-width: 1024px) 100vw, 1024px\"><\/figure>\n\n\n\n<div style=\"height:30px\" aria-hidden=\"true\" class=\"wp-block-spacer\"><\/div>\n\n\n\n<h3 class=\"wp-block-heading\" id=\"h-familieninterne-nachfolge\">Suces\u00ads\u00e3o intra-familiar<\/h3>\n\n\n\n<p>A aquisi\u00ad\u00e7\u00e3o de uma empre\u00adsa por suces\u00ads\u00e3o famili\u00adar signi\u00adfi\u00adca que um membro da fam\u00edlia conti\u00adnua a gerir a empresa.<\/p>\n\n\n\n<p><strong>Esta abord\u00ada\u00adgem tem v\u00e1rias vanta\u00adgens.<\/strong> Em primei\u00adro lugar, o patrim\u00f3\u00adnio da empre\u00adsa perma\u00adnece na fam\u00edlia. Isto pode ser importan\u00adte tanto por motivos pesso\u00adais como pr\u00e1ti\u00adcos. Em segun\u00addo lugar, pode contri\u00adbuir para que a empre\u00adsa conti\u00adnue a ser gerida de forma coeren\u00adte com os valores da fam\u00edlia.<\/p>\n\n\n\n<p><strong>\u00c9 claro que tamb\u00e9m existem algumas desvan\u00adta\u00adgens nesta abord\u00ada\u00adgem.<\/strong>. Um deles \u00e9 que pode ser dif\u00edcil encon\u00adtrar um membro da fam\u00edlia que esteja dispos\u00adto e seja capaz de assum\u00adir a empre\u00adsa. Outro \u00e9 que, se a empre\u00adsa for bem-sucedi\u00adda, o chefe da fam\u00edlia pode relut\u00adar em ceder o controlo.<\/p>\n\n\n\n<p>Especial\u00admen\u00adte no caso de suces\u00ads\u00f5es dentro da fam\u00edlia, o papel das suces\u00adsoras \u00e9 frequen\u00adte\u00admen\u00adte subesti\u00adma\u00addo, embora cada vez mais mulhe\u00adres assumam com suces\u00adso cargos de lideran\u00ad\u00e7a nas empresas.<\/p>\n\n\n\n<div style=\"height:30px\" aria-hidden=\"true\" class=\"wp-block-spacer\"><\/div>\n\n\n\n<h3 class=\"wp-block-heading\" id=\"h-mbi-amp-mbo\"><span class=\"caps\">MBI<\/span> E&nbsp;<span class=\"caps\">MBO<\/span><\/h3>\n\n\n\n<p><strong>Com um <a href=\"https:\/\/www.kern-unternehmensnachfolge.com\/pt\/gestao-buy-in-mbi\/\">Aquisi\u00ad\u00e7\u00e3o pela gest\u00e3o (<span class=\"caps\">MBI<\/span>)<\/a> uma pessoa (ou v\u00e1rias pesso\u00adas) exter\u00adna \u00e0 empre\u00adsa adqui\u00adre uma parti\u00adci\u00adpa\u00ad\u00e7\u00e3o de at\u00e9 100 % das quotas sociais.<\/strong> As op\u00e7\u00f5es de finan\u00adcia\u00admen\u00adto devem ser escla\u00adre\u00adci\u00addas anteci\u00adpa\u00adda\u00admen\u00adte pelos <span class=\"caps\">MBI<\/span>, antes mesmo do in\u00edcio da pesqui\u00adsa propria\u00admen\u00adte&nbsp;dita.<\/p>\n\n\n\n<p><strong>Com um <a href=\"https:\/\/www.kern-unternehmensnachfolge.com\/pt\/management-buy-out-mbo\/\">Aquisi\u00ad\u00e7\u00e3o pela adminis\u00adtra\u00ad\u00e7\u00e3o (<span class=\"caps\">MBO<\/span>) <\/a>a equipa de gest\u00e3o ou um \u00fanico colabora\u00addor da empre\u00adsa adqui\u00adre uma parti\u00adci\u00adpa\u00ad\u00e7\u00e3o de at\u00e9 100% das quotas sociais.<\/strong> Nesse caso, a rela\u00e7\u00e3o de confian\u00ad\u00e7a de longa data entre o empres\u00e1\u00adrio, como ceden\u00adte, e o funci\u00adon\u00e1\u00adrio, como adqui\u00adren\u00adte, pode ajudar a criar uma estru\u00adtu\u00adra de finan\u00adcia\u00admen\u00adto, por exemplo, com a ajuda de um empr\u00e9\u00ads\u00adti\u00admo do vendedor.<\/p>\n\n\n\n<div style=\"height:30px\" aria-hidden=\"true\" class=\"wp-block-spacer\"><\/div>\n\n\n\n<h3 class=\"wp-block-heading\" id=\"h-ubernahme-durch-einen-externen-kaufer-einzelperson-mbi-mbo\">Aquisi\u00ad\u00e7\u00e3o por um compra\u00addor exter\u00adno (pessoa singu\u00adlar\/M\u00adBI-MBO)<\/h3>\n\n\n\n<p>Quando uma empre\u00adsa \u00e9 adqui\u00adri\u00adda por um compra\u00addor exter\u00adno, o proces\u00adso geral\u00admen\u00adte \u00e9 inicia\u00addo com o compra\u00addor apresen\u00adtan\u00addo uma oferta para a transa\u00ad\u00e7\u00e3o deseja\u00adda. Ap\u00f3s um per\u00edo\u00addo de \u201econhe\u00adci\u00admen\u00adto m\u00fatuo\u201c e a assina\u00adtu\u00adra de uma LoI (<a href=\"https:\/\/www.kern-unternehmensnachfolge.com\/pt\/venda-de-uma-empresa-5\/\">carta de inten\u00ad\u00e7\u00f5es<\/a>) s\u00e3o organizadas as etapas habituais de uma aquisi\u00ad\u00e7\u00e3o empre\u00adsa\u00adri\u00adal, que, ideal\u00admen\u00adte, devem culmi\u00adnar na conclus\u00e3o da compra.<\/p>\n\n\n\n<div style=\"height:30px\" aria-hidden=\"true\" class=\"wp-block-spacer\"><\/div>\n\n\n\n<h3 class=\"wp-block-heading\" id=\"h-unternehmenskauf-durch-einen-strategischen-investor-unternehmen-kauft-unternehmen\">Aquisi\u00ad\u00e7\u00e3o de uma empre\u00adsa por um invest\u00adi\u00addor estra\u00adt\u00e9\u00adgico (empre\u00adsa compra empresa)<\/h3>\n\n\n\n<p>No caso de uma suces\u00ads\u00e3o empre\u00adsa\u00adri\u00adal por um invest\u00adi\u00addor estra\u00adt\u00e9\u00adgico, este invest\u00adi\u00addor adqui\u00adre a totali\u00adda\u00adde ou, pelo menos, frequen\u00adte\u00admen\u00adte uma parti\u00adci\u00adpa\u00ad\u00e7\u00e3o maiori\u00adt\u00e1\u00adria na empre\u00adsa. <strong>O invest\u00adi\u00addor tem ent\u00e3o direi\u00adto a voz na gest\u00e3o e pode influen\u00adci\u00adar as decis\u00ad\u00f5es estra\u00adt\u00e9\u00adgicas sobre o futuro. <strong>da empre\u00adsa<\/strong><\/strong> <strong>conhe\u00adcer.<\/strong> A aquisi\u00ad\u00e7\u00e3o pode ser \u201eamig\u00e1\u00advel\u201c ou \u201ehostil\u201c (no senti\u00addo de uma transa\u00ad\u00e7\u00e3o indese\u00adja\u00adda, mas que pode ser econo\u00admic\u00ada\u00admen\u00adte impera\u00adti\u00adva), depen\u00adden\u00addo das circunst\u00e2ncias.<\/p>\n\n\n\n<div style=\"height:40px\" aria-hidden=\"true\" class=\"wp-block-spacer\"><\/div>\n\n\n\n<h2 class=\"wp-block-heading\" id=\"h-das-richtige-unternehmen-fur-ihre-ubernahme-so-finden-sie-es\">A empre\u00adsa certa para a sua aquisi\u00ad\u00e7\u00e3o: como encontr\u00e1-la<\/h2>\n\n\n\n<p>Existem alguns fatores importan\u00adtes que deve ter em conta ao procurar uma empre\u00adsa para adquir\u00adir. Em primei\u00adro lugar, deve certi\u00adfi\u00adcar-se de que a empre\u00adsa que est\u00e1 a considerar se encaixa estra\u00adte\u00adgi\u00adca\u00admen\u00adte na sua \u00e1rea de neg\u00f3cio. Isto signi\u00adfi\u00adca que ela deve estar num <strong>deve atuar num setor de ativi\u00adda\u00adde comple\u00admen\u00adtar ou, pelo menos, num merca\u00addo em que preten\u00adda entrar e sobre o qual possua conhecimentos.<\/strong><\/p>\n\n\n\n<p>Em segun\u00addo lugar, deve certi\u00adfi\u00adcar-se de que o pre\u00e7o de compra e os poss\u00ed\u00adveis inves\u00adti\u00adment\u00ados est\u00e3o ao seu alcan\u00adce, tendo em conta o seu patrim\u00f3\u00adnio. <strong>A empre\u00adsa adqui\u00adri\u00adda deve ser rent\u00e1\u00advel e as suas finan\u00ad\u00e7as devem estar em boa forma. <\/strong>N\u00e3o quer pagar demasia\u00addo por uma empre\u00adsa nem acabar com uma montan\u00adha de d\u00edvidas. Exce\u00e7\u00e3o: quer fazer um \u201eneg\u00f3cio\u201c e comprar uma empre\u00adsa que precisa de reestru\u00adtu\u00adra\u00ad\u00e7\u00e3o ou recup\u00ader\u00ada\u00ad\u00e7\u00e3o. Nesse caso, deve conhe\u00adcer bem o assunto.<\/p>\n\n\n\n<p>Por fim, deve certi\u00adfi\u00adcar-se de que a cultu\u00adra da empre\u00adsa se adequa \u00e0 sua pr\u00f3pria cultu\u00adra de lideran\u00ad\u00e7a. Deve garan\u00adtir que os valores da empre\u00adsa corre\u00adspon\u00addem aos seus e que conse\u00adgue trabal\u00adhar bem com os novos colegas.<\/p>\n\n\n\n<p>Se tiver em conta estes fatores, estar\u00e1 no camin\u00adho certo para encon\u00adtrar o im\u00f3vel certo para adquirir.<\/p>\n\n\n\n<div style=\"height:30px\" aria-hidden=\"true\" class=\"wp-block-spacer\"><\/div>\n\n\n\n<h3 class=\"wp-block-heading\" id=\"h-firmenborsen\">bolsas de valores<\/h3>\n\n\n\n<p>Pode obter acesso direto a empre\u00adsas-alvo inter\u00ades\u00adsan\u00adtes atrav\u00e9s de <a href=\"https:\/\/www.kern-unternehmensnachfolge.com\/pt\/bolsa-de-valores-da-empresa\/\">bolsas de valores<\/a>. <strong>Atrav\u00e9s de filtros de pesqui\u00adsa adequa\u00addos, pode restrin\u00adgir a sele\u00e7\u00e3o, por vezes enorme, \u00e0s suas neces\u00adsi\u00add\u00ada\u00addes. <\/strong>Na nossa compro\u00adva\u00adda bolsa de empre\u00adsas, pode pesqui\u00adsar direta\u00admen\u00adte e, se desejar, obter acesso gratui\u00adto para criar o seu perfil de pesqui\u00adsa pesso\u00adal. Assim, ser\u00e1 imedia\u00adta\u00admen\u00adte recon\u00adhe\u00adci\u00addo como poten\u00adcial compra\u00addor para todas as locali\u00adza\u00ad\u00e7\u00f5es da <span class=\"caps\">KERN<\/span> e ser\u00e1 contac\u00adta\u00addo direta\u00admen\u00adte quando surgir a oportu\u00adni\u00adda\u00adde certa. \u00c9 claro que pode alterar os par\u00e2me\u00adtros do seu perfil a qualquer momen\u00adto, caso surjam novos aspetos para a sua pesquisa.<\/p>\n\n\n\n<div style=\"height:25px\" aria-hidden=\"true\" class=\"wp-block-spacer\"><\/div>\n\n\n\n<div class=\"wp-block-columns is-layout-flex wp-container-core-columns-is-layout-28f84493 wp-block-columns-is-layout-flex\">\n<div class=\"wp-block-column is-vertically-aligned-center is-layout-flow wp-block-column-is-layout-flow\" style=\"flex-basis:66%\">\n<p class=\"has-text-align-center has-medium-font-size\">Deseja adquir\u00adir uma empre\u00adsa ou uma participa\u00e7\u00e3o?<\/p>\n<\/div>\n\n\n\n<div class=\"wp-block-column is-layout-flow wp-block-column-is-layout-flow\">\n<div class=\"wp-block-buttons is-content-justification-center is-layout-flex wp-container-core-buttons-is-layout-a89b3969 wp-block-buttons-is-layout-flex\">\n<div class=\"wp-block-button\"><a class=\"wp-block-button__link has-white-color has-text-color has-background wp-element-button\" href=\"https:\/\/www.kern-unternehmensnachfolge.com\/pt\/firma-finden\/#tve-jump-177fd7d9e4f\" style=\"background-color:#f0bb38\" target=\"_blank\" rel=\"noreferrer noopener\">Pedir um perfil de pesqui\u00adsa&nbsp;agora<\/a><\/div>\n<\/div>\n<\/div>\n<\/div>\n\n\n\n<div style=\"height:40px\" aria-hidden=\"true\" class=\"wp-block-spacer\"><\/div>\n\n\n\n<h3 class=\"wp-block-heading\" id=\"h-netzwerk\">Rede<\/h3>\n\n\n\n<p>Muitas vezes, a infor\u00adma\u00ad\u00e7\u00e3o sobre uma empre\u00adsa \u00e0 venda \u00e9 divul\u00adga\u00adda apenas dentro de deter\u00admi\u00adna\u00addos c\u00edrcu\u00adlos. <strong>\u00c9 vanta\u00adjo\u00adso fazer parte de uma rede deste tipo e receber a infor\u00adma\u00ad\u00e7\u00e3o rapida\u00admen\u00adte.<\/strong> Em alter\u00adna\u00adti\u00adva, pode tamb\u00e9m consul\u00adt\u00adar um especia\u00adlis\u00adta em fus\u00f5es e aquisi\u00ad\u00e7\u00f5es que dispon\u00adha dos contac\u00adtos necess\u00e1rios.&nbsp;<\/p>\n\n\n\n<div style=\"height:20px\" aria-hidden=\"true\" class=\"wp-block-spacer\"><\/div>\n\n\n\n<div class=\"wp-block-columns is-layout-flex wp-container-core-columns-is-layout-28f84493 wp-block-columns-is-layout-flex\">\n<div class=\"wp-block-column is-vertically-aligned-center is-layout-flow wp-block-column-is-layout-flow\" style=\"flex-basis:66.66%\">\n<p class=\"has-medium-font-size\">Ou pode ir direta\u00admen\u00adte para a procu\u00adra de uma empre\u00adsa adequada.<\/p>\n<\/div>\n\n\n\n<div class=\"wp-block-column is-layout-flow wp-block-column-is-layout-flow\" style=\"flex-basis:33.33%\">\n<div class=\"wp-block-buttons is-content-justification-center is-layout-flex wp-container-core-buttons-is-layout-a89b3969 wp-block-buttons-is-layout-flex\">\n<div class=\"wp-block-button\"><a class=\"wp-block-button__link has-white-color has-text-color has-background wp-element-button\" href=\"https:\/\/www.kern-unternehmensnachfolge.com\/pt\/prospecao-alvo-compra-de-empresas\/\" style=\"background-color:#f0bb38\" target=\"_blank\" rel=\"noreferrer noopener\">Sele\u00e7\u00e3o de alvos da&nbsp;<span class=\"caps\">KERN<\/span><\/a><\/div>\n<\/div>\n<\/div>\n<\/div>\n\n\n\n<div style=\"height:40px\" aria-hidden=\"true\" class=\"wp-block-spacer\"><\/div>\n\n\n\n<h3 class=\"wp-block-heading\" id=\"h-organisationen\">organi\u00adza\u00ad\u00e7\u00f5es<\/h3>\n\n\n\n<p><a href=\"https:\/\/www.ihk.de\/\" target=\"_blank\" rel=\"noreferrer noopener\">C\u00e2maras de Ind\u00fas\u00adtria e Com\u00e9rcio (<span class=\"caps\">IHK<\/span>)<\/a> tamb\u00e9m s\u00e3o um bom ponto de contac\u00adto para ofertas de venda dentro da sua \u00e1rea de influ\u00ean\u00adcia. Entre em contac\u00adto direta\u00admen\u00adte com os interlo\u00adcu\u00adto\u00adres corre\u00adspon\u00adden\u00adtes para expres\u00adsar o seu pedido de compra.<\/p>\n\n\n\n<div style=\"height:20px\" aria-hidden=\"true\" class=\"wp-block-spacer\"><\/div>\n\n\n\n<div class=\"wp-block-columns is-layout-flex wp-container-core-columns-is-layout-28f84493 wp-block-columns-is-layout-flex\">\n<div class=\"wp-block-column is-vertically-aligned-center is-layout-flow wp-block-column-is-layout-flow\" style=\"flex-basis:66.66%\">\n<p class=\"has-medium-font-size\">Tamb\u00e9m pode utili\u00adzar a oferta gratui\u00adta da nexxt-change.<\/p>\n<\/div>\n\n\n\n<div class=\"wp-block-column is-layout-flow wp-block-column-is-layout-flow\" style=\"flex-basis:33.33%\">\n<div class=\"wp-block-buttons is-content-justification-center is-layout-flex wp-container-core-buttons-is-layout-a89b3969 wp-block-buttons-is-layout-flex\">\n<div class=\"wp-block-button\"><a class=\"wp-block-button__link has-white-color has-text-color has-background wp-element-button\" href=\"https:\/\/www.nexxt-change.org\/DE\/Startseite\/inhalt.html\" style=\"background-color:#f0bb38\" target=\"_blank\" rel=\"noreferrer noopener\">Para a oferta<\/a><\/div>\n<\/div>\n<\/div>\n<\/div>\n\n\n\n<div style=\"height:40px\" aria-hidden=\"true\" class=\"wp-block-spacer\"><\/div>\n\n\n\n<h3 class=\"wp-block-heading\" id=\"h-m-amp-a-beratung\">Consult\u00adoria em fus\u00f5es e aquisi\u00e7\u00f5es<\/h3>\n\n\n\n<p><strong>Uma consult\u00adoria de fus\u00f5es e aquisi\u00ad\u00e7\u00f5es n\u00e3o disp\u00f5e apenas de contac\u00adtos e acesso a redes;<\/strong> muitos vende\u00addo\u00adres dirigem-se direta\u00admen\u00adte a uma <a href=\"https:\/\/www.kern-unternehmensnachfolge.com\/pt\/aquisicao-de-empresas-3\/\">Consult\u00adoria em fus\u00f5es e aquisi\u00ad\u00e7\u00f5es<\/a>, porque as empre\u00adsas mais atraen\u00adtes n\u00e3o s\u00e3o ofereci\u00addas maiori\u00adta\u00adria\u00admen\u00adte nas bolsas de valores, mas sim discre\u00adta\u00admen\u00adte \u201epor baixo dos panos\u201c. No entan\u00adto, antes de inici\u00adar uma colabora\u00ad\u00e7\u00e3o, certi\u00adfi\u00adque-se de que as refer\u00ean\u00adci\u00adas e distin\u00ad\u00e7\u00f5es compro\u00advam a serie\u00adda\u00adde e o profi\u00ads\u00adsio\u00adna\u00adlis\u00admo da consult\u00adoria e questio\u00adne se um consul\u00adtor que atua de forma total\u00admen\u00adte indepen\u00adden\u00adte pode realmen\u00adte oferecer-lhe um poten\u00adcial suficiente.<\/p>\n\n\n\n<div style=\"height:35px\" aria-hidden=\"true\" class=\"wp-block-spacer\"><\/div>\n\n\n\n<div class=\"wp-block-columns is-layout-flex wp-container-core-columns-is-layout-28f84493 wp-block-columns-is-layout-flex\">\n<div class=\"wp-block-column is-layout-flow wp-block-column-is-layout-flow\">\n<figure class=\"wp-block-image aligncenter size-full\"><a href=\"https:\/\/www.kern-unternehmensnachfolge.com\/pt\/pedido-de-aconselhamento\/\" target=\"_blank\" rel=\"noreferrer noopener\"><img loading=\"lazy\" decoding=\"async\" width=\"500\" height=\"348\" src=\"https:\/\/www.kern-unternehmensnachfolge.com\/wp-content\/uploads\/2022\/09\/KERN-Unternehmensuebernahme-Beratung-anfordern.jpg\" alt=\"Receber aconselhamento inicial gratuito sobre o tema das aquisi\u00e7\u00f5es de empresas\" class=\"wp-image-24383\" srcset=\"https:\/\/www.kern-unternehmensnachfolge.com\/wp-content\/uploads\/2022\/09\/KERN-Unternehmensuebernahme-Beratung-anfordern.jpg 500w, https:\/\/www.kern-unternehmensnachfolge.com\/wp-content\/uploads\/2022\/09\/KERN-Unternehmensuebernahme-Beratung-anfordern-300x209.jpg 300w, https:\/\/www.kern-unternehmensnachfolge.com\/wp-content\/uploads\/2022\/09\/KERN-Unternehmensuebernahme-Beratung-anfordern-18x12.jpg 18w\" sizes=\"auto, (max-width: 500px) 100vw, 500px\"><\/a><\/figure>\n<\/div>\n\n\n\n<div class=\"wp-block-column is-layout-flow wp-block-column-is-layout-flow\"><a href=\"https:\/\/www.kern-unternehmensnachfolge.com\/pt\/parceiro\/\" target=\"_blank\">\n           <img decoding=\"async\" src=\"https:\/\/www.kern-unternehmensnachfolge.com\/wp-content\/uploads\/2024\/10\/KERN-Standorte_Faehnchen_JPG_150_dpi_mit_Hintergrund_09.2024.jpg\" alt=\"Mapa de localiza\u00e7\u00e3o\">\n            <\/a>\n<\/div>\n<\/div>\n\n\n\n<div style=\"height:40px\" aria-hidden=\"true\" class=\"wp-block-spacer\"><\/div>\n\n\n\n<h2 class=\"wp-block-heading\" id=\"h-faktoren-fur-die-auswahl-des-richtigen-unternehmens\">Fatores para a escol\u00adha da empre\u00adsa&nbsp;certa<\/h2>\n\n\n\n<p>A empre\u00adsa certa pode deter\u00adminar o suces\u00adso da sua aquisi\u00ad\u00e7\u00e3o, por isso \u00e9 importan\u00adte que fa\u00e7a o seu \u201etrabal\u00adho de casa\u201c e fa\u00e7a uma escol\u00adha inteli\u00adgen\u00adte e bem pondera\u00adda. A seguir, apresen\u00adta\u00admos alguns fatores que deve ter em conta ao escol\u00adher a empre\u00adsa certa para a suces\u00ads\u00e3o da sua empresa:<\/p>\n\n\n\n<div style=\"height:30px\" aria-hidden=\"true\" class=\"wp-block-spacer\"><\/div>\n\n\n\n<h3 class=\"wp-block-heading\" id=\"h-standort-rechtsform-und-unternehmensgrosse\">Locali\u00adza\u00ad\u00e7\u00e3o, forma jur\u00eddi\u00adca e dimens\u00e3o da empresa<\/h3>\n\n\n\n<p><strong>Um fator importan\u00adte \u00e9 a locali\u00adza\u00ad\u00e7\u00e3o da empre\u00adsa-alvo.<\/strong> A locali\u00adza\u00ad\u00e7\u00e3o da empre\u00adsa que preten\u00adde adquir\u00adir prova\u00advel\u00admen\u00adte ter\u00e1 um grande impac\u00adto no custo total da aquisi\u00ad\u00e7\u00e3o, bem como nas vendas gerais (depen\u00adden\u00addo, \u00e9 claro, do modelo de neg\u00f3cio). Se a empre\u00adsa estiver localizada numa \u00e1rea com um custo de vida eleva\u00addo, \u00e9 prov\u00e1\u00advel que o pre\u00e7o de aquisi\u00ad\u00e7\u00e3o tamb\u00e9m seja mais elevado.<\/p>\n\n\n\n<p>A dimens\u00e3o da empre\u00adsa-alvo tamb\u00e9m \u00e9 um fator importan\u00adte a ter em conta. <strong>Uma grande empre\u00adsa prova\u00advel\u00admen\u00adte possui mais ativos que podem ser adqui\u00adri\u00addos.<\/strong>, mas pode ser mais dif\u00edcil assum\u00adir&nbsp;isso.<\/p>\n\n\n\n<p>Outro fator importan\u00adte a ter em conta \u00e9 a forma jur\u00eddi\u00adca da empre\u00adsa. <strong>Se for uma entida\u00adde jur\u00eddi\u00adca como uma empre\u00adsa, est\u00e1 sujei\u00adta a regras e regula\u00admentos diferen\u00adtes dos de uma empre\u00adsa sob a forma jur\u00eddi\u00adca de pessoa singu\u00adlar.<\/strong> Isto pode afetar os custos totais do <a href=\"https:\/\/www.kern-unternehmensnachfolge.com\/pt\/sucessao-de-empresas-2\/\" target=\"_blank\" rel=\"noreferrer noopener\">Suces\u00ads\u00e3o de empre\u00adsas<\/a> mas tamb\u00e9m no prazo em que pode ser conclu\u00edda.<\/p>\n\n\n\n<div style=\"height:30px\" aria-hidden=\"true\" class=\"wp-block-spacer\"><\/div>\n\n\n\n<h3 class=\"wp-block-heading\" id=\"h-aktuelle-geschaftszahlen\">Resul\u00adta\u00addos finance\u00adi\u00adros atuais<\/h3>\n\n\n\n<p>Os n\u00fameros econ\u00f3\u00admi\u00adcos podem dar-lhe uma boa ideia da sa\u00fade e do desem\u00adpen\u00adho geral da empre\u00adsa. Al\u00e9m disso, podem ajud\u00e1-lo a avali\u00adar se a empre\u00adsa se adequa ou n\u00e3o \u00e0s suas necessidades.<\/p>\n\n\n\n<p>Ent\u00e3o, quais s\u00e3o alguns dos princi\u00adpais indica\u00addo\u00adres finance\u00adi\u00adros que deve anali\u00adsar ao avali\u00adar uma <a href=\"https:\/\/www.kern-unternehmensnachfolge.com\/pt\/aquisicao-de-empresas-2\/\" target=\"_blank\" rel=\"noreferrer noopener\">aquisi\u00ad\u00e7\u00e3o de empre\u00adsas<\/a> considerar?<\/p>\n\n\n\n<div style=\"height:20px\" aria-hidden=\"true\" class=\"wp-block-spacer\"><\/div>\n\n\n\n<figure class=\"wp-block-image aligncenter size-full is-resized has-custom-border\"><img loading=\"lazy\" decoding=\"async\" width=\"1024\" height=\"768\" src=\"https:\/\/www.kern-unternehmensnachfolge.com\/wp-content\/uploads\/2022\/09\/Welche-Geschaeftszahlen-sollten-vor-der-Firmenuebernahme-geprueft-werden.jpg\" alt=\"KERN-graphic-of-important-business-figures-for-the-company-acquisition\" class=\"wp-image-32331\" style=\"border-radius:12px;width:700px\" srcset=\"https:\/\/www.kern-unternehmensnachfolge.com\/wp-content\/uploads\/2022\/09\/Welche-Geschaeftszahlen-sollten-vor-der-Firmenuebernahme-geprueft-werden.jpg 1024w, https:\/\/www.kern-unternehmensnachfolge.com\/wp-content\/uploads\/2022\/09\/Welche-Geschaeftszahlen-sollten-vor-der-Firmenuebernahme-geprueft-werden-300x225.jpg 300w, https:\/\/www.kern-unternehmensnachfolge.com\/wp-content\/uploads\/2022\/09\/Welche-Geschaeftszahlen-sollten-vor-der-Firmenuebernahme-geprueft-werden-768x576.jpg 768w, https:\/\/www.kern-unternehmensnachfolge.com\/wp-content\/uploads\/2022\/09\/Welche-Geschaeftszahlen-sollten-vor-der-Firmenuebernahme-geprueft-werden-16x12.jpg 16w, https:\/\/www.kern-unternehmensnachfolge.com\/wp-content\/uploads\/2022\/09\/Welche-Geschaeftszahlen-sollten-vor-der-Firmenuebernahme-geprueft-werden-600x450.jpg 600w\" sizes=\"auto, (max-width: 1024px) 100vw, 1024px\"><\/figure>\n\n\n\n<div style=\"height:30px\" aria-hidden=\"true\" class=\"wp-block-spacer\"><\/div>\n\n\n\n<ul class=\"wp-block-list\">\n<li><strong>Volume de neg\u00f3ci\u00ados<\/strong><br>Se a empre\u00adsa que preten\u00adde adquir\u00adir apresen\u00adta receitas em decl\u00ed\u00adnio, isso \u00e9 um sinal de alerta. Pode signi\u00adfi\u00adcar que a empre\u00adsa est\u00e1 em dificuld\u00adades e n\u00e3o \u00e9 um bom alvo para aquisi\u00e7\u00e3o.<\/li>\n\n\n\n<li><strong>Margem de lucro<\/strong><br>Se a empre\u00adsa tem uma margem de lucro baixa, isso n\u00e3o \u00e9 neces\u00adsa\u00adria\u00admen\u00adte algo negativo. Pode signi\u00adfi\u00adcar que a empre\u00adsa est\u00e1 a inves\u00adtir forte\u00admen\u00adte no cresci\u00admen\u00adto e ainda n\u00e3o \u00e9 lucra\u00adti\u00adva.<br>No entan\u00adto, se a empre\u00adsa tiver uma margem de lucro eleva\u00adda, isso \u00e9 um bom sinal. \u00c9 quase certo que isso signi\u00adfi\u00adca que a empre\u00adsa \u00e9 lucra\u00adti\u00adva e seria um bom alvo para aquisi\u00e7\u00e3o.<\/li>\n\n\n\n<li><strong>Quota de merca\u00addo<\/strong><br>Se a empre\u00adsa tiver uma peque\u00adna quota de merca\u00addo, isso n\u00e3o \u00e9 neces\u00adsa\u00adria\u00admen\u00adte uma conclus\u00e3o cr\u00edti\u00adca. Pode signi\u00adfi\u00adcar que a empre\u00adsa ocupa um nicho de merca\u00addo, tem uma base de clientes fi\u00e9is e enfren\u00adta pouca concor\u00adr\u00ean\u00adcia.<br>Se a empre\u00adsa det\u00e9m uma grande quota de merca\u00addo, isso \u00e9 um bom sinal para uma poss\u00ed\u00advel diver\u00adsi\u00adfi\u00adca\u00ad\u00e7\u00e3o do risco. Pode signi\u00adfi\u00adcar que a empre\u00adsa tem uma posi\u00e7\u00e3o est\u00e1vel no merca\u00addo e seria um bom alvo para aquisi\u00e7\u00e3o.<\/li>\n<\/ul>\n\n\n\n<div style=\"height:30px\" aria-hidden=\"true\" class=\"wp-block-spacer\"><\/div>\n\n\n\n<h3 class=\"wp-block-heading\" id=\"h-zukunftsfahigkeit\">susten\u00adta\u00adbil\u00adida\u00adde<\/h3>\n\n\n\n<p>Tem de se certi\u00adfi\u00adcar de que a empre\u00adsa que est\u00e1 a adquir\u00adir ir\u00e1 perdurar a longo prazo e que tem um plano s\u00f3lido para o cresci\u00admen\u00adto futuro.<\/p>\n\n\n\n<p>Existem v\u00e1rias manei\u00adras de avali\u00adar a susten\u00adta\u00adbil\u00adida\u00adde futura. Uma delas \u00e9 anali\u00adsar os dados finance\u00adi\u00adros da empre\u00adsa. \u00c9 importan\u00adte garan\u00adtir que a empre\u00adsa esteja finance\u00adi\u00adra\u00admen\u00adte saud\u00e1\u00advel e tenha um plano s\u00f3lido para o cresci\u00admen\u00adto futuro. Outra manei\u00adra de avali\u00adar a susten\u00adta\u00adbil\u00adida\u00adde futura de uma empre\u00adsa \u00e9 anali\u00adsar o cen\u00e1rio compe\u00adti\u00adtivo. <strong>Quer ter a certe\u00adza de que a empre\u00adsa que preten\u00adde adquir\u00adir tem um plano vision\u00e1\u00adrio sobre como preten\u00adde compe\u00adtir no futuro.<\/strong> E verifi\u00adque se o modelo de neg\u00f3cio, os produ\u00adtos e os servi\u00ad\u00e7os t\u00eam realmen\u00adte procu\u00adra no futuro ou se j\u00e1 existem tend\u00ean\u00adci\u00adas para um merca\u00addo substi\u00adtu\u00adto (por exemplo: o fax foi radical\u00admen\u00adte substi\u00adtu\u00ed\u00addo pela Internet).<\/p>\n\n\n\n<div style=\"height:30px\" aria-hidden=\"true\" class=\"wp-block-spacer\"><\/div>\n\n\n\n<h3 class=\"wp-block-heading\" id=\"h-inhaberabhangigkeit-prufen\">Verifi\u00adcar a depen\u00add\u00ean\u00adcia do propriet\u00e1rio<\/h3>\n\n\n\n<p><strong>Em muitas empre\u00adsas, o proprie\u00adt\u00e1\u00adrio \u00e9 a chave para o suces\u00adso.<\/strong> Talvez ele tenha fundado a empre\u00adsa, prova\u00advel\u00admen\u00adte trabal\u00adha na organi\u00adza\u00ad\u00e7\u00e3o h\u00e1 muitos anos e desem\u00adpen\u00adhou um papel importan\u00adte no seu cresci\u00admen\u00adto. Em qualquer caso, \u00e9 prov\u00e1\u00advel que a empre\u00adsa depen\u00adda forte\u00admen\u00adte do proprie\u00adt\u00e1\u00adrio para o seu suces\u00adso cont\u00ednuo.<\/p>\n\n\n\n<p>Se estiver a pensar em adquir\u00adir uma empre\u00adsa, \u00e9 importan\u00adte avali\u00adar o grau de depen\u00add\u00ean\u00adcia do proprie\u00adt\u00e1\u00adrio. Assim, poder\u00e1 deter\u00adminar o n\u00edvel de risco que est\u00e1 a correr e se a empre\u00adsa pode ser bem-sucedi\u00adda mesmo sem a parti\u00adci\u00adpa\u00ad\u00e7\u00e3o do propriet\u00e1rio.<\/p>\n\n\n\n<p><strong>H\u00e1 algumas quest\u00f5es importan\u00adtes que deve colocar-se ao avali\u00adar a depen\u00add\u00ean\u00adcia do propriet\u00e1rio:<\/strong><\/p>\n\n\n\n<ul class=\"wp-block-list\">\n<li>Qual \u00e9 a impor\u00adt\u00e2n\u00adcia do proprie\u00adt\u00e1\u00adrio para as ativi\u00add\u00ada\u00addes comer\u00adciais da empresa?<\/li>\n\n\n\n<li>A empre\u00adsa poderia conti\u00adnu\u00adar a funcio\u00adnar de forma eficaz e efici\u00aden\u00adte mesmo ap\u00f3s a sa\u00edda do propriet\u00e1rio?<\/li>\n\n\n\n<li>Quanto desse suces\u00adso pode ser atribu\u00ed\u00addo \u00e0s rela\u00e7\u00f5es pesso\u00adais e \u00e0s redes de contac\u00adtos do propriet\u00e1rio?<\/li>\n\n\n\n<li>Quanto capital pesso\u00adal \u00e9 invest\u00adi\u00addo na empresa?<\/li>\n<\/ul>\n\n\n\n<p>As respos\u00adtas a estas pergun\u00adtas propor\u00adcio\u00adnar\u00e3o uma melhor compreens\u00e3o dos riscos e oportu\u00adni\u00add\u00ada\u00addes da aquisi\u00ad\u00e7\u00e3o, que depen\u00addem do seu propriet\u00e1rio.<\/p>\n\n\n\n<div style=\"height:30px\" aria-hidden=\"true\" class=\"wp-block-spacer\"><\/div>\n\n\n\n<h3 class=\"wp-block-heading\" id=\"h-passt-das-unternehmen-zu-mir\">A empre\u00adsa \u00e9 adequa\u00adda para&nbsp;mim?<\/h3>\n\n\n\n<p>Se tiver um <a href=\"https:\/\/www.kern-unternehmensnachfolge.com\/pt\/sucessao-empresarial\/\">Suces\u00ads\u00e3o de empre\u00adsas<\/a> Ao considerar a aquisi\u00ad\u00e7\u00e3o de uma empre\u00adsa, deve pergun\u00adt\u00adar-se se a empre\u00adsa que preten\u00adde adquir\u00adir \u00e9 adequa\u00adda para si. H\u00e1 uma s\u00e9rie de fatores que deve ter em conta ao tomar esta decis\u00ad\u00e3o., <strong>incluin\u00addo a cultu\u00adra empre\u00adsa\u00adri\u00adal, a dimens\u00e3o, os colabora\u00addo\u00adres, o modelo de neg\u00f3cio e a locali\u00adza\u00ad\u00e7\u00e3o da empresa.<\/strong><\/p>\n\n\n\n<p>Um dos facto\u00adres mais importan\u00adtes \u00e9 saber se a cultu\u00adra da empre\u00adsa corre\u00adspon\u00adde \u00e0 sua. <strong>Partil\u00adha os valores da organi\u00adza\u00ad\u00e7\u00e3o? Sente que se integra\u00adria bem na equipa da empre\u00adsa?<\/strong> Se a respos\u00adta a estas pergun\u00adtas for negati\u00adva, \u00e9 prov\u00e1\u00advel que o im\u00f3vel n\u00e3o seja adequa\u00addo para&nbsp;si.<\/p>\n\n\n\n<div style=\"height:30px\" aria-hidden=\"true\" class=\"wp-block-spacer\"><\/div>\n\n\n\n<h3 class=\"wp-block-heading\" id=\"h-kaufpreis-und-unternehmensbewertung\">Pre\u00e7o de compra e avalia\u00ad\u00e7\u00e3o da empresa<\/h3>\n\n\n\n<p>Quando se trata de aquisi\u00ad\u00e7\u00f5es de empre\u00adsas, o pre\u00e7o de compra \u00e9 frequen\u00adte\u00admen\u00adte um dos fatores mais importan\u00adtes na escol\u00adha da empre\u00adsa certa. Isto porque o valor que est\u00e1 dispos\u00adto a pagar por uma empre\u00adsa tem um impac\u00adto direto na renta\u00adbil\u00adida\u00adde geral do neg\u00f3cio.<\/p>\n\n\n\n<p>Deve certi\u00adfi\u00adcar-se de que est\u00e1 a pagar um pre\u00e7o justo pela empre\u00adsa. <strong>Afinal, n\u00e3o quer pagar a mais, pois isso pode reduzir os seus lucros ou impedir investimentos.<\/strong><\/p>\n\n\n\n<p>Ao mesmo tempo, por\u00e9m, tamb\u00e9m n\u00e3o quer pagar muito pouco, pois assim poder\u00e1 acabar por adquir\u00adir uma empre\u00adsa que, funda\u00admen\u00adtal\u00admen\u00adte, n\u00e3o vale o inves\u00adti\u00admen\u00adto. Exce\u00e7\u00e3o, como mencio\u00adna\u00addo anterior\u00admen\u00adte, casos de sanea\u00admen\u00adto e reestrutura\u00e7\u00e3o.<\/p>\n\n\n\n<p>Para garan\u00adtir que o pre\u00e7o \u00e9 razo\u00e1\u00advel,<strong> \u00c9 importan\u00adte que trabal\u00adhe com um consul\u00adtor de fus\u00f5es e aquisi\u00ad\u00e7\u00f5es de renome.<\/strong>. Esses especia\u00adlis\u00adtas podem ajud\u00e1-lo a negoci\u00adar o melhor pre\u00e7o poss\u00ed\u00advel para uma empre\u00adsa. Al\u00e9m disso, eles podem aconsel\u00adh\u00e1-lo sobre outros fatores importan\u00adtes que deve levar em considera\u00ad\u00e7\u00e3o, como a sa\u00fade finance\u00adi\u00adra geral da empre\u00adsa e a sua posi\u00e7\u00e3o compe\u00adti\u00adti\u00adva no mercado.<\/p>\n\n\n\n<div style=\"height:30px\" aria-hidden=\"true\" class=\"wp-block-spacer\"><\/div>\n\n\n\n<h3 class=\"wp-block-heading\" id=\"h-finanzierung-der-unternehmensubernahme-klaren\">Escla\u00adre\u00adcer o finan\u00adcia\u00admen\u00adto da aquisi\u00ad\u00e7\u00e3o da empresa<\/h3>\n\n\n\n<p>\u00c9 importan\u00adte saber que o finan\u00adcia\u00admen\u00adto da aquisi\u00ad\u00e7\u00e3o de uma empre\u00adsa pode ser um proces\u00adso complexo e que existem v\u00e1rias manei\u00adras diferen\u00adtes de o fazer. Se est\u00e1 a pensar em adquir\u00adir uma empre\u00adsa, deve falar com um consul\u00adtor para compreen\u00adder melhor como funcio\u00adna o finan\u00adcia\u00admen\u00adto da aquisi\u00ad\u00e7\u00e3o de uma empre\u00adsa. Os subs\u00ed\u00addi\u00ados podem desem\u00adpen\u00adhar um papel atraen\u00adte neste processo.<\/p>\n\n\n\n<div style=\"height:30px\" aria-hidden=\"true\" class=\"wp-block-spacer\"><\/div>\n\n\n\n<h4 class=\"wp-block-heading\" id=\"h-finanzierungsmoglichkeiten-von-eigenkapital-bis-verkauferdarlehen\">Op\u00e7\u00f5es de finan\u00adcia\u00admen\u00adto: do capital pr\u00f3prio ao empr\u00e9\u00ads\u00adti\u00admo do vendedor<\/h4>\n\n\n\n<p>Se est\u00e1 a pensar em adquir\u00adir uma empre\u00adsa, \u00e9 importan\u00adte conhe\u00adcer todas as op\u00e7\u00f5es e os custos associa\u00addos. Isso ir\u00e1 ajud\u00e1-lo a tomar a melhor decis\u00e3o.<\/p>\n\n\n\n<div style=\"height:25px\" aria-hidden=\"true\" class=\"wp-block-spacer\"><\/div>\n\n\n\n<figure class=\"wp-block-image aligncenter size-full is-resized has-custom-border\"><img loading=\"lazy\" decoding=\"async\" width=\"1024\" height=\"768\" src=\"https:\/\/www.kern-unternehmensnachfolge.com\/wp-content\/uploads\/2022\/09\/Finanzierungsmoeglichkeiten-bei-der-Betriebsuebernahme.jpg\" alt=\"Possibilidades de financiamento na aquisi\u00e7\u00e3o de uma empresa\" class=\"wp-image-32332\" style=\"border-radius:12px;width:700px\" srcset=\"https:\/\/www.kern-unternehmensnachfolge.com\/wp-content\/uploads\/2022\/09\/Finanzierungsmoeglichkeiten-bei-der-Betriebsuebernahme.jpg 1024w, https:\/\/www.kern-unternehmensnachfolge.com\/wp-content\/uploads\/2022\/09\/Finanzierungsmoeglichkeiten-bei-der-Betriebsuebernahme-300x225.jpg 300w, https:\/\/www.kern-unternehmensnachfolge.com\/wp-content\/uploads\/2022\/09\/Finanzierungsmoeglichkeiten-bei-der-Betriebsuebernahme-768x576.jpg 768w, https:\/\/www.kern-unternehmensnachfolge.com\/wp-content\/uploads\/2022\/09\/Finanzierungsmoeglichkeiten-bei-der-Betriebsuebernahme-16x12.jpg 16w, https:\/\/www.kern-unternehmensnachfolge.com\/wp-content\/uploads\/2022\/09\/Finanzierungsmoeglichkeiten-bei-der-Betriebsuebernahme-600x450.jpg 600w\" sizes=\"auto, (max-width: 1024px) 100vw, 1024px\"><\/figure>\n\n\n\n<div style=\"height:25px\" aria-hidden=\"true\" class=\"wp-block-spacer\"><\/div>\n\n\n\n<ul class=\"wp-block-list\">\n<li><strong>O capital pr\u00f3prio \u00e9 a melhor op\u00e7\u00e3o para finan\u00adci\u00adar a aquisi\u00ad\u00e7\u00e3o de uma empre\u00adsa.<\/strong> Este tipo de finan\u00adcia\u00admen\u00adto permi\u00adte-lhe obter os fundos neces\u00ads\u00e1\u00adri\u00ados sem contrair d\u00edvidas.<\/li>\n\n\n\n<li><strong>O capital alheio \u00e9 o m\u00e9todo mais comum para finan\u00adci\u00adar a suces\u00ads\u00e3o empre\u00adsa\u00adri\u00adal.<\/strong> O capital alheio refere-se aos fundos obtidos atrav\u00e9s da contra\u00ad\u00e7\u00e3o de empr\u00e9\u00ads\u00adti\u00admos junto de mutuantes.<\/li>\n\n\n\n<li><strong>O empr\u00e9\u00ads\u00adti\u00admo do vende\u00addor \u00e9 um m\u00e9todo de finan\u00adcia\u00admen\u00adto frequen\u00adte\u00admen\u00adte utiliz\u00adado em conjun\u00adto com o capital pr\u00f3prio.<\/strong> A <a href=\"https:\/\/www.kern-unternehmensnachfolge.com\/pt\/emprestimo-do-vendedor\/\" target=\"_blank\" rel=\"noreferrer noopener\">Empr\u00e9\u00ads\u00adti\u00admo do vende\u00addor<\/a> refere-se aos fundos empresta\u00addos pelos vende\u00addo\u00adres da empre\u00adsa a ser adquirida.<\/li>\n\n\n\n<li><strong>O banco de garan\u00adtia \u00e9 um m\u00e9todo de finan\u00adcia\u00admen\u00adto que deve considerar<\/strong>. O termo \u201ebanco de garan\u00adtia\u201c refere-se a fundos obtidos atrav\u00e9s da contra\u00ad\u00e7\u00e3o de empr\u00e9\u00ads\u00adti\u00admos junto de um banco e que, nesta estru\u00adtu\u00adra, s\u00e3o \u00abgaran\u00adti\u00addos\u00bb e assegu\u00adra\u00addos por um banco p\u00fablico.<\/li>\n\n\n\n<li><strong>Os custos acess\u00f3ri\u00ados da compra tamb\u00e9m podem desem\u00adpen\u00adhar um papel importan\u00adte na aquisi\u00ad\u00e7\u00e3o de uma empre\u00adsa.<\/strong> Isso inclui, por exemplo, custos para <a href=\"https:\/\/www.kern-unternehmensnachfolge.com\/pt\/diligencia-devida\/\" target=\"_blank\" rel=\"noreferrer noopener\">Dilig\u00ean\u00adcia devida<\/a>honor\u00e1\u00adri\u00ados de advoga\u00addos e not\u00e1rios.<\/li>\n<\/ul>\n\n\n\n<div style=\"height:25px\" aria-hidden=\"true\" class=\"wp-block-spacer\"><\/div>\n\n\n\n<div class=\"wp-block-columns is-layout-flex wp-container-core-columns-is-layout-28f84493 wp-block-columns-is-layout-flex\">\n<div class=\"wp-block-column is-vertically-aligned-center is-layout-flow wp-block-column-is-layout-flow\" style=\"flex-basis:66.66%\">\n<p class=\"has-medium-font-size\">O finan\u00adcia\u00admen\u00adto \u00e9 um aspeto central no <a href=\"https:\/\/www.kern-unternehmensnachfolge.com\/pt\/processo-de-fusoes-e-aquisicoes\/\">Proces\u00adso de F<span class=\"amp\">&amp;<\/span>A<\/a> \u2013 leia o nosso artigo detal\u00adha\u00addo sobre o assunto!<\/p>\n<\/div>\n\n\n\n<div class=\"wp-block-column is-layout-flow wp-block-column-is-layout-flow\" style=\"flex-basis:33.33%\">\n<div class=\"wp-block-buttons is-content-justification-center is-layout-flex wp-container-core-buttons-is-layout-a89b3969 wp-block-buttons-is-layout-flex\">\n<div class=\"wp-block-button\"><a class=\"wp-block-button__link has-white-color has-text-color has-background wp-element-button\" href=\"https:\/\/www.kern-unternehmensnachfolge.com\/pt\/compra-da-empresa\/\" style=\"background-color:#f0bb38\" target=\"_blank\" rel=\"noreferrer noopener\">Vis\u00e3o geral de todos os subs\u00ed\u00addi\u00ados para financiamento<\/a><\/div>\n<\/div>\n<\/div>\n<\/div>\n\n\n\n<div style=\"height:40px\" aria-hidden=\"true\" class=\"wp-block-spacer\"><\/div>\n\n\n\n<h2 class=\"wp-block-heading\" id=\"h-rechtliche-aspekte-bei-einer-unternehmensubernahme-darauf-kommt-es-an\">Aspec\u00adtos jur\u00edd\u00adicos numa aquisi\u00ad\u00e7\u00e3o de empre\u00adsa: o que \u00e9 importante<\/h2>\n\n\n\n<p>H\u00e1 uma s\u00e9rie de quest\u00f5es jur\u00eddi\u00adcas diferen\u00adtes que podem surgir no contex\u00adto da suces\u00ads\u00e3o empre\u00adsa\u00adri\u00adal, e \u00e9 importan\u00adte estar ciente dessas quest\u00f5es para prote\u00adger os seus interesses.<\/p>\n\n\n\n<p><strong>Entre outras coisas, surge frequen\u00adte\u00admen\u00adte a quest\u00e3o de saber se os funci\u00adon\u00e1\u00adri\u00ados da empre\u00adsa-alvo podem manter os seus postos de trabal\u00adho.<\/strong> Esta \u00e9 uma quest\u00e3o importan\u00adte, pois os funci\u00adon\u00e1\u00adri\u00ados de uma empre\u00adsa s\u00e3o geral\u00admen\u00adte o seu bem mais valio\u00adso. Se os funci\u00adon\u00e1\u00adri\u00ados da empre\u00adsa-alvo n\u00e3o conse\u00adgui\u00adrem manter os seus empre\u00adgos, isso poder\u00e1 ter um impac\u00adto negativo na compe\u00adti\u00adtiv\u00adi\u00adda\u00adde da empre\u00adsa no mercado.<\/p>\n\n\n\n<p><strong>Para evitar obst\u00e1\u00adcu\u00adlos legais, \u00e9 importan\u00adte elaborar um contra\u00adto de compra e venda \u201e\u00e0 prova de falhas\u201c.<\/strong><\/p>\n\n\n\n<div style=\"height:30px\" aria-hidden=\"true\" class=\"wp-block-spacer\"><\/div>\n\n\n\n<h3 class=\"wp-block-heading\" id=\"h-inhalte-unternehmenskaufvertrag\">Conte\u00fa\u00addo do acordo de compra da empresa<\/h3>\n\n\n\n<p>O conte\u00fa\u00addo de um contra\u00adto de compra de empre\u00adsa no caso de uma aquisi\u00ad\u00e7\u00e3o pode variar conso\u00adan\u00adte a situa\u00ad\u00e7\u00e3o, mas existem alguns element\u00ados-chave que normal\u00admen\u00adte est\u00e3o inclu\u00ed\u00addos. Abaixo encon\u00adtra uma lista dos conte\u00fa\u00addos mais importan\u00adtes do contra\u00adto. <a href=\"https:\/\/www.kern-unternehmensnachfolge.com\/pt\/venda-de-uma-empresa\/\" target=\"_blank\" rel=\"noreferrer noopener\">Acordo inter\u00adem\u00adpre\u00adsa\u00adri\u00adal<\/a> para a aquisi\u00ad\u00e7\u00e3o da empresa:<\/p>\n\n\n\n<div style=\"height:25px\" aria-hidden=\"true\" class=\"wp-block-spacer\"><\/div>\n\n\n\n<figure class=\"wp-block-image aligncenter size-full is-resized has-custom-border\"><img loading=\"lazy\" decoding=\"async\" width=\"1024\" height=\"768\" src=\"https:\/\/www.kern-unternehmensnachfolge.com\/wp-content\/uploads\/2022\/09\/Unternehmenskaufvertrag-Die-10-wichtigsten-Elemente.jpg\" alt=\"KERN-graphic-on-the-10-most-important-elements-of-a-company-purchase-contract\" class=\"wp-image-32333\" style=\"border-radius:12px;width:700px\" srcset=\"https:\/\/www.kern-unternehmensnachfolge.com\/wp-content\/uploads\/2022\/09\/Unternehmenskaufvertrag-Die-10-wichtigsten-Elemente.jpg 1024w, https:\/\/www.kern-unternehmensnachfolge.com\/wp-content\/uploads\/2022\/09\/Unternehmenskaufvertrag-Die-10-wichtigsten-Elemente-300x225.jpg 300w, https:\/\/www.kern-unternehmensnachfolge.com\/wp-content\/uploads\/2022\/09\/Unternehmenskaufvertrag-Die-10-wichtigsten-Elemente-768x576.jpg 768w, https:\/\/www.kern-unternehmensnachfolge.com\/wp-content\/uploads\/2022\/09\/Unternehmenskaufvertrag-Die-10-wichtigsten-Elemente-16x12.jpg 16w, https:\/\/www.kern-unternehmensnachfolge.com\/wp-content\/uploads\/2022\/09\/Unternehmenskaufvertrag-Die-10-wichtigsten-Elemente-600x450.jpg 600w\" sizes=\"auto, (max-width: 1024px) 100vw, 1024px\"><\/figure>\n\n\n\n<div style=\"height:43px\" aria-hidden=\"true\" class=\"wp-block-spacer\"><\/div>\n\n\n\n<h2 class=\"wp-block-heading\" id=\"h-ablauf-einer-unternehmensubernahme\">Proces\u00adso de aquisi\u00ad\u00e7\u00e3o de uma empresa<\/h2>\n\n\n\n<p>O proces\u00adso de aquisi\u00ad\u00e7\u00e3o de uma empre\u00adsa pode ser demora\u00addo e compli\u00adca\u00addo. H\u00e1 uma s\u00e9rie de passos que devem ser segui\u00addos para garan\u00adtir que a aquisi\u00ad\u00e7\u00e3o da empre\u00adsa seja bem-sucedi\u00adda. Aqui est\u00e1 uma vis\u00e3o&nbsp;geral:<\/p>\n\n\n\n<ol class=\"wp-block-list\">\n<li><strong>O primei\u00adro passo no proces\u00adso de aquisi\u00ad\u00e7\u00e3o de uma empre\u00adsa \u00e9 identi\u00adfi\u00adcar a empre\u00adsa-alvo.<\/strong> Isso pode ser feito de v\u00e1rias manei\u00adras, por exemplo, atrav\u00e9s de bolsas, redes ou mesmo pelo boca a&nbsp;boca.<\/li>\n\n\n\n<li><strong>Assim que a empre\u00adsa-alvo for identi\u00adfi\u00adca\u00adda, o pr\u00f3xi\u00admo passo consis\u00adte em assinar uma carta de inten\u00ad\u00e7\u00f5es (LoI) e reali\u00adzar uma audito\u00adria de due diligence (audito\u00adria de dilig\u00ean\u00adcia pr\u00e9via do compra\u00addor).<\/strong>. Isso inclui a an\u00e1li\u00adse dos dados finance\u00adi\u00adros da empre\u00adsa, do seu panora\u00adma compe\u00adti\u00adtivo e das suas perspe\u00adti\u00advas de cresci\u00admen\u00adto potencial.<\/li>\n\n\n\n<li><strong>Ap\u00f3s a reali\u00adza\u00ad\u00e7\u00e3o da due diligence, \u00e9 apresen\u00adta\u00adda uma oferta final de compra pela empre\u00adsa.<\/strong> Esta oferta baseia-se nos resul\u00adta\u00addos da audito\u00adria de due diligence.<\/li>\n\n\n\n<li><strong>Se a oferta for aceite, as condi\u00ad\u00e7\u00f5es da compra ser\u00e3o negocia\u00addas.<\/strong> Isso inclui, entre outros, o pre\u00e7o, a estru\u00adtu\u00adra do neg\u00f3cio e o finan\u00adcia\u00admen\u00adto no contra\u00adto de compra e&nbsp;venda.<\/li>\n\n\n\n<li><strong>Assim que as condi\u00ad\u00e7\u00f5es de compra forem acordadas, o pr\u00f3xi\u00admo passo \u00e9 concluir a transa\u00ad\u00e7\u00e3o.<\/strong> Isso inclui a trans\u00adfer\u00ean\u00adcia da proprie\u00adda\u00adde, o pagamen\u00adto do pre\u00e7o de compra e o cumpri\u00admen\u00adto de todas as forma\u00adli\u00adda\u00addes necess\u00e1rias.<\/li>\n<\/ol>\n\n\n\n<p>Se quiser saber mais sobre o proces\u00adso e as possi\u00adbil\u00adida\u00addes de aquisi\u00ad\u00e7\u00e3o de uma empre\u00adsa, recomen\u00adda\u00admos o nosso&nbsp;guia:<\/p>\n\n\n\n<div style=\"height:25px\" aria-hidden=\"true\" class=\"wp-block-spacer\"><\/div>\n\n\n\n<div class=\"wp-block-columns is-layout-flex wp-container-core-columns-is-layout-28f84493 wp-block-columns-is-layout-flex\">\n<div class=\"wp-block-column is-layout-flow wp-block-column-is-layout-flow\" style=\"flex-basis:66%\">\n<p class=\"has-text-align-center has-medium-font-size\">Descu\u00adbra como a aquisi\u00ad\u00e7\u00e3o de uma empre\u00adsa pode ser o seu maior sucesso.<\/p>\n<\/div>\n\n\n\n<div class=\"wp-block-column is-layout-flow wp-block-column-is-layout-flow\">\n<div class=\"wp-block-buttons is-content-justification-center is-layout-flex wp-container-core-buttons-is-layout-a89b3969 wp-block-buttons-is-layout-flex\">\n<div class=\"wp-block-button\"><a class=\"wp-block-button__link has-white-color has-text-color has-background wp-element-button\" href=\"https:\/\/www.kern-unternehmensnachfolge.com\/pt\/guia-de-compras-da-empresa\/\" style=\"background-color:#f0bb38\" target=\"_blank\" rel=\"noreferrer noopener\">Solici\u00adte agora um guia especia\u00adliz\u00adado gratuito<\/a><\/div>\n<\/div>\n<\/div>\n<\/div>\n\n\n\n<div style=\"height:60px\" aria-hidden=\"true\" class=\"wp-block-spacer\"><\/div>\n\n\n\n<div class=\"wp-block-columns is-layout-flex wp-container-core-columns-is-layout-28f84493 wp-block-columns-is-layout-flex\">\n<div class=\"wp-block-column is-layout-flow wp-block-column-is-layout-flow\">\n<figure class=\"wp-block-image aligncenter size-full\"><a href=\"https:\/\/www.kern-unternehmensnachfolge.com\/pt\/pedido-de-aconselhamento\/\" target=\"_blank\" rel=\"noreferrer noopener\"><img loading=\"lazy\" decoding=\"async\" width=\"500\" height=\"348\" src=\"https:\/\/www.kern-unternehmensnachfolge.com\/wp-content\/uploads\/2022\/09\/KERN-Unternehmensuebernahme-Beratung-anfordern.jpg\" alt=\"Receber aconselhamento inicial gratuito sobre o tema das aquisi\u00e7\u00f5es de empresas\" class=\"wp-image-24383\" srcset=\"https:\/\/www.kern-unternehmensnachfolge.com\/wp-content\/uploads\/2022\/09\/KERN-Unternehmensuebernahme-Beratung-anfordern.jpg 500w, https:\/\/www.kern-unternehmensnachfolge.com\/wp-content\/uploads\/2022\/09\/KERN-Unternehmensuebernahme-Beratung-anfordern-300x209.jpg 300w, https:\/\/www.kern-unternehmensnachfolge.com\/wp-content\/uploads\/2022\/09\/KERN-Unternehmensuebernahme-Beratung-anfordern-18x12.jpg 18w\" sizes=\"auto, (max-width: 500px) 100vw, 500px\"><\/a><\/figure>\n<\/div>\n<\/div>\n\n\n\n<div style=\"height:80px\" aria-hidden=\"true\" class=\"wp-block-spacer\"><\/div>\n\n\n\n<h2 class=\"wp-block-heading\" id=\"h-praktische-tipps-fur-eine-erfolgreiche-unternehmensubernahme\">Dicas pr\u00e1ti\u00adcas para uma aquisi\u00ad\u00e7\u00e3o empre\u00adsa\u00adri\u00adal bem-sucedida<\/h2>\n\n\n\n<p>Obser\u00adve tamb\u00e9m as dicas r\u00e1pidas a seguir, que se mostra\u00adram valio\u00adsas duran\u00adte os nossos muitos anos de experi\u00eancia.<\/p>\n\n\n\n<div style=\"height:30px\" aria-hidden=\"true\" class=\"wp-block-spacer\"><\/div>\n\n\n\n<h3 class=\"wp-block-heading\" id=\"h-respekt-herzblut-des-unternehmers-berucksichtigen\">Respeit\u00adar \/ Levar em considera\u00ad\u00e7\u00e3o a paix\u00e3o do empres\u00e1rio<\/h3>\n\n\n\n<p><strong>Respeit\u00adar a hist\u00f3ria e a cultu\u00adra da empre\u00adsa existen\u00adte.<\/strong> Isso \u00e9 especial\u00admen\u00adte importan\u00adte quando se assume uma empre\u00adsa famili\u00adar. Os fundado\u00adres dedica\u00adram o seu cora\u00e7\u00e3o e a sua alma \u00e0 constru\u00ad\u00e7\u00e3o da empre\u00adsa, por isso \u00e9 importan\u00adte valori\u00adzar e respeit\u00adar o trabal\u00adho de uma&nbsp;vida.<\/p>\n\n\n\n<p><strong>Tenha tamb\u00e9m em conta a vis\u00e3o do empres\u00e1\u00adrio.<\/strong> \u00c9 prov\u00e1\u00advel que o empres\u00e1\u00adrio tives\u00adse uma vis\u00e3o espec\u00ed\u00adfi\u00adca para a sua empre\u00adsa. Como novo proprie\u00adt\u00e1\u00adrio, \u00e9 importan\u00adte que tente manter essa vis\u00e3o ou reori\u00aden\u00adt\u00e1-la gradualmente.<\/p>\n\n\n\n<div style=\"height:30px\" aria-hidden=\"true\" class=\"wp-block-spacer\"><\/div>\n\n\n\n<h3 class=\"wp-block-heading\" id=\"h-gute-vorbereitung-bei-ansprache-und-finanzierungsgesprache-mit-der-bank\">Boa prepa\u00adra\u00ad\u00e7\u00e3o para conver\u00adsas e negocia\u00ad\u00e7\u00f5es finance\u00adi\u00adras com o&nbsp;banco<\/h3>\n\n\n\n<p><strong>Conhe\u00ad\u00e7a os seus n\u00fameros.<\/strong> Antes de contac\u00adtar o banco ou poten\u00adciais compra\u00addo\u00adres, deve obter uma vis\u00e3o geral da sua situa\u00ad\u00e7\u00e3o finance\u00adi\u00adra. Essas infor\u00adma\u00ad\u00e7\u00f5es s\u00e3o funda\u00admen\u00adtais para deter\u00adminar o valor da sua empre\u00adsa e ajudam a negoci\u00adar um pre\u00e7o&nbsp;justo.<\/p>\n\n\n\n<p><strong>Al\u00e9m disso, tenha um plano de neg\u00f3ci\u00ados s\u00f3lido.<\/strong> Um plano de neg\u00f3ci\u00ados bem elabora\u00addo forne\u00adce um rotei\u00adro para o suces\u00adso e demons\u00adtra aos poten\u00adciais compra\u00addo\u00adres que est\u00e1 compro\u00admet\u00adido com o cresci\u00admen\u00adto da empre\u00adsa. O seu plano de neg\u00f3ci\u00ados deve incluir uma an\u00e1li\u00adse detalha\u00adda do setor, da concor\u00adr\u00ean\u00adcia e do mercado-alvo.<\/p>\n\n\n\n<div style=\"height:30px\" aria-hidden=\"true\" class=\"wp-block-spacer\"><\/div>\n\n\n\n<h3 class=\"wp-block-heading\" id=\"h-unternehmensbewertung-prufen-lassen\">Verifi\u00adcar a avalia\u00ad\u00e7\u00e3o da empresa<\/h3>\n\n\n\n<p>Este \u00e9 talvez o passo mais importan\u00adte neste proces\u00adso. \u00c9 neces\u00ads\u00e1\u00adrio saber quanto vale a empre\u00adsa antes de poder fazer uma oferta. <strong>Com um <a href=\"https:\/\/www.kern-unternehmensnachfolge.com\/pt\/avaliacao-da-empresa-tanto-e-o-valor-da-sua-empresa\/\">Avalia\u00ad\u00e7\u00e3o de empre\u00adsas <\/a>s\u00e3o tidos em conta aspetos como os ativos, as responsa\u00adbil\u00adida\u00addes e o poten\u00adcial de rendi\u00admen\u00adto futuro da empre\u00adsa. <\/strong>Assim que tiver uma boa ideia do valor da empre\u00adsa, pode come\u00e7ar a negoci\u00adar um&nbsp;pre\u00e7o.<\/p>\n\n\n\n<div style=\"height:30px\" aria-hidden=\"true\" class=\"wp-block-spacer\"><\/div>\n\n\n\n<h3 class=\"wp-block-heading\" id=\"h-due-diligence-durchfuhren\">Reali\u00adzar a devida dilig\u00eancia<\/h3>\n\n\n\n<p>A aquisi\u00ad\u00e7\u00e3o de uma empre\u00adsa pode ser um proces\u00adso compli\u00adca\u00addo e demora\u00addo, mas com um planea\u00admen\u00adto cuidado\u00adso e uma due diligence abran\u00adgen\u00adte, pode tornar-se um empreen\u00addi\u00admen\u00adto bem-sucedido.<\/p>\n\n\n\n<p>Anali\u00adse cuidado\u00adsa\u00admen\u00adte as finan\u00ad\u00e7as da empre\u00adsa que preten\u00adde adquir\u00adir. <strong>Certi\u00adfi\u00adque-se de que a empre\u00adsa est\u00e1 finance\u00adi\u00adra\u00admen\u00adte saud\u00e1\u00advel e que n\u00e3o h\u00e1 \u201esinais de alerta\u201c que possam preju\u00addic\u00e1-lo mais&nbsp;tarde.<\/strong><\/p>\n\n\n\n<p>Outra \u00e1rea importan\u00adte a que deve prestar aten\u00e7\u00e3o \u00e9 o funcio\u00adna\u00admen\u00adto e a estru\u00adtu\u00adra da empre\u00adsa. <strong>Certi\u00adfi\u00adque-se de que a empre\u00adsa est\u00e1 a funcio\u00adnar bem e que n\u00e3o existem proble\u00admas signi\u00adfi\u00adca\u00adtivos que possam afetar a aquisi\u00e7\u00e3o.<\/strong><\/p>\n\n\n\n<div style=\"height:30px\" aria-hidden=\"true\" class=\"wp-block-spacer\"><\/div>\n\n\n\n<h3 class=\"wp-block-heading\" id=\"h-unternehmensubernahme-gut-organisieren\">Organi\u00adzar bem a aquisi\u00ad\u00e7\u00e3o da empresa<\/h3>\n\n\n\n<p>Antes de pensar em adquir\u00adir uma empre\u00adsa, \u00e9 neces\u00ads\u00e1\u00adrio fazer o seu trabal\u00adho de casa. Isso signi\u00adfi\u00adca que deve pesqui\u00adsar a empre\u00adsa na qual est\u00e1 inter\u00adessa\u00addo, as suas finan\u00ad\u00e7as, as suas ativi\u00add\u00ada\u00addes comer\u00adciais e a sua situa\u00ad\u00e7\u00e3o compe\u00adti\u00adti\u00adva. <strong>S\u00f3 quando conhe\u00adcer todos estes fatores com precis\u00ad\u00e3o \u00e9 que poder\u00e1 elaborar um plano s\u00f3lido para uma aquisi\u00e7\u00e3o.<\/strong><\/p>\n\n\n\n<div style=\"height:39px\" aria-hidden=\"true\" class=\"wp-block-spacer\"><\/div>\n\n\n\n<h2 class=\"wp-block-heading\" id=\"h-fazit\">Conclus\u00e3o<\/h2>\n\n\n\n<p>Se seguir o nosso guia e todas as dicas nele conti\u00addas, estar\u00e1 em uma posi\u00e7\u00e3o muito melhor para adquir\u00adir uma empre\u00adsa com suces\u00adso. <strong>Lembre-se de se preparar bem, anali\u00adsar cuidado\u00adsa\u00admen\u00adte a empre\u00adsa-alvo em poten\u00adcial e ter paci\u00ean\u00adcia.<\/strong> Para maior seguran\u00ad\u00e7a neste camin\u00adho compli\u00adca\u00addo, estamos \u00e0 sua dispo\u00adsi\u00ad\u00e7\u00e3o para o ajudar.<\/p>","protected":false},"excerpt":{"rendered":"<p>Eine Unternehmens\u00fcbernahme ist besonders im Mittelstand eine spannende Alternative zur Existenzgr\u00fcndung \u2013 sie erm\u00f6glicht einen schnelleren Start mit einem bew\u00e4hrten [&hellip;]<\/p>\n","protected":false},"author":38,"featured_media":32328,"comment_status":"closed","ping_status":"closed","sticky":false,"template":"","format":"standard","meta":{"wp_typography_post_enhancements_disabled":false,"_kad_blocks_custom_css":"","_kad_blocks_head_custom_js":"","_kad_blocks_body_custom_js":"","_kad_blocks_footer_custom_js":"","site-sidebar-layout":"default","site-content-layout":"","ast-site-content-layout":"default","site-content-style":"default","site-sidebar-style":"default","ast-global-header-display":"","ast-banner-title-visibility":"","ast-main-header-display":"","ast-hfb-above-header-display":"","ast-hfb-below-header-display":"","ast-hfb-mobile-header-display":"","site-post-title":"","ast-breadcrumbs-content":"","ast-featured-img":"","footer-sml-layout":"","ast-disable-related-posts":"","theme-transparent-header-meta":"","adv-header-id-meta":"","stick-header-meta":"","header-above-stick-meta":"","header-main-stick-meta":"","header-below-stick-meta":"","astra-migrate-meta-layouts":"set","ast-page-background-enabled":"default","ast-page-background-meta":{"desktop":{"background-color":"","background-image":"","background-repeat":"repeat","background-position":"center center","background-size":"auto","background-attachment":"scroll","background-type":"","background-media":"","overlay-type":"","overlay-color":"","overlay-opacity":"","overlay-gradient":""},"tablet":{"background-color":"","background-image":"","background-repeat":"repeat","background-position":"center center","background-size":"auto","background-attachment":"scroll","background-type":"","background-media":"","overlay-type":"","overlay-color":"","overlay-opacity":"","overlay-gradient":""},"mobile":{"background-color":"","background-image":"","background-repeat":"repeat","background-position":"center center","background-size":"auto","background-attachment":"scroll","background-type":"","background-media":"","overlay-type":"","overlay-color":"","overlay-opacity":"","overlay-gradient":""}},"ast-content-background-meta":{"desktop":{"background-color":"var(--ast-global-color-5)","background-image":"","background-repeat":"repeat","background-position":"center center","background-size":"auto","background-attachment":"scroll","background-type":"","background-media":"","overlay-type":"","overlay-color":"","overlay-opacity":"","overlay-gradient":""},"tablet":{"background-color":"var(--ast-global-color-5)","background-image":"","background-repeat":"repeat","background-position":"center center","background-size":"auto","background-attachment":"scroll","background-type":"","background-media":"","overlay-type":"","overlay-color":"","overlay-opacity":"","overlay-gradient":""},"mobile":{"background-color":"var(--ast-global-color-5)","background-image":"","background-repeat":"repeat","background-position":"center center","background-size":"auto","background-attachment":"scroll","background-type":"","background-media":"","overlay-type":"","overlay-color":"","overlay-opacity":"","overlay-gradient":""}},"iawp_total_views":82,"footnotes":""},"categories":[1],"tags":[3952],"class_list":["post-24070","post","type-post","status-publish","format-standard","has-post-thumbnail","hentry","category-unternehmensnachfolge-2","tag-cta-webinar-unternehmenskauf"],"taxonomy_info":{"category":[{"value":1,"label":"Unternehmensnachfolge"}],"post_tag":[{"value":3952,"label":"CTA: Webinar Unternehmenskauf"}]},"featured_image_src_large":["https:\/\/www.kern-unternehmensnachfolge.com\/wp-content\/uploads\/2022\/09\/Beitragsbild-Unternehmensuebernahme-1-1024x350.jpg",1024,350,true],"author_info":{"display_name":"G\u00f6tz Kehrein","author_link":"https:\/\/www.kern-unternehmensnachfolge.com\/pt\/author\/kehrein\/"},"comment_info":0,"category_info":[{"term_id":1,"name":"Unternehmensnachfolge","slug":"unternehmensnachfolge-2","term_group":0,"term_taxonomy_id":1,"taxonomy":"category","description":"","parent":0,"count":280,"filter":"raw","cat_ID":1,"category_count":280,"category_description":"","cat_name":"Unternehmensnachfolge","category_nicename":"unternehmensnachfolge-2","category_parent":0}],"tag_info":[{"term_id":3952,"name":"CTA: Webinar Unternehmenskauf","slug":"cta-webinar-unternehmenskauf","term_group":0,"term_taxonomy_id":3952,"taxonomy":"post_tag","description":"","parent":0,"count":21,"filter":"raw"}],"_links":{"self":[{"href":"https:\/\/www.kern-unternehmensnachfolge.com\/pt\/wp-json\/wp\/v2\/posts\/24070","targetHints":{"allow":["GET"]}}],"collection":[{"href":"https:\/\/www.kern-unternehmensnachfolge.com\/pt\/wp-json\/wp\/v2\/posts"}],"about":[{"href":"https:\/\/www.kern-unternehmensnachfolge.com\/pt\/wp-json\/wp\/v2\/types\/post"}],"author":[{"embeddable":true,"href":"https:\/\/www.kern-unternehmensnachfolge.com\/pt\/wp-json\/wp\/v2\/users\/38"}],"replies":[{"embeddable":true,"href":"https:\/\/www.kern-unternehmensnachfolge.com\/pt\/wp-json\/wp\/v2\/comments?post=24070"}],"version-history":[{"count":0,"href":"https:\/\/www.kern-unternehmensnachfolge.com\/pt\/wp-json\/wp\/v2\/posts\/24070\/revisions"}],"wp:featuredmedia":[{"embeddable":true,"href":"https:\/\/www.kern-unternehmensnachfolge.com\/pt\/wp-json\/wp\/v2\/media\/32328"}],"wp:attachment":[{"href":"https:\/\/www.kern-unternehmensnachfolge.com\/pt\/wp-json\/wp\/v2\/media?parent=24070"}],"wp:term":[{"taxonomy":"category","embeddable":true,"href":"https:\/\/www.kern-unternehmensnachfolge.com\/pt\/wp-json\/wp\/v2\/categories?post=24070"},{"taxonomy":"post_tag","embeddable":true,"href":"https:\/\/www.kern-unternehmensnachfolge.com\/pt\/wp-json\/wp\/v2\/tags?post=24070"}],"curies":[{"name":"wp","href":"https:\/\/api.w.org\/{rel}","templated":true}]}}