{"id":23155,"date":"2024-12-20T15:55:38","date_gmt":"2024-12-20T14:55:38","guid":{"rendered":"https:\/\/great-kare.185-125-174-66.plesk.page\/?p=23155"},"modified":"2026-02-27T12:40:06","modified_gmt":"2026-02-27T11:40:06","slug":"emprestimo-do-vendedor","status":"publish","type":"post","link":"https:\/\/www.kern-unternehmensnachfolge.com\/pt\/verkaeuferdarlehen\/","title":{"rendered":"Empr\u00e9\u00ads\u00adti\u00admo para forne\u00adce\u00addo\u00adres: Finan\u00adcia\u00admen\u00adto da aquisi\u00ad\u00e7\u00e3o de empre\u00adsas facilit\u00adado com o Empr\u00e9\u00ads\u00adti\u00admo a Fornecedores"},"content":{"rendered":"<p><em><em>Verk\u00e4u\u00adfer\u00addar\u00adle\u00adhen k\u00f6nnen f\u00fcr die Firmen\u00adkauf Finan\u00adzie\u00adrung ein sinnvol\u00adles Mittel sein.<\/em><\/em><\/p>\n\n\n\n<p>Durch diese Darle\u00adhen k\u00f6nnen K\u00e4ufer einen Gro\u00dfteil der Kaufsum\u00adme aufbrin\u00adgen, <strong>ohne auf exter\u00adne Finan\u00adzie\u00adrungs\u00adquel\u00adlen zur\u00fcck\u00adgrei\u00adfen zu m\u00fcssen<\/strong>. Esta forma de <a href=\"https:\/\/www.kern-unternehmensnachfolge.com\/pt\/compra-da-empresa\/\">Finan\u00adcia\u00admen\u00adto da aquisi\u00ad\u00e7\u00e3o de empre\u00adsas<\/a> wird das Risiko f\u00fcr den zuk\u00fcnf\u00adti\u00adgen Unter\u00adneh\u00admer deutlich reduziert und die Kaufpreis\u00adzah\u00adlung insge\u00adsamt vereinfacht.<\/p>\n\n\n\n<div style=\"height:20px\" aria-hidden=\"true\" class=\"wp-block-spacer\"><\/div>\n\n\n\n<h2 class=\"wp-block-heading\" id=\"h-sie-haben-nicht-viel-zeit-zu-lesen-verkauferdarlehen-in-kurze\">Sie haben nicht viel Zeit zu lesen? Verk\u00e4u\u00adfer\u00addar\u00adle\u00adhen in&nbsp;K\u00fcrze<\/h2>\n\n\n\n<ul class=\"wp-block-list\">\n<li>Der Verk\u00e4u\u00adfer gew\u00e4hrt dem K\u00e4ufer ein Darlehen<\/li>\n\n\n\n<li>Das Verk\u00e4u\u00adfer\u00addar\u00adle\u00adhen <strong>sorgt f\u00fcr Sicher\u00adheit und besse\u00adre Kondi\u00adtio\u00adnen<\/strong> para o finan\u00adcia\u00admen\u00adto residual<\/li>\n\n\n\n<li>Das Unter\u00adneh\u00admen muss ausrei\u00adchend Gewin\u00adne generie\u00adren, um das Darle\u00adhen zur\u00fcck\u00adzah\u00adlen zu k\u00f6nnen<\/li>\n\n\n\n<li>Es wird fast ausschlie\u00df\u00adlich <strong>estru\u00adtu\u00adra\u00addo como um empr\u00e9\u00ads\u00adti\u00admo subor\u00addi\u00adna\u00addo<\/strong>, was die R\u00fcckzah\u00adlungs\u00adan\u00adspr\u00fc\u00adche des Verk\u00e4u\u00adfers nach hinten stellt<\/li>\n<\/ul>\n\n\n\n<div style=\"height:60px\" aria-hidden=\"true\" class=\"wp-block-spacer\"><\/div>\n\n\n\n<div class=\"wp-block-rank-math-toc-block\"><h3><strong>\u00cdndice<\/strong><\/h3><ul><li><a href=\"#h-sie-haben-nicht-viel-zeit-zu-lesen-verkauferdarlehen-in-kurze\">Sie haben nicht viel Zeit zu lesen? Verk\u00e4u\u00adfer\u00addar\u00adle\u00adhen in&nbsp;K\u00fcrze<\/a><\/li><li><a href=\"#h-was-ist-ein-verkauferdarlehen-definition-und-erklarung\">Was ist ein Verk\u00e4u\u00adfer\u00addar\u00adle\u00adhen? Defini\u00adti\u00adon und Erkl\u00e4rung<\/a><\/li><li><a href=\"#h-vendor-loan-vs-gesellschafterdarlehen\">Empr\u00e9\u00ads\u00adti\u00admo do forne\u00adce\u00addor vs. empr\u00e9\u00ads\u00adti\u00admo do acionista<\/a><\/li><li><a href=\"#h-nachrangdarlehen-bedeutung-fur-kaufer-und-verkaufer\">Nachrang\u00addar\u00adle\u00adhen: Bedeu\u00adtung f\u00fcr K\u00e4ufer und Verk\u00e4ufer<\/a><\/li><li><a href=\"#h-earn-out-als-alternative-zum-verkauferdarlehen\">Earn-Out als Alter\u00adna\u00adti\u00adve zum Verk\u00e4uferdarlehen<\/a><\/li><li><a href=\"#h-voraussetzungen-fur-ein-verkauferdarlehen\">Voraus\u00adset\u00adzun\u00adgen f\u00fcr ein Verk\u00e4uferdarlehen<\/a><\/li><li><a href=\"#h-finanzierungslucke-nach-positiver-due-diligence\">Finan\u00adzie\u00adrungs\u00adl\u00fc\u00adcke nach positi\u00adver Due Diligence<\/a><\/li><li><a href=\"#h-verkauferdarlehen-erleichterung-der-finanzierung-beim-unternehmenskauf\">Verk\u00e4u\u00adfer\u00addar\u00adle\u00adhen: Erleich\u00adte\u00adrung der Finan\u00adzie\u00adrung beim Unternehmenskauf<\/a><\/li><li><a href=\"#h-verkauferdarlehen-als-vertrauensbeweis-fur-kaufer-und-banken\">Verk\u00e4u\u00adfer\u00addar\u00adle\u00adhen als Vertrau\u00adens\u00adbe\u00adweis f\u00fcr K\u00e4ufer und Banken<\/a><\/li><li><a href=\"#h-rangrucktritt-beim-verkauferdarlehen-was-kaufer-wissen-mussen\">Rangr\u00fcck\u00adtritt beim Verk\u00e4u\u00adfer\u00addar\u00adle\u00adhen: Was K\u00e4ufer wissen m\u00fcssen<\/a><\/li><li><a href=\"#h-welche-vorteile-bietet-ein-verkauferdarlehen-kaufern\">Welche Vortei\u00adle bietet ein Verk\u00e4u\u00adfer\u00addar\u00adle\u00adhen K\u00e4ufern?<\/a><\/li><li><a href=\"#h-warum-ein-verkauferdarlehen-auch-fur-verkaufer-vorteilhaft-ist\">Warum ein Verk\u00e4u\u00adfer\u00addar\u00adle\u00adhen auch f\u00fcr Verk\u00e4u\u00adfer vorteil\u00adhaft&nbsp;ist<\/a><\/li><li><a href=\"#h-ruckzahlung-des-verkauferdarlehens\">R\u00fcckzah\u00adlung des Verk\u00e4uferdarlehens<\/a><\/li><li><a href=\"#h-fazit\">Conclus\u00e3o<\/a><\/li><\/ul><\/div>\n\n\n\n<div style=\"height:50px\" aria-hidden=\"true\" class=\"wp-block-spacer\"><\/div>\n\n\n\n<h2 class=\"wp-block-heading\" id=\"h-was-ist-ein-verkauferdarlehen-definition-und-erklarung\">Was ist ein Verk\u00e4u\u00adfer\u00addar\u00adle\u00adhen? Defini\u00adti\u00adon und Erkl\u00e4rung<\/h2>\n\n\n\n<p class=\"has-ast-global-color-5-color has-text-color has-background has-medium-font-size\" style=\"background-color:#013372\">Ein Verk\u00e4u\u00adfer\u00addar\u00adle\u00adhen ist ein Darle\u00adhen, das der K\u00e4ufer eines Unter\u00adneh\u00admens vom Verk\u00e4u\u00adfer erh\u00e4lt. Dieses Darle\u00adhen wird in der Regel zur Finan\u00adzie\u00adrung des Kaufprei\u00adses verwen\u00addet. Der zuk\u00fcnf\u00adti\u00adge Unter\u00adneh\u00admer kann das Darle\u00adhen in Raten oder in einer Summe zur\u00fcck\u00adzah\u00adlen. In der Regel wird das Darle\u00adhen zu einem festen Zinssatz vergeben.<\/p>\n\n\n\n<p>Das Verk\u00e4u\u00adfer\u00addar\u00adle\u00adhen ist somit <strong>eine vielver\u00adspre\u00adchen\u00adde M\u00f6glich\u00adkeit f\u00fcr den K\u00e4ufer, sich den Kaufpreis zu leisten<\/strong>. Zudem wird es von Banken oftmals \u00e4hnlich wie Eigen\u00adka\u00adpi\u00adtal behan\u00addelt, verbes\u00adsert also die Eigen\u00adka\u00adpi\u00adtal\u00adquo\u00adte des K\u00e4ufers. Ein weite\u00adrer, wichti\u00adger Aspekt: Wenn die beglei\u00adten\u00adde Bank das Vertrau\u00aden des Verk\u00e4u\u00adfers in den K\u00e4ufer \u00fcber ein Verk\u00e4u\u00adfer\u00addar\u00adlehn erkennt, ist auch gleich das Vertrau\u00aden der Bank in das zu finan\u00adzie\u00adren\u00adde Projekt h\u00e4ufig gr\u00f6\u00dfer.<\/p>\n\n\n\n<p>A fim de <a href=\"https:\/\/www.kern-unternehmensnachfolge.com\/pt\/calculo-do-valor-da-empresa-tao-simples-que-vai\/\">Calcu\u00adlar o valor da empre\u00adsa<\/a>recomen\u00adda\u00admos que consul\u00adte a nossa calcu\u00adla\u00addo\u00adra do valor da empresa:<\/p>\n\n\n\n<div style=\"height:20px\" aria-hidden=\"true\" class=\"wp-block-spacer\"><\/div>\n\n\n\n<figure class=\"wp-block-image aligncenter size-full\"><a href=\"https:\/\/unternehmenswertrechner.com\/\" target=\"_blank\" rel=\"noreferrer noopener\"><img loading=\"lazy\" decoding=\"async\" width=\"724\" height=\"423\" src=\"https:\/\/www.kern-unternehmensnachfolge.com\/wp-content\/uploads\/2023\/03\/Unternehmenswertrechner.png\" alt=\"Imagem com liga\u00e7\u00e3o \u00e0 calculadora do valor da empresa\" class=\"wp-image-25977\" srcset=\"https:\/\/www.kern-unternehmensnachfolge.com\/wp-content\/uploads\/2023\/03\/Unternehmenswertrechner.png 724w, https:\/\/www.kern-unternehmensnachfolge.com\/wp-content\/uploads\/2023\/03\/Unternehmenswertrechner-300x175.png 300w, https:\/\/www.kern-unternehmensnachfolge.com\/wp-content\/uploads\/2023\/03\/Unternehmenswertrechner-18x12.png 18w\" sizes=\"auto, (max-width: 724px) 100vw, 724px\"><\/a><\/figure>\n\n\n\n<div style=\"height:20px\" aria-hidden=\"true\" class=\"wp-block-spacer\"><\/div>\n\n\n\n<h2 class=\"wp-block-heading\" id=\"h-vendor-loan-vs-gesellschafterdarlehen\">Empr\u00e9\u00ads\u00adti\u00admo do forne\u00adce\u00addor vs. empr\u00e9\u00ads\u00adti\u00admo do acionista<\/h2>\n\n\n\n<p>Verk\u00e4u\u00adfer\u00addar\u00adle\u00adhen werden im M<span class=\"amp\">&amp;<\/span>A Sprach\u00adge\u00adbrauch auch mit dem <strong>engli\u00adschen Begriff \u201evendor loan\u201c<\/strong> designa\u00addos. S\u00e3o do<a href=\"https:\/\/de.wikipedia.org\/wiki\/Gesellschafterdarlehen\" target=\"_blank\" rel=\"noopener\"> Empr\u00e9\u00ads\u00adti\u00admo acionis\u00adta<\/a> abzugren\u00adzen, das ledig\u00adlich bei Gesell\u00adschaf\u00adten zum Einsatz kommen kann. Bei Letzte\u00adrem ist es ein Gesell\u00adschaf\u00adter, der der Gesell\u00adschaft ein r\u00fcckzah\u00adlungs\u00adpflich\u00adti\u00adges Darle\u00adhen gew\u00e4hrt.<\/p>\n\n\n\n<div style=\"height:20px\" aria-hidden=\"true\" class=\"wp-block-spacer\"><\/div>\n\n\n\n<h2 class=\"wp-block-heading\" id=\"h-nachrangdarlehen-bedeutung-fur-kaufer-und-verkaufer\">Nachrang\u00addar\u00adle\u00adhen: Bedeu\u00adtung f\u00fcr K\u00e4ufer und Verk\u00e4ufer<\/h2>\n\n\n\n<p>Fast ausschlie\u00df\u00adlich werden Verk\u00e4u\u00adfer\u00addar\u00adle\u00adhen als Nachrang\u00addar\u00adle\u00adhen gew\u00e4hrt. Das bedeu\u00adtet, dass die R\u00fcckzah\u00adlung erst nach Beglei\u00adchung anderer Verbind\u00adlich\u00adkei\u00adten erfolgt. Dennoch steht das Verk\u00e4u\u00adfer\u00addar\u00adle\u00adhen dem K\u00e4ufer in der Regel sofort nach Vertrags\u00adab\u00adschluss zur Verf\u00fc\u00adgung und erleich\u00adtert dadurch die Finan\u00adzie\u00adrung des Unter\u00adneh\u00admens\u00adkaufs. Die finan\u00adzie\u00adren\u00adden Banken stehen in der Regel auf Platz 1 bei einem Ausfall der Zahlungen.<\/p>\n\n\n\n<p>Dies wird f\u00fcr den Darle\u00adhens\u00adge\u00adber, also Verk\u00e4u\u00adfer, bei einer m\u00f6gli\u00adchen Insol\u00advenz des K\u00e4ufers, zum Problem. Denn in diesem Fall werden zun\u00e4chst andere Gl\u00e4ubi\u00adger bedient. In der Regel werden <strong>Nachrang\u00addar\u00adle\u00adhen h\u00f6her verzinst<\/strong>, was aber beim Spezi\u00adal\u00adfall des Verk\u00e4u\u00adfer\u00addar\u00adle\u00adhens nicht der Fall sein&nbsp;muss.<\/p>\n\n\n\n<div style=\"height:20px\" aria-hidden=\"true\" class=\"wp-block-spacer\"><\/div>\n\n\n\n<h2 class=\"wp-block-heading\" id=\"h-earn-out-als-alternative-zum-verkauferdarlehen\">Earn-Out als Alter\u00adna\u00adti\u00adve zum Verk\u00e4uferdarlehen<\/h2>\n\n\n\n<div class=\"wp-block-columns is-layout-flex wp-container-core-columns-is-layout-28f84493 wp-block-columns-is-layout-flex\">\n<div class=\"wp-block-column is-layout-flow wp-block-column-is-layout-flow\" style=\"flex-basis:66.66%\">\n<p>Es kann vorkom\u00admen, dass der Kaufpreis f\u00fcr ein Unter\u00adneh\u00admen zu hoch ist oder der K\u00e4ufer schlicht nicht ausrei\u00adchend eigene Mittel f\u00fcr eine Finan\u00adzie\u00adrung aufbrin\u00adgen kann. In diesem Fall kann ein ein Verk\u00e4u\u00adfer\u00addar\u00adle\u00adhen in Anspruch die L\u00f6sung f\u00fcr beide Seiten sein. Dies ist jedoch nicht die einzi\u00adge M\u00f6glich\u00adkeit, um eine <strong>umsetz\u00adba\u00adre Finan\u00adzie\u00adrungs\u00adstruk\u00adtur f\u00fcr die Heraus\u00adfor\u00adde\u00adrung der Unternehmens\u00adnachfolge<\/strong> para atingir.<\/p>\n\n\n\n<p>A <a href=\"https:\/\/www.kern-unternehmensnachfolge.com\/pt\/ganho\/\">Ganhar fora<\/a> Klausel ist eine vertrag\u00adli\u00adche Verein\u00adba\u00adrung, die sich am zuk\u00fcnf\u00adti\u00adgen Umsatz oder dem Ertrag nach dem Unter\u00adnehmens\u00adverkauf orien\u00adtiert. Die Klausel legt fest, wie viel des Kaufprei\u00adses sofort bezahlt und wie viel in Raten gezahlt wird, die vom zuk\u00fcnf\u00adti\u00adgen Erfolg oder Misserfolg des Unter\u00adneh\u00admens abh\u00e4ngen.<\/p>\n<\/div>\n\n\n\n<div class=\"wp-block-column is-layout-flow wp-block-column-is-layout-flow\" style=\"flex-basis:33.33%\">\n<figure class=\"wp-block-embed is-type-video is-provider-youtube wp-block-embed-youtube wp-embed-aspect-16-9 wp-has-aspect-ratio\"><div class=\"wp-block-embed__wrapper\">\n<iframe loading=\"lazy\" title=\"Financiamento da aquisi\u00e7\u00e3o de uma empresa - Como \u00e9 que funciona? Quais s\u00e3o as etapas mais importantes para a aquisi\u00e7\u00e3o de uma empresa?\" width=\"500\" height=\"281\" src=\"https:\/\/www.youtube.com\/embed\/ACVsrpk_7hk?feature=oembed\" frameborder=\"0\" allow=\"accelerometer; autoplay; clipboard-write; encrypted-media; gyroscope; picture-in-picture; web-share\" referrerpolicy=\"strict-origin-when-cross-origin\" allowfullscreen><\/iframe>\n<\/div><\/figure>\n<\/div>\n<\/div>\n\n\n\n<p>A cl\u00e1usu\u00adla serve para prote\u00adger o <strong>Risiko zwischen K\u00e4ufer und Verk\u00e4u\u00adfer aufzu\u00adtei\u00adlen<\/strong> und sicher\u00adzu\u00adstel\u00adlen, dass der Verk\u00e4u\u00adfer am Erfolg des Unter\u00adneh\u00admens betei\u00adligt bleibt. Dabei kann die Staffe\u00adlung der weite\u00adren Kaufpreis\u00adzah\u00adlun\u00adgen sehr detail\u00adliert ausge\u00adstal\u00adtet sein und nat\u00fcr\u00adlich auch einen \u00fcberm\u00e4\u00ad\u00dfi\u00adgen Erfolg der verkauf\u00adten Firma f\u00fcr den Verk\u00e4u\u00adfer beson\u00adders positiv ber\u00fccksichtigen.<\/p>\n\n\n\n<p>Dieses Arran\u00adge\u00adment kann f\u00fcr den K\u00e4ufer attrak\u00adtiv sein, da es ihm erm\u00f6g\u00adlicht, das <strong>Risiko des Unter\u00adneh\u00admens\u00adkaufs zu verrin\u00adgern und ma\u00dfgeb\u00adli\u00adche Erfol\u00adge in der Zukunft zu generie\u00adren<\/strong> e, ideal\u00admen\u00adte, para finan\u00adci\u00adar o pre\u00e7o de compra adicional.<\/p>\n\n\n\n<div style=\"height:20px\" aria-hidden=\"true\" class=\"wp-block-spacer\"><\/div>\n\n\n\n<h2 class=\"wp-block-heading\" id=\"h-voraussetzungen-fur-ein-verkauferdarlehen\">Voraus\u00adset\u00adzun\u00adgen f\u00fcr ein Verk\u00e4uferdarlehen<\/h2>\n\n\n\n<p>F\u00fcr ein Verk\u00e4u\u00adfer\u00addar\u00adle\u00adhen beim Unter\u00adnehmens\u00adverkauf gibt es Voraus\u00adset\u00adzun\u00adgen, die erf\u00fcllt sein m\u00fcssen \u2013 respek\u00adti\u00adve sein sollten:<\/p>\n\n\n\n<ul class=\"wp-block-list\">\n<li>O <strong>K\u00e4ufer muss geeig\u00adnet sein<\/strong> und \u00fcber ausrei\u00adchen\u00addes Know-How verf\u00fc\u00adgen, um die Unternehmens\u00adnachfolge erfolg\u00adreich bestrei\u00adten zu k\u00f6nnen. Sonst wird kein Verk\u00e4u\u00adfer das Risiko eingehen.<\/li>\n\n\n\n<li>Die Bonit\u00e4t (im Ideal\u00adfall auch die vorhan\u00adde\u00adne Eigen\u00adka\u00adpi\u00adtal\u00adquo\u00adte) des K\u00e4ufers sollte gut sein, damit eine Bank oder Sparkas\u00adse keine Beden\u00adken hat, das Darle\u00adhen f\u00fcr den Kauf grund\u00ads\u00e4tz\u00adlich zu gew\u00e4hren<\/li>\n\n\n\n<li>Das Unter\u00adneh\u00admen des Verk\u00e4u\u00adfers sollte <strong>einen gewis\u00adsen Wert haben und einen guten Gesch\u00e4fts\u00adbe\u00adtrieb mit siche\u00adrer Ertrags\u00adper\u00adspek\u00adti\u00adve aufweisen<\/strong><\/li>\n\n\n\n<li>Es sollte weiter\u00adhin ausrei\u00adchend Gewin\u00adne generie\u00adren, um die Tilgung zu erm\u00f6glichen<\/li>\n\n\n\n<li>O prazo do empr\u00e9\u00ads\u00adti\u00admo deve ser razo\u00e1\u00advel e deve haver <strong>gen\u00fcgend Sicher\u00adhei\u00adten<\/strong> estar em vigor. Um seguro de vida a prazo com uma cl\u00e1usu\u00adla de suic\u00ed\u00addio \u00e9 o m\u00ednimo.<\/li>\n\n\n\n<li>Der Verk\u00e4u\u00adfer muss in der Regel bereit sein, bei einer m\u00f6gli\u00adchen Sicher\u00adhei\u00adten\u00adver\u00adwer\u00adtung hinter den Banken und Sparkas\u00adsen zu stehen<\/li>\n\n\n\n<li>Es empfiehlt sich, die Person und nicht nur die Gesell\u00adschaft des K\u00e4ufers, erwei\u00adtert in eine priva\u00adte und pers\u00f6n\u00adli\u00adche Haftung f\u00fcr das Verk\u00e4u\u00adfer\u00addar\u00adle\u00adhen zu bringen<\/li>\n\n\n\n<li>Verk\u00e4u\u00adfer\u00addar\u00adle\u00adhen k\u00f6nnen beson\u00adders attrak\u00adtiv sein, wenn sie mit einer <strong>Finan\u00adcia\u00admen\u00adto de im\u00f3veis<\/strong> kombi\u00adniert werden. Eine Immobi\u00adlie, die Teil des Unter\u00adneh\u00admens\u00adver\u00adkaufs ist, bietet K\u00e4ufern und Banken zus\u00e4tz\u00adli\u00adche Sicher\u00adhei\u00adten, was die Bonit\u00e4t des K\u00e4ufers st\u00e4rkt und die Wahrschein\u00adlich\u00adkeit einer erfolg\u00adrei\u00adchen Finan\u00adzie\u00adrung erh\u00f6ht.<\/li>\n<\/ul>\n\n\n\n<div style=\"height:20px\" aria-hidden=\"true\" class=\"wp-block-spacer\"><\/div>\n\n\n\n<h2 class=\"wp-block-heading\" id=\"h-finanzierungslucke-nach-positiver-due-diligence\">Finan\u00adzie\u00adrungs\u00adl\u00fc\u00adcke nach positi\u00adver Due Diligence<\/h2>\n\n\n\n<p>Um resul\u00adta\u00addo positivo<a href=\"https:\/\/www.kern-unternehmensnachfolge.com\/pt\/diligencia-devida\/\"> Dilig\u00ean\u00adcia devida<\/a> \u00e9 um passo importan\u00adte no proces\u00adso de<a href=\"https:\/\/www.kern-unternehmensnachfolge.com\/pt\/venda-de-uma-empresa-4\/\"> Venda da empre\u00adsa<\/a>. Aller\u00addings kann es vorkom\u00admen, dass die L\u00fccken in der Finan\u00adzie\u00adrung, die sich aus dem Kaufpreis ergeben, nicht vollst\u00e4n\u00addig von den herk\u00f6mm\u00adli\u00adchen Bankfi\u00adnan\u00adzie\u00adrungs\u00admit\u00adteln gedeckt werden k\u00f6nnen. In diesem Fall <strong>kann ein Verk\u00e4u\u00adfer\u00addar\u00adle\u00adhen helfen, die L\u00fccke zu schlie\u00ad\u00dfen<\/strong>.<\/p>\n\n\n\n<p>Es ist zugleich ein sehr bedeut\u00adsa\u00admes Signal von Verk\u00e4u\u00adfer und K\u00e4ufer Richtung der finan\u00adzie\u00adren\u00adden Banken. Denn wenn beide Seiten \u00fcber den Verkauf hinweg die Zukunft bestim\u00admen und der Verk\u00e4u\u00adfer sogar ein erwei\u00adter\u00adtes Risiko eingeht, geht eine Bank oder Sparkas\u00adse davon aus, dass beide Seiten an eine erfolg\u00adrei\u00adche Zusam\u00admen\u00adar\u00adbeit glauben. Das ist extrem viel&nbsp;wert.<\/p>\n\n\n\n<div style=\"height:20px\" aria-hidden=\"true\" class=\"wp-block-spacer\"><\/div>\n\n\n\n<figure class=\"wp-block-image aligncenter size-full is-resized has-custom-border\"><img loading=\"lazy\" decoding=\"async\" width=\"1024\" height=\"768\" src=\"https:\/\/www.kern-unternehmensnachfolge.com\/wp-content\/uploads\/2024\/02\/Verkaeuferdarlehen-als-Mittel-zur-Schliessung-der-Finanzierungsluecke.png\" alt=\"Empr\u00e9stimos ao vendedor como meio de colmatar o d\u00e9fice de financiamento\" class=\"wp-image-29858\" style=\"border-radius:12px;width:768px;height:576px\" srcset=\"https:\/\/www.kern-unternehmensnachfolge.com\/wp-content\/uploads\/2024\/02\/Verkaeuferdarlehen-als-Mittel-zur-Schliessung-der-Finanzierungsluecke.png 1024w, https:\/\/www.kern-unternehmensnachfolge.com\/wp-content\/uploads\/2024\/02\/Verkaeuferdarlehen-als-Mittel-zur-Schliessung-der-Finanzierungsluecke-300x225.png 300w, https:\/\/www.kern-unternehmensnachfolge.com\/wp-content\/uploads\/2024\/02\/Verkaeuferdarlehen-als-Mittel-zur-Schliessung-der-Finanzierungsluecke-768x576.png 768w, https:\/\/www.kern-unternehmensnachfolge.com\/wp-content\/uploads\/2024\/02\/Verkaeuferdarlehen-als-Mittel-zur-Schliessung-der-Finanzierungsluecke-16x12.png 16w, https:\/\/www.kern-unternehmensnachfolge.com\/wp-content\/uploads\/2024\/02\/Verkaeuferdarlehen-als-Mittel-zur-Schliessung-der-Finanzierungsluecke-600x450.png 600w\" sizes=\"auto, (max-width: 1024px) 100vw, 1024px\"><\/figure>\n\n\n\n<div style=\"height:40px\" aria-hidden=\"true\" class=\"wp-block-spacer\"><\/div>\n\n\n\n<h2 class=\"wp-block-heading\" id=\"h-verkauferdarlehen-erleichterung-der-finanzierung-beim-unternehmenskauf\">Verk\u00e4u\u00adfer\u00addar\u00adle\u00adhen: Erleich\u00adte\u00adrung der Finan\u00adzie\u00adrung beim Unternehmenskauf<\/h2>\n\n\n\n<p>Viele Unter\u00adneh\u00admens\u00adk\u00e4u\u00adfer entschei\u00adden sich durch\u00adaus gerne f\u00fcr die Frage nach einem Verk\u00e4u\u00adfer\u00addar\u00adle\u00adhen, weil <strong>o finan\u00adcia\u00admen\u00adto \u00e9 assim signi\u00adfi\u00adca\u00adtiv\u00ada\u00admen\u00adte simpli\u00adfi\u00adca\u00addo<\/strong> und der Verk\u00e4u\u00adfer engagiert und wohlwol\u00adlend die weite\u00adre Entwick\u00adlung beglei\u00adten wird. Er m\u00f6chte ja sicher\u00adstel\u00adlen, dass er auch sein Darle\u00adhen zur\u00fcckerh\u00e4lt.<\/p>\n\n\n\n<p>So muss der K\u00e4ufer nicht selbst auf die Suche nach weite\u00adren Finanz\u00adierungs\u00adpartnern gehen und kann sich statt\u00addes\u00adsen <strong>comple\u00adta\u00admen\u00adte no<\/strong><a href=\"https:\/\/www.kern-unternehmensnachfolge.com\/pt\/aquisicao-de-empresas-4\/\"><strong>Unter\u00adneh\u00admens\u00ad\u00fcber\u00adnah\u00adme<\/strong><\/a><strong> concen\u00adtrar<\/strong>. Zudem kann der K\u00e4ufer den Kaufbe\u00adtrag auf mehre\u00adre Jahre vertei\u00adlen und muss nicht den gesam\u00adten Betrag auf einmal aufbringen.<\/p>\n\n\n\n<div style=\"height:20px\" aria-hidden=\"true\" class=\"wp-block-spacer\"><\/div>\n\n\n\n<h2 class=\"wp-block-heading\" id=\"h-verkauferdarlehen-als-vertrauensbeweis-fur-kaufer-und-banken\">Verk\u00e4u\u00adfer\u00addar\u00adle\u00adhen als Vertrau\u00adens\u00adbe\u00adweis f\u00fcr K\u00e4ufer und Banken<\/h2>\n\n\n\n<p>Ein wesent\u00adli\u00adcher Aspekt beim Erwerb eines Unter\u00adneh\u00admens ist das Vertrau\u00aden, das der K\u00e4ufer in die Trans\u00adak\u00adti\u00adon setzen muss. Dieses Vertrau\u00aden kann durch den Einsatz eines Verk\u00e4u\u00adfer\u00addar\u00adle\u00adhens gest\u00e4rkt werden. Es stellt einen <strong>wichti\u00adgen Vertrau\u00adens\u00adbe\u00adweis f\u00fcr den K\u00e4ufer<\/strong> dar, da der Verk\u00e4u\u00adfer so umgekehrt seine Zuver\u00adsicht in die Trans\u00adak\u00adti\u00adon und in die Person oder Firma des K\u00e4ufers setzt.<\/p>\n\n\n\n<p>Im Fall eines Gesell\u00adschaf\u00adter\u00addar\u00adle\u00adhens (z. B. bei einem Teilver\u00adkauf) kann das Darle\u00adhen als Eigen\u00adka\u00adpi\u00adtal\u00adersatz f\u00fcr ein weite\u00adres Bankdar\u00adle\u00adhen einge\u00adbracht werden. Dies ist nicht zuletzt <strong>eine Sicher\u00adheit f\u00fcr die Bank bei einer eventu\u00adel\u00adlen Restfi\u00adnan\u00adzie\u00adrung<\/strong>, was den Zinssatz beg\u00fcns\u00adti\u00adgen&nbsp;kann.<\/p>\n\n\n\n<div style=\"height:40px\" aria-hidden=\"true\" class=\"wp-block-spacer\"><\/div>\n\n\n\n<h2 class=\"wp-block-heading\" id=\"h-rangrucktritt-beim-verkauferdarlehen-was-kaufer-wissen-mussen\">Rangr\u00fcck\u00adtritt beim Verk\u00e4u\u00adfer\u00addar\u00adle\u00adhen: Was K\u00e4ufer wissen m\u00fcssen<\/h2>\n\n\n\n<p>Der Rangr\u00fcck\u00adtritt ist <strong>eine der h\u00e4ufigs\u00adten Ursachen f\u00fcr die Zur\u00fcck\u00adhal\u00adtung der Verk\u00e4u\u00adfer\u00adsei\u00adte<\/strong> bei dieser Finan\u00adzie\u00adrung durch ein Verk\u00e4u\u00adfer\u00addar\u00adle\u00adhen. Als Verk\u00e4u\u00adfer tritt der bishe\u00adri\u00adge Unter\u00adneh\u00admens\u00adlen\u00adker nicht nur von seiner urspr\u00fcng\u00adli\u00adchen Positi\u00adon als Gesch\u00e4fts\u00adf\u00fch\u00adrer und Gestal\u00adter zur\u00fcck, sondern das Darle\u00adhen wird in der Regel nach den Banken besichert.<br><br>Der Verk\u00e4u\u00adfer muss also nicht nur auf die F\u00e4hig\u00adkei\u00adten des K\u00e4ufers f\u00fcr die Zukunft vertrau\u00aden, sondern auch auf die finan\u00adzi\u00adel\u00adle R\u00fcckzah\u00adlung seines Darle\u00adhens. Daher sind alle Optio\u00adnen von Sicher\u00adhei\u00adten und priva\u00adten, pers\u00f6n\u00adli\u00adchen B\u00fcrgschaf\u00adten zu pr\u00fcfen und ggf. auch gemein\u00adsam mit den finan\u00adzie\u00adren\u00adden Banken zu kl\u00e4ren.<\/p>\n\n\n\n<div style=\"height:20px\" aria-hidden=\"true\" class=\"wp-block-spacer\"><\/div>\n\n\n\n<h2 class=\"wp-block-heading\" id=\"h-welche-vorteile-bietet-ein-verkauferdarlehen-kaufern\">Welche Vortei\u00adle bietet ein Verk\u00e4u\u00adfer\u00addar\u00adle\u00adhen K\u00e4ufern?<\/h2>\n\n\n\n<p>Auf K\u00e4ufer\u00adsei\u00adte kann ein Verk\u00e4u\u00adfer\u00addar\u00adle\u00adhen eine vielver\u00adspre\u00adchen\u00adde M\u00f6glich\u00adkeit sein, die Kaufpreis\u00adl\u00fc\u00adcke zu schlie\u00ad\u00dfen und die Finan\u00adzie\u00adrung zu erm\u00f6g\u00adli\u00adchen. Denn oft ist es so, dass gerade bei j\u00fcnge\u00adren Einzel\u00adper\u00adso\u00adnen <strong>die Kredit\u00adw\u00fcr\u00addig\u00adkeit und der Rahmen bei den Banken nicht ausrei\u00adchen<\/strong>, um den gesam\u00adten Kaufpreis zu finan\u00adzie\u00adren. Durch ein Verk\u00e4u\u00adfer\u00addar\u00adle\u00adhen kann der K\u00e4ufer jedoch die Diffe\u00adrenz aufbrin\u00adgen und so den Kauf t\u00e4tigen.<\/p>\n\n\n\n<p>A prop\u00f3\u00adsi\u00adto de<a href=\"https:\/\/www.kern-unternehmensnachfolge.com\/pt\/comprar-accoes-da-empresa-4\/\"> Adquir\u00adir uma empre\u00adsa sem capital pr\u00f3prio<\/a> kann das Verk\u00e4u\u00adfer\u00addar\u00adle\u00adhen von zentra\u00adler Bedeu\u00adtung&nbsp;sein.<\/p>\n\n\n\n<p>Al\u00e9m disso, o <strong>Zinsen f\u00fcr Verk\u00e4u\u00adfer\u00addar\u00adle\u00adhen in der Regel niedri\u00adger als bei anderen Arten von Kredi\u00adten<\/strong>. Auch die R\u00fcckzah\u00adlung des Darle\u00adhens kann flexi\u00adbel gestal\u00adtet werden.<\/p>\n\n\n\n<div style=\"height:20px\" aria-hidden=\"true\" class=\"wp-block-spacer\"><\/div>\n\n\n\n<div class=\"wp-block-columns is-layout-flex wp-container-core-columns-is-layout-28f84493 wp-block-columns-is-layout-flex\">\n<div class=\"wp-block-column is-layout-flow wp-block-column-is-layout-flow\" style=\"flex-basis:25%\"><\/div>\n\n\n\n<div class=\"wp-block-column is-layout-flow wp-block-column-is-layout-flow\" style=\"flex-basis:50%\">\n<figure class=\"wp-block-embed is-type-video is-provider-youtube wp-block-embed-youtube wp-embed-aspect-16-9 wp-has-aspect-ratio\"><div class=\"wp-block-embed__wrapper\">\n<iframe loading=\"lazy\" title=\"Unternehmenskauf im Mittelstand: Einblicke &amp; Erfahrungen | KERN Praxisgespr\u00e4ch\" width=\"500\" height=\"281\" src=\"https:\/\/www.youtube.com\/embed\/4uzQIk0JZB0?list=PLDFgKUXk4_rukIK1zWiUlhXrO0QWG2GN1\" frameborder=\"0\" allow=\"accelerometer; autoplay; clipboard-write; encrypted-media; gyroscope; picture-in-picture; web-share\" referrerpolicy=\"strict-origin-when-cross-origin\" allowfullscreen><\/iframe>\n<\/div><\/figure>\n<\/div>\n\n\n\n<div class=\"wp-block-column is-layout-flow wp-block-column-is-layout-flow\" style=\"flex-basis:25%\"><\/div>\n<\/div>\n\n\n\n<div style=\"height:20px\" aria-hidden=\"true\" class=\"wp-block-spacer\"><\/div>\n\n\n\n<div class=\"wp-block-columns is-layout-flex wp-container-core-columns-is-layout-28f84493 wp-block-columns-is-layout-flex\">\n<div class=\"wp-block-column is-layout-flow wp-block-column-is-layout-flow\">\n<p class=\"has-text-align-center has-medium-font-size\">Wenn Sie noch auf der Suche nach passen\u00adden K\u00e4ufern f\u00fcr Ihr Unter\u00adneh\u00admen sind, unter\u00adst\u00fct\u00adzen wir Sie&nbsp;gerne<\/p>\n<\/div>\n\n\n\n<div class=\"wp-block-column is-layout-flow wp-block-column-is-layout-flow\">\n<div class=\"wp-block-buttons is-content-justification-center is-layout-flex wp-container-core-buttons-is-layout-a89b3969 wp-block-buttons-is-layout-flex\">\n<div class=\"wp-block-button\"><a class=\"wp-block-button__link has-black-color has-text-color has-background wp-element-button\" href=\"https:\/\/www.kern-unternehmensnachfolge.com\/pt\/kaeufer-finden\/#tve-jump-177f7ed6227\" style=\"background-color:#f0bb38\" target=\"_blank\" rel=\"noreferrer noopener\">Jetzt K\u00e4ufer finden<\/a><\/div>\n<\/div>\n<\/div>\n<\/div>\n\n\n\n<div style=\"height:40px\" aria-hidden=\"true\" class=\"wp-block-spacer\"><\/div>\n\n\n\n<h2 class=\"wp-block-heading\" id=\"h-warum-ein-verkauferdarlehen-auch-fur-verkaufer-vorteilhaft-ist\">Warum ein Verk\u00e4u\u00adfer\u00addar\u00adle\u00adhen auch f\u00fcr Verk\u00e4u\u00adfer vorteil\u00adhaft&nbsp;ist<\/h2>\n\n\n\n<p>Ein Verk\u00e4u\u00adfer\u00addar\u00adle\u00adhen kann den Rahmen schaf\u00adfen, um \u00fcberhaupt eine Trans\u00adak\u00adti\u00adon und damit Zukunfts\u00adsi\u00adche\u00adrung f\u00fcr ein Unter\u00adneh\u00admen zu erm\u00f6g\u00adli\u00adchen. Es gilt jedoch die <strong>Sicher\u00adhei\u00adten und Haftun\u00adgen des K\u00e4ufers sehr ausf\u00fchr\u00adlich zu beleuch\u00adten<\/strong> e para a moldar.<\/p>\n\n\n\n<p>Ferner sollten \u201eLeitplan\u00adken\u201c im Kaufver\u00adtrag verein\u00adbart werden, auf welchen Planzah\u00adlen die weite\u00adre Unter\u00adneh\u00admens\u00adent\u00adwick\u00adlung aufset\u00adzen soll und ggf. sogar ein Vetorecht f\u00fcr den Verk\u00e4u\u00adfer bei Sonder\u00adin\u00adves\u00adti\u00adtio\u00adnen einge\u00adr\u00e4umt werden. Damit sind <strong>ambas as partes empenha\u00addas no suces\u00adso<\/strong> und k\u00f6nnen nicht belie\u00adbig ohne die Inter\u00ades\u00adsen der jewei\u00adli\u00adgen Seite agieren.<\/p>\n\n\n\n<p><strong>Pontos positivos:<\/strong> Der Verk\u00e4u\u00adfer eines Unter\u00adneh\u00admens kann durch die Bereit\u00adstel\u00adlung eines Verk\u00e4u\u00adfer\u00addar\u00adle\u00adhens <strong>manch\u00admal einen h\u00f6heren Kaufpreis<\/strong> negoci\u00adar e receber.<\/p>\n\n\n\n<div style=\"height:20px\" aria-hidden=\"true\" class=\"wp-block-spacer\"><\/div>\n\n\n\n<h2 class=\"wp-block-heading\" id=\"h-ruckzahlung-des-verkauferdarlehens\">R\u00fcckzah\u00adlung des Verk\u00e4uferdarlehens<\/h2>\n\n\n\n<p>Die R\u00fcckzah\u00adlung des Verk\u00e4u\u00adfer\u00addar\u00adle\u00adhens unter\u00adliegt einigen Bedin\u00adgun\u00adgen. So muss der K\u00e4ufer das Darle\u00adhen <strong>in der Regel inner\u00adhalb einer bestimm\u00adten Zeitspan\u00adne zur\u00fcck\u00adzah\u00adlen<\/strong> und \u00fcbernimmt die pers\u00f6n\u00adli\u00adche Haftung bei einem Ausfall. Sonder\u00adtil\u00adgun\u00adgen sollten ebenfalls bei einer sehr erfolg\u00adrei\u00adchen Gesch\u00e4fts\u00adent\u00adwick\u00adlung helfen, dass beide Seiten schnel\u00adler den gemein\u00adsa\u00admen Rahmen auch wieder mit Freude verlas\u00adsen k\u00f6nnen.<\/p>\n\n\n\n<p>Wenn eine Immobi\u00adlie zum Unter\u00adneh\u00admen geh\u00f6rt, k\u00f6nnen zus\u00e4tz\u00adli\u00adche Einnah\u00admen aus deren Vermie\u00adtung oder Verkauf zur Tilgung des Verk\u00e4u\u00adfer\u00addar\u00adle\u00adhens beitra\u00adgen. Dies kann vor allem bei Unter\u00adneh\u00admen mit hohem Immobi\u00adli\u00aden\u00adbe\u00adsitz eine attrak\u00adti\u00adve L\u00f6sung sein.<\/p>\n\n\n\n<p>Die psycho\u00adlo\u00adgi\u00adsche, positi\u00adve Wirkung auf andere Finanz\u00adierungs\u00adpartner bei einem Firmen\u00adver\u00adkauf ist nicht zu unter\u00adsch\u00e4t\u00adzen. Wenn K\u00e4ufer und Verk\u00e4u\u00adfer diese Option ziehen, ist es ein gewich\u00adti\u00adges Signal der zuk\u00fcnf\u00adti\u00adgen Glaub\u00adw\u00fcr\u00addig\u00adkeit f\u00fcr alle Kreditgeber.<\/p>\n\n\n\n<div style=\"height:20px\" aria-hidden=\"true\" class=\"wp-block-spacer\"><\/div>\n\n\n\n<div class=\"wp-block-columns is-layout-flex wp-container-core-columns-is-layout-28f84493 wp-block-columns-is-layout-flex\">\n<div class=\"wp-block-column is-layout-flow wp-block-column-is-layout-flow\">\n<figure class=\"wp-block-image aligncenter size-full\"><a href=\"https:\/\/www.kern-unternehmensnachfolge.com\/pt\/pedido-de-aconselhamento\/\" target=\"_blank\" rel=\"noreferrer noopener\"><img decoding=\"async\" src=\"https:\/\/www.kern-unternehmensnachfolge.com\/wp-content\/uploads\/2022\/06\/KERN-Verkaeuferdarlehen-Beratung-anfordern.jpg\" alt=\"Obter uma consulta inicial gratuita da KERN sobre o cr\u00e9dito ao fornecedor\" class=\"wp-image-23176\"><\/a><\/figure>\n<\/div>\n\n\n\n<div class=\"wp-block-column is-layout-flow wp-block-column-is-layout-flow\"><a href=\"https:\/\/www.kern-unternehmensnachfolge.com\/pt\/parceiro\/\" target=\"_blank\">\n           <img decoding=\"async\" src=\"https:\/\/www.kern-unternehmensnachfolge.com\/wp-content\/uploads\/2024\/10\/KERN-Standorte_Faehnchen_JPG_150_dpi_mit_Hintergrund_09.2024.jpg\" alt=\"Mapa de localiza\u00e7\u00e3o\">\n            <\/a>\n<\/div>\n<\/div>\n\n\n\n<div style=\"height:40px\" aria-hidden=\"true\" class=\"wp-block-spacer\"><\/div>\n\n\n\n<h2 class=\"wp-block-heading\" id=\"h-fazit\">Conclus\u00e3o<\/h2>\n\n\n\n<p>Ein Verk\u00e4u\u00adfer\u00addar\u00adle\u00adhen ist nicht nur eine sinnvol\u00adle Option f\u00fcr die Finan\u00adzie\u00adrung eines Unter\u00adneh\u00admens\u00adkaufs oder von Unter\u00adneh\u00admens\u00adbe\u00adtei\u00adli\u00adgun\u00adgen, sondern auch ein wichti\u00adger Bestand\u00adteil der <strong>Finan\u00adcia\u00admen\u00adto mezza\u00adni\u00adne<\/strong>, der K\u00e4ufern und Verk\u00e4u\u00adfern gleicher\u00adma\u00ad\u00dfen Vortei\u00adle bietet. Wenn Sie mehr dar\u00fcber erfah\u00adren m\u00f6chten, wie Sie diese hybri\u00adde Finan\u00adzie\u00adrungs\u00adform optimal nutzen k\u00f6nnen, unter\u00adst\u00fct\u00adzen wir Sie gerne bei einer profes\u00adsio\u00adnel\u00adlen Beratung.<\/p>\n\n\n\n<p><\/p>","protected":false},"excerpt":{"rendered":"<p>Verk\u00e4uferdarlehen k\u00f6nnen f\u00fcr die Firmenkauf Finanzierung ein sinnvolles Mittel sein. Durch diese Darlehen k\u00f6nnen K\u00e4ufer einen Gro\u00dfteil der Kaufsumme aufbringen, [&hellip;]<\/p>\n","protected":false},"author":40,"featured_media":32311,"comment_status":"closed","ping_status":"closed","sticky":false,"template":"","format":"standard","meta":{"wp_typography_post_enhancements_disabled":false,"_kad_blocks_custom_css":"","_kad_blocks_head_custom_js":"","_kad_blocks_body_custom_js":"","_kad_blocks_footer_custom_js":"","site-sidebar-layout":"default","site-content-layout":"","ast-site-content-layout":"default","site-content-style":"default","site-sidebar-style":"default","ast-global-header-display":"","ast-banner-title-visibility":"","ast-main-header-display":"","ast-hfb-above-header-display":"","ast-hfb-below-header-display":"","ast-hfb-mobile-header-display":"","site-post-title":"","ast-breadcrumbs-content":"","ast-featured-img":"","footer-sml-layout":"","ast-disable-related-posts":"","theme-transparent-header-meta":"","adv-header-id-meta":"","stick-header-meta":"","header-above-stick-meta":"","header-main-stick-meta":"","header-below-stick-meta":"","astra-migrate-meta-layouts":"set","ast-page-background-enabled":"default","ast-page-background-meta":{"desktop":{"background-color":"","background-image":"","background-repeat":"repeat","background-position":"center center","background-size":"auto","background-attachment":"scroll","background-type":"","background-media":"","overlay-type":"","overlay-color":"","overlay-opacity":"","overlay-gradient":""},"tablet":{"background-color":"","background-image":"","background-repeat":"repeat","background-position":"center center","background-size":"auto","background-attachment":"scroll","background-type":"","background-media":"","overlay-type":"","overlay-color":"","overlay-opacity":"","overlay-gradient":""},"mobile":{"background-color":"","background-image":"","background-repeat":"repeat","background-position":"center center","background-size":"auto","background-attachment":"scroll","background-type":"","background-media":"","overlay-type":"","overlay-color":"","overlay-opacity":"","overlay-gradient":""}},"ast-content-background-meta":{"desktop":{"background-color":"var(--ast-global-color-5)","background-image":"","background-repeat":"repeat","background-position":"center center","background-size":"auto","background-attachment":"scroll","background-type":"","background-media":"","overlay-type":"","overlay-color":"","overlay-opacity":"","overlay-gradient":""},"tablet":{"background-color":"var(--ast-global-color-5)","background-image":"","background-repeat":"repeat","background-position":"center center","background-size":"auto","background-attachment":"scroll","background-type":"","background-media":"","overlay-type":"","overlay-color":"","overlay-opacity":"","overlay-gradient":""},"mobile":{"background-color":"var(--ast-global-color-5)","background-image":"","background-repeat":"repeat","background-position":"center center","background-size":"auto","background-attachment":"scroll","background-type":"","background-media":"","overlay-type":"","overlay-color":"","overlay-opacity":"","overlay-gradient":""}},"iawp_total_views":158,"footnotes":""},"categories":[1],"tags":[5696,335,5698,251,198,5697],"class_list":["post-23155","post","type-post","status-publish","format-standard","has-post-thumbnail","hentry","category-unternehmensnachfolge-2","tag-earn-out","tag-firmenkauf","tag-firmenkauf-finanzierung","tag-unternehmenskauf","tag-unternehmensnachfolge","tag-verkaeuferdarlehen"],"taxonomy_info":{"category":[{"value":1,"label":"Unternehmensnachfolge"}],"post_tag":[{"value":5696,"label":"earn out"},{"value":335,"label":"Firmenkauf"},{"value":5698,"label":"firmenkauf finanzierung"},{"value":251,"label":"Unternehmenskauf"},{"value":198,"label":"Unternehmensnachfolge"},{"value":5697,"label":"verk\u00e4uferdarlehen"}]},"featured_image_src_large":["https:\/\/www.kern-unternehmensnachfolge.com\/wp-content\/uploads\/2022\/07\/Beitragsbild-Verkaeuferdarlehen-1024x350.jpg",1024,350,true],"author_info":{"display_name":"Josef Andr\u00e9","author_link":"https:\/\/www.kern-unternehmensnachfolge.com\/pt\/author\/josef-andre\/"},"comment_info":0,"category_info":[{"term_id":1,"name":"Unternehmensnachfolge","slug":"unternehmensnachfolge-2","term_group":0,"term_taxonomy_id":1,"taxonomy":"category","description":"","parent":0,"count":280,"filter":"raw","cat_ID":1,"category_count":280,"category_description":"","cat_name":"Unternehmensnachfolge","category_nicename":"unternehmensnachfolge-2","category_parent":0}],"tag_info":[{"term_id":5696,"name":"earn out","slug":"earn-out","term_group":0,"term_taxonomy_id":5696,"taxonomy":"post_tag","description":"","parent":0,"count":3,"filter":"raw"},{"term_id":335,"name":"Firmenkauf","slug":"firmenkauf","term_group":0,"term_taxonomy_id":335,"taxonomy":"post_tag","description":"","parent":0,"count":3,"filter":"raw"},{"term_id":5698,"name":"firmenkauf finanzierung","slug":"firmenkauf-finanzierung","term_group":0,"term_taxonomy_id":5698,"taxonomy":"post_tag","description":"","parent":0,"count":2,"filter":"raw"},{"term_id":251,"name":"Unternehmenskauf","slug":"unternehmenskauf","term_group":0,"term_taxonomy_id":251,"taxonomy":"post_tag","description":"","parent":0,"count":56,"filter":"raw"},{"term_id":198,"name":"Unternehmensnachfolge","slug":"unternehmensnachfolge","term_group":0,"term_taxonomy_id":198,"taxonomy":"post_tag","description":"","parent":0,"count":189,"filter":"raw"},{"term_id":5697,"name":"verk\u00e4uferdarlehen","slug":"verkaeuferdarlehen","term_group":0,"term_taxonomy_id":5697,"taxonomy":"post_tag","description":"","parent":0,"count":3,"filter":"raw"}],"_links":{"self":[{"href":"https:\/\/www.kern-unternehmensnachfolge.com\/pt\/wp-json\/wp\/v2\/posts\/23155","targetHints":{"allow":["GET"]}}],"collection":[{"href":"https:\/\/www.kern-unternehmensnachfolge.com\/pt\/wp-json\/wp\/v2\/posts"}],"about":[{"href":"https:\/\/www.kern-unternehmensnachfolge.com\/pt\/wp-json\/wp\/v2\/types\/post"}],"author":[{"embeddable":true,"href":"https:\/\/www.kern-unternehmensnachfolge.com\/pt\/wp-json\/wp\/v2\/users\/40"}],"replies":[{"embeddable":true,"href":"https:\/\/www.kern-unternehmensnachfolge.com\/pt\/wp-json\/wp\/v2\/comments?post=23155"}],"version-history":[{"count":0,"href":"https:\/\/www.kern-unternehmensnachfolge.com\/pt\/wp-json\/wp\/v2\/posts\/23155\/revisions"}],"wp:featuredmedia":[{"embeddable":true,"href":"https:\/\/www.kern-unternehmensnachfolge.com\/pt\/wp-json\/wp\/v2\/media\/32311"}],"wp:attachment":[{"href":"https:\/\/www.kern-unternehmensnachfolge.com\/pt\/wp-json\/wp\/v2\/media?parent=23155"}],"wp:term":[{"taxonomy":"category","embeddable":true,"href":"https:\/\/www.kern-unternehmensnachfolge.com\/pt\/wp-json\/wp\/v2\/categories?post=23155"},{"taxonomy":"post_tag","embeddable":true,"href":"https:\/\/www.kern-unternehmensnachfolge.com\/pt\/wp-json\/wp\/v2\/tags?post=23155"}],"curies":[{"name":"wp","href":"https:\/\/api.w.org\/{rel}","templated":true}]}}