{"id":19704,"date":"2021-10-08T12:05:40","date_gmt":"2021-10-08T10:05:40","guid":{"rendered":"https:\/\/great-kare.185-125-174-66.plesk.page\/?p=19704"},"modified":"2021-10-08T12:05:42","modified_gmt":"2021-10-08T10:05:42","slug":"chamber-of-commerce-magazine-09-2021-o-tema-da-sucessao-empresarial-continua-a-ser-subestimado","status":"publish","type":"post","link":"https:\/\/www.kern-unternehmensnachfolge.com\/pt\/handelskammer-magazin-09-2021-unternehmensnachfolge-thema-wird-noch-immer-unterschaetzt\/","title":{"rendered":"Revis\u00adta da C\u00e2mara de Com\u00e9rcio 09.2021- Suces\u00ads\u00e3o de empre\u00adsas: tema ainda subestimado"},"content":{"rendered":"<p>Mehre\u00adre 100.000 Arbeits\u00adpl\u00e4t\u00adze pro Jahr h\u00e4ngen bundes\u00adweit an einer erfolg\u00adrei\u00adchen \u00dcberga\u00adbe\u00adre\u00adge\u00adlung. Die meisten Unter\u00adneh\u00adme\u00adrin\u00adnen und Unter\u00adneh\u00admer besch\u00e4f\u00adti\u00adgen sich jedoch zu sp\u00e4t mit dem&nbsp;Thema.<\/p>\n\n\n\n<p>Generell tue sich die \u00dcberge\u00adber\u00adge\u00adne\u00adra\u00adti\u00adon schwer, sagt <a href=\"https:\/\/www.kern-unternehmensnachfolge.com\/pt\/parceiro-2-2\/bremen-koerber\/\" target=\"_blank\" rel=\"noreferrer noopener\">Nils Koerber<\/a>, Gr\u00fcnder von <span class=\"caps\">KERN<\/span> \u2013 Unternehmens\u00adnachfolge. Erfolg\u00adrei\u00adcher, \u201eda geht es oft um emotio\u00adna\u00adle Dinge.\u201c Wichtig sei ihm, \u201edass wir win-win kreieren, dass am Ende eben alle zufrie\u00adden sind.\u201c Das sei das eigent\u00adlich Entschei\u00adden\u00adde, so Koerber, und nicht immer nur steuer\u00adli\u00adche und gewinn\u00adori\u00aden\u00adtier\u00adte L\u00f6sun\u00adgen. \u201eOft wird die emotio\u00adna\u00adle Ebene vergessen.\u201c&nbsp;<\/p>\n\n\n\n<p><a href=\"https:\/\/handelskammer-magazin.de\/magazine-page\/unternehmensnachfolge-thema-wird-noch-immer-unterschaetzt\/\" target=\"_blank\" rel=\"noreferrer noopener\">Clique aqui para ver o artigo!<\/a><\/p>\n\n\n\n<p>Imagem: Canva.com <\/p>","protected":false},"excerpt":{"rendered":"<p>Mehrere 100.000 Arbeitspl\u00e4tze pro Jahr h\u00e4ngen bundesweit an einer erfolgreichen \u00dcbergaberegelung. Die meisten Unternehmerinnen und Unternehmer besch\u00e4ftigen sich jedoch zu [&hellip;]<\/p>\n","protected":false},"author":25,"featured_media":19710,"comment_status":"closed","ping_status":"closed","sticky":false,"template":"","format":"standard","meta":{"wp_typography_post_enhancements_disabled":false,"_kad_blocks_custom_css":"","_kad_blocks_head_custom_js":"","_kad_blocks_body_custom_js":"","_kad_blocks_footer_custom_js":"","site-sidebar-layout":"default","site-content-layout":"default","ast-site-content-layout":"default","site-content-style":"default","site-sidebar-style":"default","ast-global-header-display":"","ast-banner-title-visibility":"","ast-main-header-display":"","ast-hfb-above-header-display":"","ast-hfb-below-header-display":"","ast-hfb-mobile-header-display":"","site-post-title":"","ast-breadcrumbs-content":"","ast-featured-img":"","footer-sml-layout":"","ast-disable-related-posts":"","theme-transparent-header-meta":"default","adv-header-id-meta":"","stick-header-meta":"default","header-above-stick-meta":"","header-main-stick-meta":"","header-below-stick-meta":"","astra-migrate-meta-layouts":"default","ast-page-background-enabled":"default","ast-page-background-meta":{"desktop":{"background-color":"","background-image":"","background-repeat":"repeat","background-position":"center center","background-size":"auto","background-attachment":"scroll","background-type":"","background-media":"","overlay-type":"","overlay-color":"","overlay-opacity":"","overlay-gradient":""},"tablet":{"background-color":"","background-image":"","background-repeat":"repeat","background-position":"center center","background-size":"auto","background-attachment":"scroll","background-type":"","background-media":"","overlay-type":"","overlay-color":"","overlay-opacity":"","overlay-gradient":""},"mobile":{"background-color":"","background-image":"","background-repeat":"repeat","background-position":"center center","background-size":"auto","background-attachment":"scroll","background-type":"","background-media":"","overlay-type":"","overlay-color":"","overlay-opacity":"","overlay-gradient":""}},"ast-content-background-meta":{"desktop":{"background-color":"var(--ast-global-color-5)","background-image":"","background-repeat":"repeat","background-position":"center center","background-size":"auto","background-attachment":"scroll","background-type":"","background-media":"","overlay-type":"","overlay-color":"","overlay-opacity":"","overlay-gradient":""},"tablet":{"background-color":"var(--ast-global-color-5)","background-image":"","background-repeat":"repeat","background-position":"center center","background-size":"auto","background-attachment":"scroll","background-type":"","background-media":"","overlay-type":"","overlay-color":"","overlay-opacity":"","overlay-gradient":""},"mobile":{"background-color":"var(--ast-global-color-5)","background-image":"","background-repeat":"repeat","background-position":"center center","background-size":"auto","background-attachment":"scroll","background-type":"","background-media":"","overlay-type":"","overlay-color":"","overlay-opacity":"","overlay-gradient":""}},"iawp_total_views":0,"footnotes":""},"categories":[882],"tags":[3661,5621,198],"class_list":["post-19704","post","type-post","status-publish","format-standard","has-post-thumbnail","hentry","category-presse","tag-cta-ratgeber-allgemein","tag-handelskammer-magazin-09-2021","tag-unternehmensnachfolge"],"taxonomy_info":{"category":[{"value":882,"label":"Presse"}],"post_tag":[{"value":3661,"label":"CTA: Ratgeber allgemein"},{"value":5621,"label":"Handelskammer-Magazin 09.2021"},{"value":198,"label":"Unternehmensnachfolge"}]},"featured_image_src_large":["https:\/\/www.kern-unternehmensnachfolge.com\/wp-content\/uploads\/2021\/10\/Handeslskammer-Magazin-09.2021.jpg",1024,576,false],"author_info":{"display_name":"Redaktion","author_link":"https:\/\/www.kern-unternehmensnachfolge.com\/pt\/author\/vonhacht\/"},"comment_info":0,"category_info":[{"term_id":882,"name":"Presse","slug":"presse","term_group":0,"term_taxonomy_id":882,"taxonomy":"category","description":"","parent":0,"count":150,"filter":"raw","cat_ID":882,"category_count":150,"category_description":"","cat_name":"Presse","category_nicename":"presse","category_parent":0}],"tag_info":[{"term_id":3661,"name":"CTA: Ratgeber allgemein","slug":"cta-ratgeber-allgemein","term_group":0,"term_taxonomy_id":3661,"taxonomy":"post_tag","description":"","parent":0,"count":148,"filter":"raw"},{"term_id":5621,"name":"Handelskammer-Magazin 09.2021","slug":"handelskammer-magazin-09-2021","term_group":0,"term_taxonomy_id":5621,"taxonomy":"post_tag","description":"","parent":0,"count":1,"filter":"raw"},{"term_id":198,"name":"Unternehmensnachfolge","slug":"unternehmensnachfolge","term_group":0,"term_taxonomy_id":198,"taxonomy":"post_tag","description":"","parent":0,"count":189,"filter":"raw"}],"_links":{"self":[{"href":"https:\/\/www.kern-unternehmensnachfolge.com\/pt\/wp-json\/wp\/v2\/posts\/19704","targetHints":{"allow":["GET"]}}],"collection":[{"href":"https:\/\/www.kern-unternehmensnachfolge.com\/pt\/wp-json\/wp\/v2\/posts"}],"about":[{"href":"https:\/\/www.kern-unternehmensnachfolge.com\/pt\/wp-json\/wp\/v2\/types\/post"}],"author":[{"embeddable":true,"href":"https:\/\/www.kern-unternehmensnachfolge.com\/pt\/wp-json\/wp\/v2\/users\/25"}],"replies":[{"embeddable":true,"href":"https:\/\/www.kern-unternehmensnachfolge.com\/pt\/wp-json\/wp\/v2\/comments?post=19704"}],"version-history":[{"count":0,"href":"https:\/\/www.kern-unternehmensnachfolge.com\/pt\/wp-json\/wp\/v2\/posts\/19704\/revisions"}],"wp:featuredmedia":[{"embeddable":true,"href":"https:\/\/www.kern-unternehmensnachfolge.com\/pt\/wp-json\/wp\/v2\/media\/19710"}],"wp:attachment":[{"href":"https:\/\/www.kern-unternehmensnachfolge.com\/pt\/wp-json\/wp\/v2\/media?parent=19704"}],"wp:term":[{"taxonomy":"category","embeddable":true,"href":"https:\/\/www.kern-unternehmensnachfolge.com\/pt\/wp-json\/wp\/v2\/categories?post=19704"},{"taxonomy":"post_tag","embeddable":true,"href":"https:\/\/www.kern-unternehmensnachfolge.com\/pt\/wp-json\/wp\/v2\/tags?post=19704"}],"curies":[{"name":"wp","href":"https:\/\/api.w.org\/{rel}","templated":true}]}}