{"id":19260,"date":"2021-09-24T13:27:58","date_gmt":"2021-09-24T11:27:58","guid":{"rendered":"https:\/\/great-kare.185-125-174-66.plesk.page\/?p=19260"},"modified":"2021-09-24T13:28:00","modified_gmt":"2021-09-24T11:28:00","slug":"a-economia-alema-inovador-do-ano-2021-core-initiative-entrepreneur-check","status":"publish","type":"post","link":"https:\/\/www.kern-unternehmensnachfolge.com\/pt\/die-deutsche-wirtschaft-innovator-des-jahres-2021-kern-initiative-unternehmercheck\/","title":{"rendered":"Die Deutsche Wirtschaft \u2013 Innova\u00adtor des Jahres 2021- KERN-Initia\u00adti\u00adve Unternehmercheck"},"content":{"rendered":"<p>F\u00fcr die Entwick\u00adlung des ersten wissen\u00adschaft\u00adlich fundier\u00adten Profil\u00ading f\u00fcr F\u00fchrungs\u00adkr\u00e4f\u00adte, ist die Initia\u00adti\u00adve \u201eMein Unter\u00adneh\u00admer\u00adcheck\u201c nominiert f\u00fcr den Publi\u00adkums\u00adpreis \u201eInnova\u00adtor des Jahres 2021\u201c.&nbsp;<\/p>\n\n\n\n<p>Wie entschei\u00adden eigent\u00adlich Eltern und Kinder wenn die Unternehmens\u00adnachfolge im Famili\u00aden\u00adun\u00adter\u00adneh\u00admen ansteht? Bei einem Kind mag es theore\u00adtisch noch einfach sein, bei mehre\u00adren Nachfol\u00adgern in der Familie schon deutlich schwie\u00adri\u00adger. Gleiches gilt f\u00fcr Firmen\u00adin\u00adha\u00adber, die die passen\u00adde Pers\u00f6n\u00adlich\u00adkeit f\u00fcr die Zukunft ihrer Unter\u00adneh\u00admung suchen. Die Berater\u00adgrup\u00adpe <span class=\"caps\">KERN<\/span> hat sich dem Problem mit einer innova\u00adti\u00adven L\u00f6sung angenommen.<\/p>\n\n\n\n<p>Est\u00e1 impres\u00adsio\u00adna\u00addo com os nossos produ\u00adtos inova\u00addo\u00adres? <em>O meu cheque de empres\u00e1\u00adrio<\/em> \u00fcberzeugt? Dann <a href=\"https:\/\/die-deutsche-wirtschaft.de\/die-nominierten-2021\/\" target=\"_blank\" rel=\"noreferrer noopener nofollow\">Votar agora<\/a> f\u00fcr <span class=\"caps\">KERN<\/span> und den Gewinn des Publikumspreises.&nbsp;<\/p>\n\n\n\n<p><a href=\"https:\/\/die-deutsche-wirtschaft.de\/zur-wahl-gestellt-kern-initiative-unternehmercheck\/\" target=\"_blank\" rel=\"noreferrer noopener\">Clique aqui para ver o artigo!<\/a><\/p>\n\n\n\n<p>Imagem: Canva.com <\/p>","protected":false},"excerpt":{"rendered":"<p>F\u00fcr die Entwicklung des ersten wissenschaftlich fundierten Profiling f\u00fcr F\u00fchrungskr\u00e4fte, ist die Initiative &#8222;Mein Unternehmercheck&#8220; nominiert f\u00fcr den Publikumspreis &#8222;Innovator [&hellip;]<\/p>\n","protected":false},"author":25,"featured_media":0,"comment_status":"closed","ping_status":"closed","sticky":false,"template":"","format":"standard","meta":{"wp_typography_post_enhancements_disabled":false,"_kad_blocks_custom_css":"","_kad_blocks_head_custom_js":"","_kad_blocks_body_custom_js":"","_kad_blocks_footer_custom_js":"","site-sidebar-layout":"default","site-content-layout":"default","ast-site-content-layout":"default","site-content-style":"default","site-sidebar-style":"default","ast-global-header-display":"","ast-banner-title-visibility":"","ast-main-header-display":"","ast-hfb-above-header-display":"","ast-hfb-below-header-display":"","ast-hfb-mobile-header-display":"","site-post-title":"","ast-breadcrumbs-content":"","ast-featured-img":"","footer-sml-layout":"","ast-disable-related-posts":"","theme-transparent-header-meta":"default","adv-header-id-meta":"","stick-header-meta":"default","header-above-stick-meta":"","header-main-stick-meta":"","header-below-stick-meta":"","astra-migrate-meta-layouts":"default","ast-page-background-enabled":"default","ast-page-background-meta":{"desktop":{"background-color":"","background-image":"","background-repeat":"repeat","background-position":"center center","background-size":"auto","background-attachment":"scroll","background-type":"","background-media":"","overlay-type":"","overlay-color":"","overlay-opacity":"","overlay-gradient":""},"tablet":{"background-color":"","background-image":"","background-repeat":"repeat","background-position":"center center","background-size":"auto","background-attachment":"scroll","background-type":"","background-media":"","overlay-type":"","overlay-color":"","overlay-opacity":"","overlay-gradient":""},"mobile":{"background-color":"","background-image":"","background-repeat":"repeat","background-position":"center center","background-size":"auto","background-attachment":"scroll","background-type":"","background-media":"","overlay-type":"","overlay-color":"","overlay-opacity":"","overlay-gradient":""}},"ast-content-background-meta":{"desktop":{"background-color":"var(--ast-global-color-5)","background-image":"","background-repeat":"repeat","background-position":"center center","background-size":"auto","background-attachment":"scroll","background-type":"","background-media":"","overlay-type":"","overlay-color":"","overlay-opacity":"","overlay-gradient":""},"tablet":{"background-color":"var(--ast-global-color-5)","background-image":"","background-repeat":"repeat","background-position":"center center","background-size":"auto","background-attachment":"scroll","background-type":"","background-media":"","overlay-type":"","overlay-color":"","overlay-opacity":"","overlay-gradient":""},"mobile":{"background-color":"var(--ast-global-color-5)","background-image":"","background-repeat":"repeat","background-position":"center center","background-size":"auto","background-attachment":"scroll","background-type":"","background-media":"","overlay-type":"","overlay-color":"","overlay-opacity":"","overlay-gradient":""}},"iawp_total_views":0,"footnotes":""},"categories":[882],"tags":[5587,5618,198],"class_list":["post-19260","post","type-post","status-publish","format-standard","hentry","category-presse","tag-cta-unternehmenswertrechner","tag-die-deutsche-wirtschaft-tv","tag-unternehmensnachfolge"],"taxonomy_info":{"category":[{"value":882,"label":"Presse"}],"post_tag":[{"value":5587,"label":"CTA: Unternehmenswertrechner"},{"value":5618,"label":"Die Deutsche Wirtschaft TV"},{"value":198,"label":"Unternehmensnachfolge"}]},"featured_image_src_large":false,"author_info":{"display_name":"Redaktion","author_link":"https:\/\/www.kern-unternehmensnachfolge.com\/pt\/author\/vonhacht\/"},"comment_info":0,"category_info":[{"term_id":882,"name":"Presse","slug":"presse","term_group":0,"term_taxonomy_id":882,"taxonomy":"category","description":"","parent":0,"count":150,"filter":"raw","cat_ID":882,"category_count":150,"category_description":"","cat_name":"Presse","category_nicename":"presse","category_parent":0}],"tag_info":[{"term_id":5587,"name":"CTA: Unternehmenswertrechner","slug":"cta-unternehmenswertrechner","term_group":0,"term_taxonomy_id":5587,"taxonomy":"post_tag","description":"","parent":0,"count":7,"filter":"raw"},{"term_id":5618,"name":"Die Deutsche Wirtschaft TV","slug":"die-deutsche-wirtschaft-tv","term_group":0,"term_taxonomy_id":5618,"taxonomy":"post_tag","description":"","parent":0,"count":1,"filter":"raw"},{"term_id":198,"name":"Unternehmensnachfolge","slug":"unternehmensnachfolge","term_group":0,"term_taxonomy_id":198,"taxonomy":"post_tag","description":"","parent":0,"count":189,"filter":"raw"}],"_links":{"self":[{"href":"https:\/\/www.kern-unternehmensnachfolge.com\/pt\/wp-json\/wp\/v2\/posts\/19260","targetHints":{"allow":["GET"]}}],"collection":[{"href":"https:\/\/www.kern-unternehmensnachfolge.com\/pt\/wp-json\/wp\/v2\/posts"}],"about":[{"href":"https:\/\/www.kern-unternehmensnachfolge.com\/pt\/wp-json\/wp\/v2\/types\/post"}],"author":[{"embeddable":true,"href":"https:\/\/www.kern-unternehmensnachfolge.com\/pt\/wp-json\/wp\/v2\/users\/25"}],"replies":[{"embeddable":true,"href":"https:\/\/www.kern-unternehmensnachfolge.com\/pt\/wp-json\/wp\/v2\/comments?post=19260"}],"version-history":[{"count":0,"href":"https:\/\/www.kern-unternehmensnachfolge.com\/pt\/wp-json\/wp\/v2\/posts\/19260\/revisions"}],"wp:attachment":[{"href":"https:\/\/www.kern-unternehmensnachfolge.com\/pt\/wp-json\/wp\/v2\/media?parent=19260"}],"wp:term":[{"taxonomy":"category","embeddable":true,"href":"https:\/\/www.kern-unternehmensnachfolge.com\/pt\/wp-json\/wp\/v2\/categories?post=19260"},{"taxonomy":"post_tag","embeddable":true,"href":"https:\/\/www.kern-unternehmensnachfolge.com\/pt\/wp-json\/wp\/v2\/tags?post=19260"}],"curies":[{"name":"wp","href":"https:\/\/api.w.org\/{rel}","templated":true}]}}