{"id":10021,"date":"2020-06-12T02:32:46","date_gmt":"2020-06-12T00:32:46","guid":{"rendered":"https:\/\/great-kare.185-125-174-66.plesk.page\/?p=10021"},"modified":"2021-09-30T06:08:10","modified_gmt":"2021-09-30T04:08:10","slug":"projeto-herbert-seus-kaeltetechnik-company-sale","status":"publish","type":"post","link":"https:\/\/www.kern-unternehmensnachfolge.com\/pt\/projekt-herbert-seus-kaeltetechnik-unternehmensverkauf\/","title":{"rendered":"Seus K\u00e4lte\u00adtech\u00adnik \u2013 Unternehmensverkauf"},"content":{"rendered":"<p><span><img decoding=\"async\" alt data-id=\"10077\" data-init-width=\"290\" data-init-height=\"72\" title=\"herbertseus-logo.png\" loading=\"lazy\" src=\"https:\/\/www.kern-unternehmensnachfolge.com\/wp-content\/uploads\/2020\/06\/herbertseus-logo.png.jpg\" data-width=\"230\" data-height=\"57\" width=\"230\" height=\"57\"><\/span><\/p>\n<ul>\n<li>                    <span>Artesa\u00adna\u00adto<\/span><\/li>\n<li>                    <span><a href=\"\/pt\/venda-de-uma-empresa-4\/\" style=\"outline: none;\" target=\"_blank\" rel=\"noopener noreferrer\">Venda da empre\u00adsa<\/a><span style=\"color: rgb(174, 174, 174);\">| Aquisi\u00ad\u00e7\u00e3o de empre\u00adsa | Mudan\u00ad\u00e7a de gera\u00e7\u00e3o<\/span><\/span><\/li>\n<li>                    <span>Betreut von: \u200b<a href=\"https:\/\/www.kern-unternehmensnachfolge.com\/pt\/parceiro-2-2\/sucessao-de-empresas-wiesbaden3\/\" style=\"outline: none;\" target=\"_blank\" rel=\"noopener noreferrer\">Ingo Claus<\/a><\/span><\/li>\n<li>                    <span><a href=\"https:\/\/www.kern-unternehmensnachfolge.com\/pt\/exemplo-pratico-de-uma-sucessao-empresarial-bem-sucedida-no-sector-do-comercio\/\" style=\"outline: none;\" target=\"_blank\" rel=\"noopener noreferrer\">Mais infor\u00adma\u00ad\u00e7\u00f5es<\/a><\/span><\/li>\n<\/ul>\n<h3>\u00dcber das Unternehmen&nbsp;<\/h3>\n<p><span data-contrast=\"auto\" lang=\"DE-DE\">O Herbert&nbsp;<\/span><span data-contrast=\"auto\" lang=\"DE-DE\">Seus<\/span><span data-contrast=\"auto\" lang=\"DE-DE\">&nbsp;GmbH <span class=\"amp\">&amp;<\/span> Co. K\u00e4lte\u00adtech\u00adnik <span class=\"caps\">KG<\/span> wurde 1992 durch Herbert&nbsp;<\/span><span data-contrast=\"auto\" lang=\"DE-DE\">Seus<\/span><span data-contrast=\"auto\" lang=\"DE-DE\">&nbsp;in Bergen auf der Insel R\u00fcgen gegr\u00fcn\u00addet. Als Teil der in Wilhelms\u00adha\u00adven ans\u00e4s\u00adsi\u00adgen Unter\u00adneh\u00admens\u00adgrup\u00adpe&nbsp;<\/span><span data-contrast=\"auto\" lang=\"DE-DE\">Seus<\/span><span data-contrast=\"auto\" lang=\"DE-DE\">&nbsp;K\u00e4lte\u00adtech\u00adnik entwi\u00adckel\u00adte sich das Unter\u00adneh\u00admen zum wichtigs\u00adten K\u00e4lte\u00adtech\u00adnik\u00addienst\u00adleis\u00adter auf der Insel R\u00fcgen.&nbsp;<\/span><span data-ccp-props=\"{&quot;201341983&quot;:0,&quot;335559739&quot;:160,&quot;335559740&quot;:259}\">&nbsp;<\/span><\/p>\n<p><span data-contrast=\"auto\" lang=\"DE-DE\">O Herbert&nbsp;<\/span><span data-contrast=\"auto\" lang=\"DE-DE\">Seus<\/span><span data-contrast=\"auto\" lang=\"DE-DE\">&nbsp;GmbH <span class=\"amp\">&amp;<\/span> Co. K\u00e4lte\u00adtech\u00adnik <span class=\"caps\">KG<\/span> ist der markt\u00adf\u00fch\u00adren\u00adde Anbie\u00adter indivi\u00addu\u00adel\u00adler K\u00e4lte- und Klima\u00adtech\u00adnik in Nordost\u00addeutsch\u00adland. Zu&nbsp;<\/span><span data-contrast=\"auto\" lang=\"DE-DE\">d<\/span><span data-contrast=\"auto\" lang=\"DE-DE\">en Kunden z\u00e4hlen neben Gewer\u00adbe- und Indus\u00adtrie\u00adkun\u00adden auch viele \u00f6ffent\u00adli\u00adche Auftrag\u00adge\u00adber. Das Unter\u00adneh\u00admen bedient Kunden in Mecklen\u00adburg-Vorpom\u00admern, Schles\u00adwig-Holstein und Branden\u00adburg.<\/span><span data-ccp-props=\"{&quot;201341983&quot;:0,&quot;335559739&quot;:160,&quot;335559740&quot;:259}\">&nbsp;<\/span><\/p>\n<h3>A tarefa&nbsp;<\/h3>\n<p>\u200b<\/p>\n<p><span data-contrast=\"auto\" lang=\"DE-DE\">Das Projekt umfass\u00adte die Verkaufs\u00advor\u00adbe\u00adrei\u00adtung, K\u00e4ufer\u00adsu\u00adche und Anspra\u00adche sowie die Organi\u00adsa\u00adti\u00adon und Modera\u00adti\u00adon<\/span><span data-contrast=\"auto\" lang=\"DE-DE\">&nbsp;de todo o proces\u00adso de vendas num siste\u00adma vo<\/span><span data-contrast=\"auto\" lang=\"DE-DE\">n einem ausge\u00adpr\u00e4g\u00adten&nbsp;<\/span><span data-contrast=\"auto\" lang=\"DE-DE\">Fachkr\u00e4f\u00adte\u00adman\u00adgel gep<\/span><span data-contrast=\"auto\" lang=\"DE-DE\">deitar<\/span><span data-contrast=\"auto\" lang=\"DE-DE\">n Segmen\u00adto do artesa\u00adna\u00adto.&nbsp;<\/span><span data-contrast=\"auto\" lang=\"DE-DE\">No entan\u00adto, o proje\u00adto foi conclu\u00ed\u00addo com \u00eaxito em menos de 11 meses.&nbsp;<\/span><span data-ccp-props=\"{&quot;201341983&quot;:0,&quot;335559739&quot;:160,&quot;335559740&quot;:259}\">&nbsp;<\/span><\/p>\n<p><span data-contrast=\"auto\" lang=\"DE-DE\">O&nbsp;<\/span><span data-contrast=\"auto\" lang=\"DE-DE\">Wirtschafts\u00adWo\u00adche<\/span><span data-contrast=\"auto\" lang=\"DE-DE\">&nbsp;<\/span><span data-contrast=\"auto\" lang=\"DE-DE\">desen\u00adhou o proje\u00adto de 2018&nbsp;<\/span><span data-contrast=\"auto\" lang=\"DE-DE\">como um dos melho\u00adres projec\u00adtos de F<span class=\"amp\">&amp;<\/span>A no sector das <span class=\"caps\">PME<\/span> alem\u00e3s.<\/span><span data-ccp-props=\"{&quot;201341983&quot;:0,&quot;335559739&quot;:160,&quot;335559740&quot;:259}\">&nbsp;<\/span><\/p>\n<h3>O que o cliente diz sobre o projeto<\/h3>\n<p style=\"text-align: left;\">Herbert Seus<\/p>\n<p><span class=\"dquo\">\u201e<\/span><span data-contrast=\"auto\" lang=\"DE-DE\">Fic\u00e1mos muito satis\u00adfei\u00adtos com o Sr. Claus da empre\u00adsa <span class=\"caps\">KERN<\/span>. Em parti\u00adcu\u00adlar, fic\u00e1mos impres\u00adsio\u00adna\u00addos com o seu empen\u00adho na suces\u00ads\u00e3o<\/span><span data-contrast=\"auto\" lang=\"DE-DE\">pesqui\u00adsa<\/span><span data-contrast=\"auto\" lang=\"DE-DE\">&nbsp;f\u00fcr&nbsp;<\/span><span data-contrast=\"auto\" lang=\"DE-DE\">nosso<\/span><span data-contrast=\"auto\" lang=\"DE-DE\">&nbsp;O neg\u00f3cio do artes\u00e3o ajudou muito. N\u00f3s&nbsp;<\/span><span data-contrast=\"auto\" lang=\"DE-DE\">foram sempre envol\u00advi\u00addos no proces\u00adso e nos proces\u00adsos de decis\u00ad\u00e3o e&nbsp;<\/span><span data-contrast=\"auto\" lang=\"DE-DE\">Temos todo o gosto em recomen\u00addar o Sr. Claus a outras pesso\u00adas.<\/span><span data-ccp-props=\"{&quot;201341983&quot;:0,&quot;335559739&quot;:160,&quot;335559740&quot;:259}\">\u201e<\/span><\/p>\n<h3>\u00dcber den K\u00e4ufer<\/h3>\n<p><span data-contrast=\"auto\" lang=\"DE-DE\">Em 01.09<\/span><span data-contrast=\"auto\" lang=\"DE-DE\">.2017 Sr. Uwe adqui\u00adriu&nbsp;<\/span><span data-contrast=\"auto\" lang=\"DE-DE\">Wiese\u00adlow<\/span><span data-contrast=\"auto\" lang=\"DE-DE\">&nbsp;a&nbsp;<\/span><span data-contrast=\"auto\" lang=\"DE-DE\">Empre\u00adsa no R<\/span><span data-contrast=\"auto\" lang=\"DE-DE\">um quadro de gest\u00e3o&nbsp;<\/span><span data-contrast=\"auto\" lang=\"DE-DE\">Comprar<\/span><span data-contrast=\"auto\" lang=\"DE-DE\">&nbsp;Em&nbsp;<\/span><span data-contrast=\"auto\" lang=\"DE-DE\">und wurde neben Herrn Looks Gesch\u00e4fts\u00adf\u00fch\u00adrer. Seit 01.01.2020 ist Herr&nbsp;<\/span><span data-contrast=\"auto\" lang=\"DE-DE\">Wiese\u00adlow<\/span><span data-contrast=\"auto\" lang=\"DE-DE\">&nbsp;allei\u00adni\u00adger Gesell\u00adschaf\u00adter und Gesch\u00e4ftsf\u00fchrer.<\/span><span data-ccp-props=\"{&quot;201341983&quot;:0,&quot;335559739&quot;:160,&quot;335559740&quot;:259}\">\u200b<\/span><\/p>","protected":false},"excerpt":{"rendered":"<p>Das von der Wirtschafts\u00adwo\u00adche ausge\u00adzeich\u00adne\u00adte M<span class=\"amp\">&amp;<\/span>A-Projekt wurde in weniger als 11 Monaten erfolg\u00adreich abgeschlossen.&nbsp;<\/p>","protected":false},"author":7,"featured_media":10053,"comment_status":"closed","ping_status":"closed","sticky":false,"template":"","format":"standard","meta":{"wp_typography_post_enhancements_disabled":false,"_kad_blocks_custom_css":"","_kad_blocks_head_custom_js":"","_kad_blocks_body_custom_js":"","_kad_blocks_footer_custom_js":"","site-sidebar-layout":"right-sidebar","site-content-layout":"boxed-container","ast-site-content-layout":"default","site-content-style":"default","site-sidebar-style":"default","ast-global-header-display":"","ast-banner-title-visibility":"","ast-main-header-display":"","ast-hfb-above-header-display":"","ast-hfb-below-header-display":"","ast-hfb-mobile-header-display":"","site-post-title":"","ast-breadcrumbs-content":"","ast-featured-img":"","footer-sml-layout":"","ast-disable-related-posts":"","theme-transparent-header-meta":"default","adv-header-id-meta":"","stick-header-meta":"default","header-above-stick-meta":"","header-main-stick-meta":"","header-below-stick-meta":"","astra-migrate-meta-layouts":"default","ast-page-background-enabled":"default","ast-page-background-meta":{"desktop":{"background-color":"","background-image":"","background-repeat":"repeat","background-position":"center center","background-size":"auto","background-attachment":"scroll","background-type":"","background-media":"","overlay-type":"","overlay-color":"","overlay-opacity":"","overlay-gradient":""},"tablet":{"background-color":"","background-image":"","background-repeat":"repeat","background-position":"center center","background-size":"auto","background-attachment":"scroll","background-type":"","background-media":"","overlay-type":"","overlay-color":"","overlay-opacity":"","overlay-gradient":""},"mobile":{"background-color":"","background-image":"","background-repeat":"repeat","background-position":"center center","background-size":"auto","background-attachment":"scroll","background-type":"","background-media":"","overlay-type":"","overlay-color":"","overlay-opacity":"","overlay-gradient":""}},"ast-content-background-meta":{"desktop":{"background-color":"var(--ast-global-color-5)","background-image":"","background-repeat":"repeat","background-position":"center center","background-size":"auto","background-attachment":"scroll","background-type":"","background-media":"","overlay-type":"","overlay-color":"","overlay-opacity":"","overlay-gradient":""},"tablet":{"background-color":"var(--ast-global-color-5)","background-image":"","background-repeat":"repeat","background-position":"center center","background-size":"auto","background-attachment":"scroll","background-type":"","background-media":"","overlay-type":"","overlay-color":"","overlay-opacity":"","overlay-gradient":""},"mobile":{"background-color":"var(--ast-global-color-5)","background-image":"","background-repeat":"repeat","background-position":"center center","background-size":"auto","background-attachment":"scroll","background-type":"","background-media":"","overlay-type":"","overlay-color":"","overlay-opacity":"","overlay-gradient":""}},"iawp_total_views":4,"footnotes":""},"categories":[5277],"tags":[3951],"class_list":["post-10021","post","type-post","status-publish","format-standard","has-post-thumbnail","hentry","category-projekte","tag-cta-webinar-unternehmensverkauf"],"taxonomy_info":{"category":[{"value":5277,"label":"Projekte"}],"post_tag":[{"value":3951,"label":"CTA: Webinar Unternehmensverkauf"}]},"featured_image_src_large":["https:\/\/www.kern-unternehmensnachfolge.com\/wp-content\/uploads\/2020\/06\/Fotolia_122644996_M-e1591981416645-1024x575.jpg",1024,575,true],"author_info":{"display_name":"Redaktion","author_link":"https:\/\/www.kern-unternehmensnachfolge.com\/pt\/author\/redaktion\/"},"comment_info":0,"category_info":[{"term_id":5277,"name":"Projekte","slug":"projekte","term_group":0,"term_taxonomy_id":5277,"taxonomy":"category","description":"","parent":0,"count":45,"filter":"raw","cat_ID":5277,"category_count":45,"category_description":"","cat_name":"Projekte","category_nicename":"projekte","category_parent":0}],"tag_info":[{"term_id":3951,"name":"CTA: Webinar Unternehmensverkauf","slug":"cta-webinar-unternehmensverkauf","term_group":0,"term_taxonomy_id":3951,"taxonomy":"post_tag","description":"","parent":0,"count":123,"filter":"raw"}],"_links":{"self":[{"href":"https:\/\/www.kern-unternehmensnachfolge.com\/pt\/wp-json\/wp\/v2\/posts\/10021","targetHints":{"allow":["GET"]}}],"collection":[{"href":"https:\/\/www.kern-unternehmensnachfolge.com\/pt\/wp-json\/wp\/v2\/posts"}],"about":[{"href":"https:\/\/www.kern-unternehmensnachfolge.com\/pt\/wp-json\/wp\/v2\/types\/post"}],"author":[{"embeddable":true,"href":"https:\/\/www.kern-unternehmensnachfolge.com\/pt\/wp-json\/wp\/v2\/users\/7"}],"replies":[{"embeddable":true,"href":"https:\/\/www.kern-unternehmensnachfolge.com\/pt\/wp-json\/wp\/v2\/comments?post=10021"}],"version-history":[{"count":0,"href":"https:\/\/www.kern-unternehmensnachfolge.com\/pt\/wp-json\/wp\/v2\/posts\/10021\/revisions"}],"wp:featuredmedia":[{"embeddable":true,"href":"https:\/\/www.kern-unternehmensnachfolge.com\/pt\/wp-json\/wp\/v2\/media\/10053"}],"wp:attachment":[{"href":"https:\/\/www.kern-unternehmensnachfolge.com\/pt\/wp-json\/wp\/v2\/media?parent=10021"}],"wp:term":[{"taxonomy":"category","embeddable":true,"href":"https:\/\/www.kern-unternehmensnachfolge.com\/pt\/wp-json\/wp\/v2\/categories?post=10021"},{"taxonomy":"post_tag","embeddable":true,"href":"https:\/\/www.kern-unternehmensnachfolge.com\/pt\/wp-json\/wp\/v2\/tags?post=10021"}],"curies":[{"name":"wp","href":"https:\/\/api.w.org\/{rel}","templated":true}]}}