{"id":7,"count":20,"description":"","link":"https:\/\/www.kern-unternehmensnachfolge.com\/pt\/category\/generationswechsel\/","name":"Mudan\u00ad\u00e7a de gera\u00e7\u00e3o","slug":"mudanca-geracional","taxonomy":"category","parent":0,"meta":[],"_links":{"self":[{"href":"https:\/\/www.kern-unternehmensnachfolge.com\/pt\/wp-json\/wp\/v2\/categories\/7","targetHints":{"allow":["GET"]}}],"collection":[{"href":"https:\/\/www.kern-unternehmensnachfolge.com\/pt\/wp-json\/wp\/v2\/categories"}],"about":[{"href":"https:\/\/www.kern-unternehmensnachfolge.com\/pt\/wp-json\/wp\/v2\/taxonomies\/category"}],"wp:post_type":[{"href":"https:\/\/www.kern-unternehmensnachfolge.com\/pt\/wp-json\/wp\/v2\/posts?categories=7"}],"curies":[{"name":"wp","href":"https:\/\/api.w.org\/{rel}","templated":true}]}}