{"id":7620,"date":"2020-02-28T07:19:00","date_gmt":"2020-02-28T06:19:00","guid":{"rendered":"https:\/\/great-kare.185-125-174-66.plesk.page\/?p=7620"},"modified":"2026-02-27T12:38:57","modified_gmt":"2026-02-27T11:38:57","slug":"print-shop-sale-how-does-it","status":"publish","type":"post","link":"https:\/\/www.kern-unternehmensnachfolge.com\/pl\/druckerei-verkaufen-wie-geht-das\/","title":{"rendered":"Sprze\u00adda\u017c drukar\u00adni: Jak to dzia\u0142a?"},"content":{"rendered":"<p>Soll ich meine Drucke\u00adrei verkau\u00adfen? Wie k\u00f6nnte eine inner\u00adfa\u00admi\u00adli\u00e4\u00adre Nachfol\u00adge in der Druck\u00adbran\u00adche gelin\u00adgen? Diese Fragen stellen sich aktuell viele mittel\u00adst\u00e4n\u00addi\u00adsche Drucker.&nbsp; Paral\u00adlel zur Konso\u00adli\u00addie\u00adrung der Branche steht bereits jeder zweite Drucker vor der Nachfol\u00adge\u00adfra\u00adge. Denn bereits heute ist jeder zweite Firmen\u00adchef \u00e4lter als 55 Jahre. \u00c4ndert sich nichts werden in nur 5 Jahren \u00fcber 70% aller Drucke\u00adrei\u00adchefs in Betrie\u00adben mit einem Umsatz zwischen 500.000 und 25 Millio\u00adnen Euro \u00e4lter als 55 Jahre sein. Viele der mehr als 3.700 betrof\u00adfe\u00adnen und meist in Famili\u00aden\u00adhand befind\u00adli\u00adchen Betrie\u00adbe stehen sp\u00e4tes\u00adtens dann vor einem Generations\u00adwechsel. Worauf sollten Sie bei der Vorbe\u00adrei\u00adtung der \u00dcberga\u00adbe Ihrer Drucke\u00adrei achten?<strong> <\/strong><\/p>\n\n\n\n<h2 class=\"wp-block-heading\" id=\"h-die-3ws-was-soll-wann-an-wen-ubergeben-werden\">Die 3Ws: Was soll wann an wen \u00fcberge\u00adben werden?<\/h2>\n\n\n\n<p>Ab Mitte 50 sollten Famili\u00aden\u00adun\u00adter\u00adneh\u00admer \u00fcber ihren <a href=\"https:\/\/www.kern-unternehmensnachfolge.com\/pl\/firma-sprzedaz-10-najlepszych-wskazowek-dla-kupujacego-wygasniecie-ceny-zakupu\/\">Sprze\u00adda\u017c firmy<\/a> pomy\u015bl o. Ponie\u00adwa\u017c obowi\u0105\u00adzu\u00adje nast\u0119\u00adpu\u00adj\u0105\u00adca zasada: wraz ze wzros\u00adtem wieku szefa firmy wzras\u00adta prawdo\u00adpo\u00addo\u00adbie\u0144st\u00adwo dezor\u00adga\u00adni\u00adzac\u00adji awary\u00adj\u00adnej sukces\u00adji z powodu choro\u00adby lub \u015bmierci.<\/p>\n\n\n\n<p>Folglich hat sich ein Zeitplan, welche Verm\u00f6\u00adgens\u00adwer\u00adte wann an wen \u00fcberge\u00adben werden sollen hat sich in der Praxis als sehr hilfreich erwie\u00adsen. F\u00fcr Unter\u00adneh\u00admer (und ihre Famili\u00aden) sind indivi\u00addu\u00adel\u00adle &nbsp;Stabwech\u00adsel-Workshops zur Vorbe\u00adrei\u00adtung sehr geeig\u00adnet. Hierbei entwi\u00adckeln Unter\u00adneh\u00admer\u00adfa\u00admi\u00adli\u00aden im Rahmen eines struk\u00adtu\u00adrier\u00adten Prozes\u00adses eine indivi\u00addu\u00adel\u00adle, an den pers\u00f6n\u00adli\u00adchen Bed\u00fcrf\u00adnis\u00adsen und Zielen aller Betei\u00adlig\u00adten ausge\u00adrich\u00adte\u00adte Nachfolgestrategie.&nbsp;<\/p>\n\n\n\n<p>Na koniec dnia zazwy\u00adc\u00adzaj pojawia si\u0119 jeden z nast\u0119\u00adpu\u00adj\u0105\u00adcych warian\u00adt\u00f3w kontynuacji.&nbsp;<\/p>\n\n\n\n<h2 class=\"wp-block-heading\" id=\"h-welches-nachfolgemodell-passt-zu-mir\">Kt\u00f3ry model nast\u0119p\u00adcy mi odpowiada?&nbsp;<\/h2>\n\n\n\n<h3 class=\"wp-block-heading\" id=\"h-familieninterne-ubergabe-meiner-druckerei\">Famili\u00aden\u00adin\u00adter\u00adne \u00dcberga\u00adbe meiner Druckerei<\/h3>\n\n\n\n<p>Viele mittel\u00adst\u00e4n\u00addi\u00adsche Drucker haben den Wunsch, dass eins der Kinder die Firma weiter\u00adf\u00fchrt. Ist in der Familie ein geeig\u00adne\u00adter und berei\u00adter Nachfol\u00adger vorhan\u00adden, sollte dieser recht\u00adzei\u00adtig in das <a href=\"https:\/\/www.kern-unternehmensnachfolge.com\/pl\/jak-najlepiej-sprzedac-mojej-firmie-kurs\/\" target=\"_blank\" rel=\"noreferrer noopener\">Firma<\/a> einge\u00adf\u00fchrt werden.&nbsp;<\/p>\n\n\n\n<p>Paral\u00adlel dazu sollten Sie gemein\u00adsam mit Ihrer Familie ein Nachfol\u00adge\u00admo\u00addell entwi\u00adckeln. Denn es gibt eine Vielzahl von M\u00f6glich\u00adkei\u00adten Ihr Unter\u00adneh\u00admen zu \u00fcberge\u00adben. Neben dem Drucke\u00adrei\u00adver\u00adkauf kann dies z.B. auch eine (teilwei\u00adse) Schen\u00adkung sein. Bei der Auswahl des Nachfol\u00adge\u00admo\u00addells sollten neben steuer\u00adli\u00adchen \u00dcberle\u00adgun\u00adgen auch die emotio\u00adna\u00adlen Aspek\u00adte der Betei\u00adlig\u00adten eine Rolle spielen. Denn ohne die Beach\u00adtung der indivi\u00addu\u00adel\u00adlen W\u00fcnsche und Bed\u00fcrf\u00adnis\u00adse der Betei\u00adlig\u00adten kann ein \u00dcberga\u00adbe\u00adpro\u00adzess schnell scheitern.&nbsp;<\/p>\n\n\n\n<p>Weiter\u00adhin sollten eventu\u00adell anspruchs\u00adbe\u00adrech\u00adtig\u00adte Geschwis\u00adter durch Verm\u00f6\u00adgens\u00ad\u00fcber\u00adtra\u00adgun\u00adgen entspre\u00adchend abgefun\u00adden werden. Grund\u00ads\u00e4tz\u00adlich gilt auch in der Druck\u00adin\u00addus\u00adtrie, dass derje\u00adni\u00adge, der ein h\u00f6heres Risiko schul\u00adtert auch einen h\u00f6heren Anteil an der Erbmas\u00adse bekom\u00admen sollte. Eine Unter\u00adneh\u00admens\u00adbe\u00adwer\u00adtung hilft dabei, den Firmen\u00adwert realis\u00adtisch zu begr\u00fcn\u00adden und dessen Anteil am zu \u00fcberge\u00adben\u00adden Verm\u00f6\u00adgen zu bestimmen.<\/p>\n\n\n\n<p>Die \u00dcbertra\u00adgung von gleich gro\u00dfen Unter\u00adneh\u00admens\u00adtei\u00adlen auf alle Kinder bietet nicht nur bei Drucke\u00adrei\u00aden ein enormes Konflikt\u00adpo\u00adten\u00adzi\u00adal und kann die Firma existen\u00adzi\u00adell gef\u00e4hr\u00adden. Die aufge\u00adf\u00e4\u00adcher\u00adte Eigen\u00adt\u00fc\u00admer\u00adstruk\u00adtur schr\u00e4nkt in der Folge die Entschei\u00addungs\u00adfrei\u00adheit eines (Familien-)Gesch\u00e4ftsf\u00fchrers deutlich ein. Abgeben\u00adde Unter\u00adneh\u00admer riskie\u00adren mit einer solchen \u2013 vermeint\u00adlich fairen Konstruk\u00adti\u00adon \u2013 neben Streit unter den Nachfol\u00adgern einen erheb\u00adli\u00adchen Verm\u00f6\u00adgens\u00adscha\u00adden f\u00fcr sich und nachfol\u00adgen\u00adde Generationen.<\/p>\n\n\n\n<h3 class=\"wp-block-heading\" id=\"h-fremdmanagement\">Zarz\u0105d\u00adza\u00adnie strona\u00admi trzecimi<\/h3>\n\n\n\n<p>Die mit dem tiefgrei\u00adfen\u00adden Struk\u00adtur- und Ver\u00e4n\u00adde\u00adrungs\u00adpro\u00adzess einher\u00adge\u00adhen\u00adde Konso\u00adli\u00addie\u00adrung der Druck\u00adin\u00addus\u00adtrie hat immer \u00f6fter zur Folge, dass sich in der Familie kein geeig\u00adne\u00adter Nachfol\u00adger findet. Wenn das Unter\u00adneh\u00admen im Famili\u00aden\u00adbe\u00adsitz verblei\u00adben soll, muss recht\u00adzei\u00adtig ein geeig\u00adne\u00adter Fremd\u00adge\u00adsch\u00e4fts\u00adf\u00fch\u00adrer gefun\u00adden und in das Unter\u00adneh\u00admen einge\u00adar\u00adbei\u00adtet werden. Dies erfor\u00addert eine sorgf\u00e4l\u00adti\u00adge Planung und dauert \u00fcblicher\u00adwei\u00adse mehre\u00adre Monate. Eine Stellen\u00adbe\u00adschrei\u00adbung bzw. ein Anfor\u00adde\u00adrungs\u00adpro\u00adfil an einen Fremd\u00adge\u00adsch\u00e4fts\u00adf\u00fch\u00adrer geh\u00f6rt im \u00dcbrigen in jeden <a href=\"https:\/\/www.kern-unternehmensnachfolge.com\/pl\/pierwsze-wazne-elementy-zestawu-ratunkowego-2-the-first-important-contents-of-the-emergency-kit-2\/\">Firmo\u00adwy zestaw ratun\u00adkowy<\/a>. &nbsp; <\/p>\n\n\n\n<h2 class=\"wp-block-heading\" id=\"h-wann-ist-der-verkauf-einer-druckerei-ratsam\">Kiedy sprze\u00adda\u017c firmy poligra\u00adficz\u00adnej jest wskazana?<\/h2>\n\n\n\n<p>Kommen sowohl eine famili\u00aden\u00adin\u00adter\u00adne Nachfol\u00adge oder auch Fremd\u00adma\u00adnage\u00adment nicht in Frage, sollten Sie ernst\u00adhaft dar\u00fcber nachden\u00adken, Ihre Drucke\u00adrei zu verkau\u00adfen. Auch diesen Fall sollten Sie gut und fr\u00fchzei\u00adtig planen: Denn ein Unter\u00adnehmens\u00adverkauf dauert durch\u00adschnitt\u00adlich ein bis zwei&nbsp;Jahre.<\/p>\n\n\n\n<p>Eine gr\u00fcnd\u00adli\u00adche Vorbe\u00adrei\u00adtung eines Drucke\u00adrei\u00adver\u00adkaufs zahlt sich dabei oft in der H\u00f6he des zu reali\u00adsie\u00adren\u00adden Preises aus. Erg\u00e4n\u00adzend zu einer <a href=\"https:\/\/www.kern-unternehmensnachfolge.com\/pl\/ertragswertorientierte-unternehmensbewertung-zahlt-sich-beim-unternehmensverkauf-aus-2\/\">Wycena przedsi\u0119\u00adbi\u00adorst\u00adwa<\/a> beant\u00adwor\u00adtet ein ausf\u00fchr\u00adli\u00adches Expos\u00e9 viele Fragen, die ein poten\u00adti\u00adel\u00adler exter\u00adner Unter\u00adneh\u00admens\u00adnach\u00adfol\u00adger zur Firma und dessen Markt\u00adpo\u00adsi\u00adti\u00adon sowie den Zahlen hat.<\/p>\n\n\n\n<h3 class=\"wp-block-heading\" id=\"h-welche-betriebe-sind-besonders-attraktiv\">Kt\u00f3re firmy s\u0105 szcze\u00adg\u00f3l\u00adnie atrakcyjne?&nbsp;<\/h3>\n\n\n\n<p>Attrak\u00adti\u00adve Drucke\u00adrei\u00aden machen ihre Hausauf\u00adga\u00adben: Denn diese Firmen verf\u00fc\u00adgen \u00fcber ein beson\u00adde\u00adres Allein\u00adstel\u00adlungs\u00admerk\u00admal. Dies kann Spezi\u00adal-Know-how oder eine hohe Wertsch\u00f6p\u00adfungs\u00adtie\u00adfe oder -breite sein, mit dem sie erfolg\u00adreich Nischen\u00adm\u00e4rk\u00adte beset\u00adzen. Viele Unter\u00adneh\u00admen sind auf der Suche nach Unter\u00adneh\u00admen mit einem hohen Digita\u00adli\u00adsie\u00adrungs\u00adgrad oder im Bereich neuer indus\u00adtri\u00adel\u00adler Prozess\u00adtech\u00adni\u00adken. Inter\u00ades\u00adsant sind auch Techno\u00adlo\u00adgien, die Abl\u00e4u\u00adfe verschlan\u00adken, beschleu\u00adni\u00adgen und kosten\u00adg\u00fcns\u00adti\u00adger machen. Dies kombi\u00adniert mit einem breiten Kunden\u00adstamm ohne Abh\u00e4n\u00adgig\u00adkei\u00adten von Einzel\u00adkun\u00adden erleich\u00adtert es, eine Drucke\u00adrei zu verkaufen.&nbsp;<\/p>\n\n\n\n<h3 class=\"wp-block-heading\" id=\"h-fachkraftemangel-wird-zur-konjunkturbremse\">Fachkr\u00e4f\u00adte\u00adman\u00adgel wird zur Konjunkturbremse&nbsp;<\/h3>\n\n\n\n<p>Laut Bundes\u00adver\u00adband Druck und Medien beein\u00adtr\u00e4ch\u00adtigt der <a aria-label=\"Niedob\u00f3r umiej\u0119tno\u015bci w bran\u017cy poligraficznej (otwiera now\u0105 kart\u0119)\" href=\"https:\/\/www.bvdm-online.de\/presse\/pressemitteilungen\/2018\/druck-und-medienbranche-fachkraeftemangel-beeintraechtigt-geschaeftstaetigkeit\/\" target=\"_blank\" rel=\"noreferrer noopener\">Fachkr\u00e4f\u00adte\u00adman\u00adgel in der Druck\u00adbran\u00adche<\/a> trotz Konso\u00adli\u00addie\u00adrung schon heute mehr als 60 Prozent der Unter\u00adneh\u00admen in ihrer Gesch\u00e4fts\u00adt\u00e4\u00adtig\u00adkeit. Eine solide Mitar\u00adbei\u00adter\u00adba\u00adsis kann also Drucke\u00adrei\u00aden zur \u00dcbernah\u00adme anderer Betrie\u00adbe motivie\u00adren. Gerade die Mitar\u00adbei\u00adter kleine\u00adrer Drucker sind jedoch oft vergleichs\u00adwei\u00adse alt, so dass der geplan\u00adten <a href=\"https:\/\/www.kern-unternehmensnachfolge.com\/pl\/firma-sprzedaz-10-najlepszych-wskazowek-dla-kupujacego-wygasniecie-ceny-zakupu\/\" target=\"_blank\" rel=\"noreferrer noopener\">Sprze\u00adda\u017c firmy<\/a> erschwert wird. Vor dem Verkauf ihrer Drucke\u00adrei sollten Firmen\u00adchefs alles daran\u00adset\u00adzen, den Mitar\u00adbei\u00adter\u00adstamm gezielt zu verj\u00fcngen.&nbsp;<\/p>\n\n\n\n<h3 class=\"wp-block-heading\" id=\"h-unternehmermangel-in-druckbranche-deutlich-spurbar\">Unter\u00adneh\u00admer\u00adman\u00adgel in Druck\u00adbran\u00adche deutlich sp\u00fcrbar&nbsp;<\/h3>\n\n\n\n<p>Die K\u00f6pfe famili\u00aden\u00adge\u00adf\u00fchr\u00adter mittel\u00adst\u00e4n\u00addi\u00adscher Drucke\u00adrei\u00aden sind eher \u00e4lter. Somit f\u00fchrt der Fachkr\u00e4f\u00adte\u00adman\u00adgel schon heute zu einem Unter\u00adneh\u00admer\u00adman\u00adgel. Denn junge und gut ausge\u00adbil\u00adde\u00adte Druck\u00adspe\u00adzia\u00adlis\u00adten arbei\u00adten h\u00e4ufig lieber angestellt als unter\u00adneh\u00adme\u00adri\u00adschen Ambitio\u00adnen zu folgen. Auf den Fachkr\u00e4f\u00adte\u00adman\u00adgel der Branche folgt jetzt ein Unter\u00adneh\u00admer\u00adman\u00adgel. Und dies erschwert es, eine Drucke\u00adrei zu verkaufen.&nbsp;<\/p>\n\n\n\n<h3 class=\"wp-block-heading\" id=\"h-wer-kauft-eine-druckerei\">Kto kupuje firm\u0119 poligraficzn\u0105?&nbsp;<\/h3>\n\n\n\n<p>Nehmen Sie die folgen\u00adden K\u00e4ufer\u00adgrup\u00adpen f\u00fcr den Verkauf einer Drucke\u00adrei in den&nbsp;Blick:<\/p>\n\n\n\n<ul class=\"wp-block-list\"><li><strong>Grupy druko\u00adwa\u00adnia:<\/strong> Gro\u00dfe Druck\u00adun\u00adter\u00adneh\u00admen kommen aufgrund der \u00dcberka\u00adpa\u00adzi\u00adt\u00e4\u00adten der Branche als strate\u00adgi\u00adsche Inves\u00adto\u00adren eher selte\u00adner in Betracht. F\u00fcr diese sind oftmals nur gr\u00f6\u00dfe\u00adre Drucke\u00adrei\u00aden ab einem Umsatz ab f\u00fcnf oder zehn Millio\u00adnen interessant.&nbsp;<\/li><li><strong>Mittel\u00adst\u00e4n\u00addi\u00adsche Drucker:<\/strong> Gerade beim Verkauf kleine\u00adrer Drucke\u00adrei\u00aden lohnt die Anspra\u00adche etablier\u00adter Mittel\u00adst\u00e4nd\u00adler. Schlie\u00df\u00adlich erschlie\u00ad\u00dfen diese Firmen \u00fcber Zuk\u00e4u\u00adfe vergleichs\u00adwei\u00adse einfach neue Kunden\u00adgrup\u00adpen, erwei\u00adtern ihre Produkt\u00adpa\u00adlet\u00adte oder techni\u00adsche Kompe\u00adtenz. Infol\u00adge\u00addes\u00adsen suchen viele Mittel\u00adst\u00e4nd\u00adler nachfol\u00adgend gezielt nach zum Verkauf stehen\u00adden Druckereien.&nbsp;<\/li><li><strong>Inwest\u00ador\u00adzy finan\u00adso\u00adwi:<\/strong> Priva\u00adte-Equity-Inves\u00adto\u00adren oder Family-Offices sind ebenfalls auf der Suche nach zum Verkauf stehen\u00adden Drucke\u00adrei\u00aden. Diese Inves\u00adto\u00adren halten h\u00e4ufig Antei\u00adle an Drucke\u00adrei\u00aden, die sie im Rahmen einer Buy-and-Build-Strate\u00adgie schritt\u00adwei\u00adse um kleine\u00adre Unter\u00adneh\u00admen erg\u00e4n\u00adzen. Auch hier wird h\u00e4ufig nach Syner\u00adgie\u00adpo\u00adten\u00adzia\u00adlen, neuen Techno\u00adlo\u00adgien oder Kunden\u00adgrup\u00adpen gesucht.&nbsp;<\/li><li><strong>Wykupy mened\u017cer\u00adskie (<span class=\"caps\">MBI<\/span>):<\/strong> Gerade Drucke\u00adrei\u00aden mit einer Umsatz\u00adgr\u00f6\u00ad\u00dfe zwischen zwei und f\u00fcnf Millio\u00adnen Euro sind f\u00fcr branchen\u00ader\u00adfah\u00adre\u00adne MBIs inter\u00ades\u00adsant. Aufgrund der Konso\u00adli\u00addie\u00adrung der Druck\u00adbran\u00adche schau\u00aden sich branchen\u00ader\u00adfah\u00adre\u00adne Inter\u00ades\u00adsen\u00adten die Unter\u00adneh\u00admen aller\u00addings sehr genau an. Vor dem Hinter\u00adgrund der starken Konso\u00adli\u00addie\u00adrung der Branche und des paral\u00adlel einher\u00adge\u00adhen\u00adden Fachkr\u00e4f\u00adte\u00adman\u00adgels arbei\u00adten viele dieser Kaufin\u00adter\u00ades\u00adsen\u00adten eher als Angestell\u00adte weiter.&nbsp;<\/li><\/ul>\n\n\n\n<h3 class=\"wp-block-heading\" id=\"h-was-erschwert-es-eine-druckerei-zu-verkaufen\">Co sprawia, \u017ce trudno jest sprze\u00adda\u0107 drukarni\u0119?&nbsp;<\/h3>\n\n\n\n<p>Wesent\u00adlich\nf\u00fcr einen erfolg\u00adrei\u00adchen Unter\u00adnehmens\u00adverkauf sind nachhal\u00adtig erwirt\u00adschaf\u00adte\u00adte\nGewin\u00adne und ein zukunfts\u00adf\u00e4\u00adhi\u00adges Gesch\u00e4fts\u00adkon\u00adzept mit klaren\nAllein\u00adstel\u00adlungs\u00admerk\u00adma\u00adlen. Die folgen\u00adden Punkte erschwe\u00adren jedoch den Verkauf\nvon Druckereien:&nbsp;<\/p>\n\n\n\n<h4 class=\"wp-block-heading\" id=\"h-fehlende-zweite-fuhrungsebene\">Fehlen\u00adde zweite F\u00fchrungsebene<\/h4>\n\n\n\n<p>Branchen\u00adbe\u00adob\u00adach\u00adter erwar\u00adten gerade f\u00fcr kleine\u00adre und mittle\u00adre Druck\u00adun\u00adter\u00adneh\u00admen eine weite\u00adre Konso\u00adli\u00addie\u00adrung. Denn f\u00fcr Famili\u00aden\u00adun\u00adter\u00adneh\u00admen mit Ums\u00e4t\u00adzen im einstel\u00adli\u00adgen Millio\u00adnen\u00adbe\u00adreich gilt es oft, eine weite\u00adre Heraus\u00adfor\u00adde\u00adrung zu bew\u00e4l\u00adti\u00adgen. Die Struk\u00adtu\u00adren dieser Unter\u00adneh\u00admen sind vielfach nur auf den Inhaber zugeschnit\u00adten. Vielen dieser Unter\u00adneh\u00admen fehlt schlicht eine zweite F\u00fchrungs\u00adebe\u00adne, die das Unter\u00adneh\u00admen ohne den Chef langfris\u00adtig in Gang h\u00e4lt. Infol\u00adge\u00addes\u00adsen ist der Aufbau einer zweiten F\u00fchrungs\u00adebe\u00adne oder die Einstel\u00adlung eines famili\u00aden\u00adfrem\u00adden Gesch\u00e4fts\u00adf\u00fch\u00adrers anzuraten.&nbsp;<\/p>\n\n\n\n<h4 class=\"wp-block-heading\" id=\"h-hoher-altersdurchschnitt-von-mitarbeitern-und-maschinen\">Wysoka \u015brednia wieku pracow\u00adni\u00adk\u00f3w i maszyn<\/h4>\n\n\n\n<p>Abh\u00e4n\u00adgig\u00adkei\u00adten\nzu wenigen Gro\u00dfkun\u00adden, ein \u00fcberal\u00adter\u00adter Maschi\u00adnen\u00adpark oder ein h\u00f6herer\nAlters\u00addurch\u00adschnitt der Beleg\u00adschaft erschwe\u00adren den Verkauf einer Drucke\u00adrei\nzus\u00e4tzlich.&nbsp;<\/p>\n\n\n\n<h4 class=\"wp-block-heading\" id=\"h-geografische-lage-beeinflusst-investition\">Lokali\u00adzac\u00adja geogra\u00adficz\u00adna ma wp\u0142yw na inwestycje<\/h4>\n\n\n\n<p>Gerade beim Verkauf kleiner und mittle\u00adrer Unter\u00adneh\u00admen stellen wir fest, dass die geogra\u00adfi\u00adsche Lage f\u00fcr \u00dcberneh\u00admer eine gro\u00dfe Rolle spielt. Gr\u00f6\u00dfe\u00adre Inves\u00adto\u00adren suchen oft nach verkehrs\u00adg\u00fcns\u00adtig gelege\u00adnen Stand\u00ador\u00adten. Idealer\u00adwei\u00adse liegen diese in der N\u00e4he von Ballungs\u00adr\u00e4u\u00admen.<br> <br>Ung\u00fcns\u00adti\u00adge Rand-, Grenz- und Insel\u00adla\u00adgen wirken sich schnell auf den Projekt\u00ader\u00adfolg oder den erziel\u00adba\u00adren Kaufpreis aus. Oftmals kommen hier MBIs zum Zug, die eine beson\u00adde\u00adre pers\u00f6n\u00adli\u00adche Bezie\u00adhung zu der Region haben. Denn f\u00fcr MBIs spielt die geogra\u00adfi\u00adsche Lage des Unter\u00adneh\u00admens eine noch gr\u00f6\u00dfe\u00adre Rolle. Schlie\u00df\u00adlich wollen die wenigs\u00adten Einzel\u00adin\u00adter\u00ades\u00adsen\u00adten gemein\u00adsam mit ihrer Familie f\u00fcr einen Unter\u00adnehmens\u00adkauf umzie\u00adhen, so dass nur maximal eine Stunde Fahrzeit realis\u00adtisch&nbsp;ist.&nbsp;<\/p>\n\n\n\n<h4 class=\"wp-block-heading\" id=\"h-ungenugend-vorbereiteter-transaktionsprozess\">Ungen\u00fc\u00adgend vorbe\u00adrei\u00adte\u00adter Transaktionsprozess<\/h4>\n\n\n\n<p>Eine gute Vorbe\u00adrei\u00adtung des \u00dcberga\u00adbe\u00adpro\u00adzess zahlt sich f\u00fcr den Verk\u00e4u\u00adfer immer aus. Denn Kaufin\u00adter\u00ades\u00adsen\u00adten erwar\u00adten vor einem Erstge\u00adspr\u00e4ch aussa\u00adge\u00adkr\u00e4f\u00adti\u00adge Unter\u00adla\u00adgen, die das Gesch\u00e4fts\u00admo\u00addell und ein belast\u00adba\u00adres und vor allem berei\u00adnig\u00adtes Zahlen\u00adwerk darstellt. <br> <br> <strong>Sie wollen wissen, ob ein Verkauf Ihrer Drucke\u00adrei lohnens\u00adwert sein k\u00f6nnte? <\/strong>Senden Sie mir Ihren Termin\u00advor\u00adschlag f\u00fcr ein vertrau\u00adli\u00adches und unver\u00adbind\u00adli\u00adches Telefo\u00adnat oder rufen Sie mich jetzt unter <a href=\"tel:+4954618092840\">05461 80 92 840<\/a> . <\/p>\n\n\n\n<h4 class=\"wp-block-heading\" id=\"h-das-konnte-sie-auch-interessieren\">Das k\u00f6nnte Sie auch interessieren:&nbsp;<\/h4>\n\n\n\n<p><a rel=\"noreferrer noopener\" href=\"https:\/\/webinaris.co\/customer\/seminar\/8235_die_7_teuersten_fehler_beim_unternehmenswert\/13601\/8235.html\" target=\"_blank\">Bezp\u0142at\u00adny webinar: Siedem najdro\u017cs\u00adzych b\u0142\u0119d\u00f3w w budowa\u00adniu warto\u015bci firmy<\/a><\/p>\n\n\n\n<p><a href=\"https:\/\/www.kern-unternehmensnachfolge.com\/pl\/firma-sprzedam-pracownikom-i-powiem-pracownikom\/\">Infor\u00admac\u00adje o pracow\u00adni\u00adkach przy sprze\u00adda\u017cy firmy: Jak poinfor\u00admo\u00adwa\u0107 pracownik\u00f3w?<\/a><\/p>\n\n\n\n<p><a href=\"https:\/\/www.kern-unternehmensnachfolge.com\/pl\/wewnatrzrodzinna-sukcesja-przedsiebiorstw\/\" target=\"_blank\" rel=\"noreferrer noopener\">Inter\u00adview: Die inner\u00adfa\u00admi\u00adli\u00e4\u00adre Unternehmens\u00adnachfolge gut vorbereiten<\/a><\/p>\n\n\n\n<p><a href=\"https:\/\/www.kern-unternehmensnachfolge.com\/pl\/sprzedaz-of-it-firmy-skutecznie-tworza-2\/\" target=\"_blank\" rel=\"noreferrer noopener\">Skutecz\u00adna sprze\u00adda\u017c firm&nbsp;<span class=\"caps\">IT<\/span><\/a><\/p>\n\n\n\n<p><a href=\"https:\/\/www.kern-unternehmensnachfolge.com\/pl\/warto-sprzedac-firme-budowlana-teraz\/\">Sprze\u00adda\u017c firm budow\u00adlanych: Czy to si\u0119 op\u0142aca w czasach boomu budowlanego?<\/a><\/p>\n\n\n\n<p><a href=\"https:\/\/www.kern-unternehmensnachfolge.com\/pl\/przygotowanie-firmy-praktyka-sukcesji-wskazowki-2\/\">3 prakty\u00adcz\u00adne wskaz\u00f3w\u00adki dotyc\u00adz\u0105ce przygo\u00adto\u00adwa\u00adnia sukces\u00adji&nbsp;firmy&nbsp;<\/a><\/p>\n\n\n\n<p><a href=\"https:\/\/www.kern-unternehmensnachfolge.com\/pl\/jak-znalezc-powaznych-doradcow-w-sprzedazy-biznesowej\/\" target=\"_blank\" rel=\"noreferrer noopener\">Jak znale\u017a\u0107 renomo\u00adwanych dorad\u00adc\u00f3w ds. sprze\u00adda\u017cy&nbsp;firm?<\/a><\/p>\n\n\n\n<p><a href=\"https:\/\/www.kern-unternehmensnachfolge.com\/pl\/the-cost-of-a-business-succession-or-a-successful-ma-project-2\/\">Koszty sukces\u00adji przedsi\u0119\u00adbi\u00adorst\u00adwa lub fuzji i przej\u0119\u0107<\/a> <\/p>\n\n\n\n<p>Foto: \u00a9stux \/ <a href=\"https:\/\/pixabay.com\/de\/blog\/posts\/public-domain-bilder-und-bildrechte-was-ist-erla-33\/\" target=\"_blank\" rel=\"noopener\">pixabay (<span class=\"caps\">CCO<\/span>)<\/a><\/p>\n\n\n<div id=\"rank-math-faq\" class=\"rank-math-block\">\n<div class=\"rank-math-list\">\n<div id=\"faq-question-69a18251b17ba\" class=\"rank-math-list-item\">\n<h3 class=\"rank-math-question\"> Kiedy atrak\u00adcy\u00adj\u00adna jest sprze\u00adda\u017c drukarni?&nbsp;<\/h3>\n<div class=\"rank-math-answer\">\n\n<p>Inwest\u00ador\u00adzy zwraca\u00adj\u0105 uwag\u0119 przede wszyst\u00adkim na drukar\u00adki z wyra\u017any\u00admi <strong>Unikal\u00adne propo\u00adzy\u00adc\u00adje sprze\u00adda\u017cy<\/strong>  lub specja\u00adli\u00adzac\u00adje. Szcze\u00adg\u00f3l\u00adnie intere\u00adsu\u00adj\u0105ce s\u0105 <strong>rentow\u00adne firmy<\/strong>, die erfolg\u00adreich Nischen\u00adm\u00e4rk\u00adte beset\u00adzen. Dieser Erfolg kann auf Spezi\u00adal-Know-how oder einen hohe Wertsch\u00f6p\u00adfungs\u00adtie\u00adfe bzw.  -breite aufbau\u00aden. Viele  Unter\u00adneh\u00admen sind auf der Suche nach zum Verkauf stehen\u00adden Drucke\u00adrei\u00aden die \u00fcber einen hohen Digita\u00adli\u00adsie\u00adrungs\u00adgrad oder beson\u00adde\u00adre indus\u00adtri\u00adel\u00adle Prozess\u00adtech\u00adni\u00adken verf\u00fcgen.&nbsp;<\/p>\n\n<\/div>\n<\/div>\n<div id=\"faq-question-69a18251b17bd\" class=\"rank-math-list-item\">\n<h3 class=\"rank-math-question\"> Co u\u0142atwia sprze\u00adda\u017c drukarni?&nbsp;<\/h3>\n<div class=\"rank-math-answer\">\n\n<p>1. Ertrags\u00adstar\u00adke Gesch\u00e4fts\u00admo\u00addel\u00adle und gerin\u00adge Abh\u00e4n\u00adgig\u00adkeit von wenigen Gro\u00dfkun\u00adden.<br>2. Selbst\u00e4n\u00addig entschei\u00adden\u00adde zweite F\u00fchrungs\u00adebe\u00adne.  Gerin\u00adge Abh\u00e4n\u00adgig\u00adkeit des Manage\u00adments von der Person des Gesell\u00adschaf\u00adters.  <br>3. m\u0142odych pracow\u00adni\u00adk\u00f3w, maszy\u00adny i urz\u0105d\u00adze\u00adnia. <br>4. dobre przygo\u00adto\u00adwa\u00adnie do sprze\u00adda\u017cy w drukar\u00adni. <br>5. G\u00fcnstig gelege\u00adne und moder\u00adne Standorte.&nbsp;<\/p>\n\n<\/div>\n<\/div>\n<div id=\"faq-question-69a18251b17be\" class=\"rank-math-list-item\">\n<h3 class=\"rank-math-question\">Kto kupuje firm\u0119 poligraficzn\u0105?<\/h3>\n<div class=\"rank-math-answer\">\n\n<p> Gr\u00f6\u00dfe\u00adre Druck\u00adkon\u00adzer\u00adne kommen aufgrund der \u00dcberka\u00adpa\u00adzi\u00adt\u00e4\u00adten als klassi\u00adsche <strong>inwest\u00ador\u00adzy strate\u00adgicz\u00adni<\/strong> eher selte\u00adner in Frage. Inter\u00ades\u00adsan\u00adter sind vielmehr famili\u00aden\u00adge\u00adf\u00fchr\u00adte Drucke\u00adrei\u00aden, die auf der Suche nach neuen Techno\u00adlo\u00adgien, Produk\u00adten und Erwei\u00adte\u00adrun\u00adgen sind.  Weite\u00adre Inter\u00ades\u00adsen\u00adgrup\u00adpen  sind <strong>trady\u00adcy\u00adj\u00adni inwest\u00ador\u00adzy finan\u00adso\u00adwi<\/strong> oraz <strong>Osoby z do\u015bwiad\u00adc\u00adze\u00adniem w bran\u017cy (<span class=\"caps\">MBI<\/span>)<\/strong>.  Letzte\u00adre sind insbe\u00adson\u00adde\u00adre f\u00fcr famili\u00aden\u00adge\u00adf\u00fchr\u00adte Drucke\u00adrei\u00aden inter\u00ades\u00adsant,  die aufgrund ihrer Umsatz\u00adgr\u00f6\u00ad\u00dfe f\u00fcr Finanz\u00adin\u00adves\u00adto\u00adren und Strate\u00adgen zu  klein&nbsp;sind.&nbsp;<\/p>\n\n<\/div>\n<\/div>\n<\/div>\n<\/div>","protected":false},"excerpt":{"rendered":"<p>Soll ich meine Druckerei verkaufen? Wie k\u00f6nnte eine innerfamili\u00e4re Nachfolge in der Druckbranche gelingen? Diese Fragen stellen sich aktuell viele [&hellip;]<\/p>\n","protected":false},"author":2,"featured_media":8079,"comment_status":"closed","ping_status":"closed","sticky":false,"template":"","format":"standard","meta":{"wp_typography_post_enhancements_disabled":false,"_kad_blocks_custom_css":"","_kad_blocks_head_custom_js":"","_kad_blocks_body_custom_js":"","_kad_blocks_footer_custom_js":"","site-sidebar-layout":"default","site-content-layout":"default","ast-site-content-layout":"default","site-content-style":"default","site-sidebar-style":"default","ast-global-header-display":"","ast-banner-title-visibility":"","ast-main-header-display":"","ast-hfb-above-header-display":"","ast-hfb-below-header-display":"","ast-hfb-mobile-header-display":"","site-post-title":"","ast-breadcrumbs-content":"","ast-featured-img":"","footer-sml-layout":"","ast-disable-related-posts":"","theme-transparent-header-meta":"default","adv-header-id-meta":"","stick-header-meta":"default","header-above-stick-meta":"","header-main-stick-meta":"","header-below-stick-meta":"","astra-migrate-meta-layouts":"default","ast-page-background-enabled":"default","ast-page-background-meta":{"desktop":{"background-color":"","background-image":"","background-repeat":"repeat","background-position":"center center","background-size":"auto","background-attachment":"scroll","background-type":"","background-media":"","overlay-type":"","overlay-color":"","overlay-opacity":"","overlay-gradient":""},"tablet":{"background-color":"","background-image":"","background-repeat":"repeat","background-position":"center center","background-size":"auto","background-attachment":"scroll","background-type":"","background-media":"","overlay-type":"","overlay-color":"","overlay-opacity":"","overlay-gradient":""},"mobile":{"background-color":"","background-image":"","background-repeat":"repeat","background-position":"center center","background-size":"auto","background-attachment":"scroll","background-type":"","background-media":"","overlay-type":"","overlay-color":"","overlay-opacity":"","overlay-gradient":""}},"ast-content-background-meta":{"desktop":{"background-color":"var(--ast-global-color-5)","background-image":"","background-repeat":"repeat","background-position":"center center","background-size":"auto","background-attachment":"scroll","background-type":"","background-media":"","overlay-type":"","overlay-color":"","overlay-opacity":"","overlay-gradient":""},"tablet":{"background-color":"var(--ast-global-color-5)","background-image":"","background-repeat":"repeat","background-position":"center center","background-size":"auto","background-attachment":"scroll","background-type":"","background-media":"","overlay-type":"","overlay-color":"","overlay-opacity":"","overlay-gradient":""},"mobile":{"background-color":"var(--ast-global-color-5)","background-image":"","background-repeat":"repeat","background-position":"center center","background-size":"auto","background-attachment":"scroll","background-type":"","background-media":"","overlay-type":"","overlay-color":"","overlay-opacity":"","overlay-gradient":""}},"iawp_total_views":17,"footnotes":""},"categories":[5,7,1],"tags":[3663,4566,4707,217,205],"class_list":["post-7620","post","type-post","status-publish","format-standard","has-post-thumbnail","hentry","category-unternehmensverkauf","category-generationswechsel","category-unternehmensnachfolge-2","tag-cta-kalkulator-claus","tag-druckerei-verkaufen","tag-druckereiverkauf","tag-generationswechsel-in-der-familie","tag-unternehmensverkauf"],"taxonomy_info":{"category":[{"value":5,"label":"Unternehmensverkauf (M&amp;A)"},{"value":7,"label":"Generationswechsel"},{"value":1,"label":"Unternehmensnachfolge"}],"post_tag":[{"value":3663,"label":"CTA: Kalkulator Claus"},{"value":4566,"label":"Druckerei verkaufen"},{"value":4707,"label":"Druckereiverkauf"},{"value":217,"label":"Generationswechsel in der Familie"},{"value":205,"label":"Unternehmensverkauf"}]},"featured_image_src_large":["https:\/\/www.kern-unternehmensnachfolge.com\/wp-content\/uploads\/2019\/12\/stux-pixabay-magnifying-glass-541625_1280-1024x682.jpg",1024,682,true],"author_info":{"display_name":"Ingo Claus","author_link":"https:\/\/www.kern-unternehmensnachfolge.com\/pl\/author\/ingoclaus2\/"},"comment_info":0,"category_info":[{"term_id":5,"name":"Unternehmensverkauf (M&amp;A)","slug":"unternehmensverkauf","term_group":0,"term_taxonomy_id":5,"taxonomy":"category","description":"","parent":0,"count":55,"filter":"raw","cat_ID":5,"category_count":55,"category_description":"","cat_name":"Unternehmensverkauf (M&amp;A)","category_nicename":"unternehmensverkauf","category_parent":0},{"term_id":7,"name":"Generationswechsel","slug":"generationswechsel","term_group":0,"term_taxonomy_id":7,"taxonomy":"category","description":"","parent":0,"count":20,"filter":"raw","cat_ID":7,"category_count":20,"category_description":"","cat_name":"Generationswechsel","category_nicename":"generationswechsel","category_parent":0},{"term_id":1,"name":"Unternehmensnachfolge","slug":"unternehmensnachfolge-2","term_group":0,"term_taxonomy_id":1,"taxonomy":"category","description":"","parent":0,"count":280,"filter":"raw","cat_ID":1,"category_count":280,"category_description":"","cat_name":"Unternehmensnachfolge","category_nicename":"unternehmensnachfolge-2","category_parent":0}],"tag_info":[{"term_id":3663,"name":"CTA: Kalkulator Claus","slug":"cta-kalkulator-claus","term_group":0,"term_taxonomy_id":3663,"taxonomy":"post_tag","description":"","parent":0,"count":51,"filter":"raw"},{"term_id":4566,"name":"Druckerei verkaufen","slug":"druckerei-verkaufen","term_group":0,"term_taxonomy_id":4566,"taxonomy":"post_tag","description":"","parent":0,"count":1,"filter":"raw"},{"term_id":4707,"name":"Druckereiverkauf","slug":"druckereiverkauf","term_group":0,"term_taxonomy_id":4707,"taxonomy":"post_tag","description":"","parent":0,"count":1,"filter":"raw"},{"term_id":217,"name":"Generationswechsel in der Familie","slug":"generationswechsel-in-der-familie","term_group":0,"term_taxonomy_id":217,"taxonomy":"post_tag","description":"","parent":0,"count":55,"filter":"raw"},{"term_id":205,"name":"Unternehmensverkauf","slug":"unternehmensverkauf","term_group":0,"term_taxonomy_id":205,"taxonomy":"post_tag","description":"","parent":0,"count":132,"filter":"raw"}],"_links":{"self":[{"href":"https:\/\/www.kern-unternehmensnachfolge.com\/pl\/wp-json\/wp\/v2\/posts\/7620","targetHints":{"allow":["GET"]}}],"collection":[{"href":"https:\/\/www.kern-unternehmensnachfolge.com\/pl\/wp-json\/wp\/v2\/posts"}],"about":[{"href":"https:\/\/www.kern-unternehmensnachfolge.com\/pl\/wp-json\/wp\/v2\/types\/post"}],"author":[{"embeddable":true,"href":"https:\/\/www.kern-unternehmensnachfolge.com\/pl\/wp-json\/wp\/v2\/users\/2"}],"replies":[{"embeddable":true,"href":"https:\/\/www.kern-unternehmensnachfolge.com\/pl\/wp-json\/wp\/v2\/comments?post=7620"}],"version-history":[{"count":0,"href":"https:\/\/www.kern-unternehmensnachfolge.com\/pl\/wp-json\/wp\/v2\/posts\/7620\/revisions"}],"wp:featuredmedia":[{"embeddable":true,"href":"https:\/\/www.kern-unternehmensnachfolge.com\/pl\/wp-json\/wp\/v2\/media\/8079"}],"wp:attachment":[{"href":"https:\/\/www.kern-unternehmensnachfolge.com\/pl\/wp-json\/wp\/v2\/media?parent=7620"}],"wp:term":[{"taxonomy":"category","embeddable":true,"href":"https:\/\/www.kern-unternehmensnachfolge.com\/pl\/wp-json\/wp\/v2\/categories?post=7620"},{"taxonomy":"post_tag","embeddable":true,"href":"https:\/\/www.kern-unternehmensnachfolge.com\/pl\/wp-json\/wp\/v2\/tags?post=7620"}],"curies":[{"name":"wp","href":"https:\/\/api.w.org\/{rel}","templated":true}]}}