{"id":719,"date":"2021-06-04T00:00:00","date_gmt":"2021-06-03T22:00:00","guid":{"rendered":"https:\/\/great-kare.185-125-174-66.plesk.page\/gezielte-bilanzbereinigung-kann-unternehmenswert-erhoehen-2\/"},"modified":"2024-03-28T14:26:42","modified_gmt":"2024-03-28T13:26:42","slug":"ukierunkowane-dostosowanie-bilansu-moze-zwiekszyc-wartosc-kompanii-2","status":"publish","type":"post","link":"https:\/\/www.kern-unternehmensnachfolge.com\/pl\/gezielte-bilanzbereinigung-kann-unternehmenswert-erhoehen-2\/","title":{"rendered":"Jak ukier\u00adun\u00adkowa\u00adne korek\u00adty bilan\u00adsu mog\u0105 zwi\u0119ks\u00adzy\u0107 warto\u015b\u0107 firmy"},"content":{"rendered":"<p><em>F\u00fcr mittel\u00adst\u00e4n\u00addisch gepr\u00e4g\u00adte Famili\u00aden\u00adun\u00adter\u00adneh\u00admen bestehen, anders als bei Konzer\u00adnen, die bilanz\u00adpo\u00adli\u00adti\u00adschen Ambitio\u00adnen vor allem in der Erhal\u00adtung finan\u00adzi\u00adel\u00adler Mittel im Betrieb und in der regel\u00adm\u00e4\u00ad\u00dfi\u00adgen Optimie\u00adrung der Steuer\u00adlast. <em>Wie mit geziel\u00adter Bilanz\u00adbe\u00adrei\u00adni\u00adgung der Unter\u00adneh\u00admens\u00adwert Ihrer Firma erh\u00f6ht werden kann, erl\u00e4u\u00adtert unser KERN-Partner Thomas D\u00f6rr.<\/em><\/em><\/p>\n\n\n\n<h2 class=\"wp-block-heading\" id=\"h-wer-die-pflicht-hat-steuern-zu-zahlen-der-hat-auch-das-recht-steuern-zu-sparen\"><span class=\"dquo\">\u201e<\/span>Wer die Pflicht hat, Steuern zu zahlen, der hat auch das Recht, Steuern zu sparen\u201c<\/h2>\n\n\n\n<p>Mit diesem Satz hat seiner\u00adzeit kein gerin\u00adge\u00adrer als Altkanz\u00adler Helmut Schmidt vorsich\u00adtig bilan\u00adzie\u00adren\u00adden Kaufleu\u00adten seinen Segen erteilt, die steuer\u00adrecht\u00adli\u00adchen M\u00f6glich\u00adkei\u00adten im vorge\u00adge\u00adbe\u00adnen Rahmen auszu\u00adsch\u00f6p\u00adfen.&nbsp;Also!<\/p>\n\n\n\n<h5 class=\"wp-block-heading\" id=\"h-anders-beim-unternehmensverkauf\">R\u00f3\u017cnice przy sprze\u00adda\u017cy przedsi\u0119biorstwa<\/h5>\n\n\n\n<p>Sofern jedoch ein Verkauf des Unter\u00adneh\u00admens \u2013 etwa anl\u00e4ss\u00adlich einer geplan\u00adten Unternehmens\u00adnachfolge \u2013 ansteht, gelten andere Grund\u00ads\u00e4t\u00adze. Hier gilt es, die Werte des Unter\u00adneh\u00admens trans\u00adpa\u00adrent darzu\u00adstel\u00adlen. Auch mit Blick auf die Attrak\u00adti\u00advi\u00adt\u00e4t des Unter\u00adneh\u00admens gegen\u00ad\u00fcber poten\u00adzi\u00adel\u00adlen Inves\u00adto\u00adren genie\u00dft dieses Prinzip h\u00f6chs\u00adte Priori\u00adt\u00e4t. Das betrifft vor allem h\u00e4ufig auftre\u00adten\u00adde stille Reser\u00adven in der Bilanz. Diese sollten nach M\u00f6glich\u00adkeit nicht still bleiben. Dieser Grund\u00adsatz bleibt auch dann richtig, wenn sich durch die Hebung stiller Reser\u00adven kurzfris\u00adtig eine h\u00f6here Steuer\u00adlast ergibt.<\/p>\n\n\n\n<h3 class=\"wp-block-heading\" id=\"h-wichtigstes-ziel-die-trennung-der-bereiche-zwischen-altgesellschafter-und-zu-verausserndem-unternehmen\">Wichtigs\u00adtes Ziel: die Trennung der Berei\u00adche zwischen Altge\u00adsell\u00adschaf\u00adter und zu ver\u00e4u\u00ad\u00dfern\u00addem Unternehmen&nbsp;<\/h3>\n\n\n\n<p>Prinzi\u00adpi\u00adell gilt es, durch eine Bilanz\u00adbe\u00adrei\u00adni\u00adgung die Bilanz\u00adsum\u00adme so weit wie m\u00f6glich zu reduzie\u00adren und Steuer\u00adop\u00adti\u00admie\u00adrun\u00adgen und Pensi\u00adons\u00adr\u00fcck\u00adstel\u00adlun\u00adgen aufzu\u00adl\u00f6\u00adsen. Alle Bilanz\u00adpo\u00adsi\u00adtio\u00adnen, die nicht eindeu\u00adtig dem Unter\u00adneh\u00admen zurechen\u00adbar sind, sollten die Bilanz verlas\u00adsen. Auf der Aktiv\u00adsei\u00adte fallen Fahrzeu\u00adge und etwas selte\u00adner auch Immobi\u00adli\u00aden darun\u00adter, sofern sie jeweils auch privat genutzt werden. Auf der Passiv\u00adsei\u00adte ist h\u00e4ufig eine Pensi\u00adons\u00adr\u00fcck\u00adstel\u00adlung des Firmen\u00adin\u00adha\u00adbers der gr\u00f6\u00dfte, zu berei\u00adni\u00adgen\u00adde Posten. Diese sollte ebenfalls im Wege einer R\u00fcckde\u00adckung per Versi\u00adche\u00adrungs\u00adl\u00f6\u00adsung die Bilanz verlas\u00adsen. Soweit m\u00f6glich sollten auch Gesell\u00adschaf\u00adter\u00addar\u00adle\u00adhen fr\u00fchzei\u00adtig zur\u00fcck\u00adge\u00adf\u00fchrt oder ersetzt werden. \u00dcberge\u00adord\u00adne\u00adtes Ziel ist es, die Berei\u00adche der Altge\u00adsell\u00adschaf\u00adter und des zu ver\u00e4u\u00ad\u00dfern\u00adden Unter\u00adneh\u00admens im Vorfeld des Ver\u00e4u\u00ad\u00dfe\u00adrungs\u00adpro\u00adzes\u00adses klar vonein\u00adan\u00adder zu trennen. Im Regel\u00adfall verbes\u00adsern sich schon durch diesen positi\u00adven Neben\u00adef\u00adfekt die Bilanzkennzahlen.<\/p>\n\n\n\n<h3 class=\"wp-block-heading\" id=\"h-ob-aktiva-oder-passiva-marktubliche-bewertungen-vornehmen\">Ob Aktiva oder Passi\u00adva \u2013 Markt\u00ad\u00fcb\u00adli\u00adche Bewer\u00adtun\u00adgen vornehmen<\/h3>\n\n\n\n<p>Czy <a href=\"https:\/\/www.kern-unternehmensnachfolge.com\/pl\/obliczanie-wartosci-firmy-tak-proste-ze-idzie\/\">Oblic\u00adza\u00adnie warto\u015bci przedsi\u0119\u00adbi\u00adorst\u00adwa<\/a>, sind s\u00e4mtli\u00adche Verm\u00f6\u00adgens\u00adge\u00adgen\u00adst\u00e4n\u00adde auf den realis\u00adti\u00adschen Verkehrs\u00adwert zu \u00fcberpr\u00fc\u00adfen. Ist der Forde\u00adrungs\u00adbe\u00adstand angemes\u00adsen wertbe\u00adrich\u00adtigt? Sind Waren\u00adla\u00adger und Vorrats\u00adver\u00adm\u00f6\u00adgen realis\u00adtisch bewer\u00adtet oder wurden Bilan\u00adzie\u00adrungs\u00adspiel\u00adr\u00e4u\u00adme genutzt? Generell gilt im Vorfeld einer Unter\u00adneh\u00admens\u00adver\u00ad\u00e4u\u00ad\u00dfe\u00adrung, das Vorrats\u00adver\u00adm\u00f6\u00adgen gering zu halten und um Altbe\u00adst\u00e4n\u00adde und Laden\u00adh\u00fc\u00adter zu berei\u00adni\u00adgen. Auch das Anlage\u00adver\u00adm\u00f6\u00adgen ist auf plausi\u00adble Verkehrs\u00adwer\u00adte oder Wieder\u00adbe\u00adschaf\u00adfungs\u00adwer\u00adte zu \u00fcberpr\u00fc\u00adfen. In Zweifels\u00adf\u00e4l\u00adlen ist ein exter\u00adnes Wertgut\u00adach\u00adten einzu\u00adho\u00adlen. Es ist nicht auszu\u00adschlie\u00ad\u00dfen, dass sich dabei sowohl stille Reser\u00adven als auch Lasten ergeben k\u00f6nnen. Auf der Passiv\u00adsei\u00adte, sind die R\u00fcckstel\u00adlun\u00adgen auf ihre Angemes\u00adsen\u00adheit zu \u00fcberpr\u00fc\u00adfen. Sind beispiels\u00adwei\u00adse Gew\u00e4hr\u00adleis\u00adtungs\u00adr\u00fcck\u00adstel\u00adlun\u00adgen in der bilan\u00adzier\u00adten H\u00f6he realis\u00adtisch? Ist die Nutzung der Anspar\u00adr\u00fcck\u00adstel\u00adlun\u00adgen tats\u00e4ch\u00adlich geplant? Angesichts des beabsich\u00adtig\u00adten Verkaufs sollten alle gr\u00f6\u00dfe\u00adren Inves\u00adti\u00adtio\u00adnen ohnehin zur\u00fcck\u00adge\u00adstellt werden bzw. die Inves\u00adti\u00adti\u00adons\u00adent\u00adschei\u00addung dem neuen Eigen\u00adt\u00fc\u00admer \u00fcberlas\u00adsen werden. Bei konser\u00adva\u00adtiv gef\u00fchr\u00adten, profi\u00adta\u00adblen Famili\u00aden\u00adun\u00adter\u00adneh\u00admen sind stille Reser\u00adven in der Bilan\u00adzie\u00adrung von R\u00fcckstel\u00adlun\u00adgen h\u00e4ufig anzutreffen.<\/p>\n\n\n\n<h3 class=\"wp-block-heading\" id=\"h-die-letzten-drei-geschaftsjahre-sind-fur-die-bilanzbereinigung-sehr-wichtig\">Die letzten drei Gesch\u00e4fts\u00adjah\u00adre sind f\u00fcr die Bilanz\u00adbe\u00adrei\u00adni\u00adgung sehr wichtig<\/h3>\n\n\n\n<p>Der Unter\u00adneh\u00admer sollte unbedingt recht\u00adzei\u00adtig mit der geziel\u00adten Bilanz\u00adbe\u00adrei\u00adni\u00adgung begin\u00adnen. Bei einer Unter\u00adneh\u00admens\u00adver\u00ad\u00e4u\u00ad\u00dfe\u00adrung sind die letzten drei Gesch\u00e4fts\u00adjah\u00adre von beson\u00adde\u00adrer Bedeu\u00adtung. Sie stehen bei der<strong> <\/strong><u><a href=\"https:\/\/www.kern-unternehmensnachfolge.com\/pl\/due-diligence-kaufprozess\/\" target=\"_blank\" rel=\"noreferrer noopener\">Due Diligence<\/a><\/u> durch den Erwer\u00adber im Fokus. In diesem Zeitraum sollten auch keine wesent\u00adli\u00adchen langfris\u00adtig binden\u00adden Vertr\u00e4\u00adge mehr einge\u00adgan\u00adgen werden, die die Gewinn- und Verlust\u00adrech\u00adnun\u00adgen nach der Unter\u00adneh\u00admens\u00adver\u00ad\u00e4u\u00ad\u00dfe\u00adrung belas\u00adten. Die Abkehr von der steuer\u00adop\u00adti\u00admier\u00adten, konser\u00adva\u00adti\u00adven Bilan\u00adzie\u00adrung kann in diesen und gegebe\u00adnen\u00adfalls voran\u00adge\u00adgan\u00adge\u00adnen Gesch\u00e4fts\u00adjah\u00adren h\u00f6here Ertrag\u00adsteu\u00adern zur Folge haben. Gleich\u00adzei\u00adtig verbes\u00adsern sich aber sowohl das opera\u00adti\u00adve Ergeb\u00adnis als auch die betriebs\u00adwirt\u00adschaft\u00adli\u00adchen Kennzah\u00adlen des Unter\u00adneh\u00admens. Der Effekt auf den Unter\u00adneh\u00admens\u00adwert und damit den m\u00f6glich erziel\u00adba\u00adren Verkaufs\u00adpreis ist i.d.R. h\u00f6her als der eventu\u00adel\u00adle Steuereffekt.<\/p>\n\n\n\n<p>Auch bei der Vergan\u00adgen\u00adheits\u00adana\u00adly\u00adse im Rahmen der Unter\u00adneh\u00admens\u00adbe\u00adwer\u00adtung stehen die letzten drei Gesch\u00e4fts\u00adjah\u00adre im Vorder\u00adgrund. Sie tragen ma\u00dfgeb\u00adlich zur Plausi\u00adbi\u00adli\u00adsie\u00adrung der Planzah\u00adlen bei. Da die <u><a href=\"https:\/\/www.kern-unternehmensnachfolge.com\/pl\/wycena-sprzedazy-przedsiebiorstwa\/\" target=\"_blank\" rel=\"noreferrer noopener\">wyceny sprze\u00adda\u017cy firmy<\/a><\/u> nichts anderes ist als die \u201eVerbar\u00adwer\u00adtung\u201c der Planer\u00adgeb\u00adnis\u00adse erh\u00f6ht sich der sp\u00e4ter erziel\u00adba\u00adre Kaufpreis. Die Berei\u00adni\u00adgung der Bilanz hilft, die L\u00fccke zwischen den Kaufpreis\u00advor\u00adstel\u00adlun\u00adgen von K\u00e4ufer und Verk\u00e4u\u00adfer teilwei\u00adse zu schlie\u00dfen.<\/p>\n\n\n\n<p>Nat\u00fcr\u00adlich kann der Verk\u00e4u\u00adfer die Analy\u00adse und die Aufde\u00adckung der Bilanz\u00adre\u00adser\u00adven dem Unter\u00adneh\u00admens\u00adbe\u00adwer\u00adter oder Inves\u00adtor \u00fcberlas\u00adsen. Wie \u00fcberall existiert aber auch im Markt f\u00fcr <a href=\"https:\/\/www.kern-unternehmensnachfolge.com\/pl\/transakcja-korporacyjna\/\">Transak\u00adc\u00adje korpora\u00adcy\u00adj\u00adne<\/a> ein schar\u00adfer Wettbe\u00adwerb. Daher muss der erste Blick auf die Zahlen stimmen, um die richti\u00adgen Inves\u00adto\u00adren anzulo\u00adcken und ein nachhal\u00adti\u00adges Inter\u00ades\u00adse am eigenen Unter\u00adneh\u00admen zu erzeu\u00adgen. Zur Optimie\u00adrung der Kaufpreis\u00adkon\u00addi\u00adtio\u00adnen gilt erfah\u00adrungs\u00adge\u00adm\u00e4\u00df der Satz: Tue Gutes und rede dar\u00fcber!<\/p>\n\n\n\n<p>F\u00fcr weite\u00adre Fragen zum Thema geziel\u00adte Bilanz\u00adbe\u00adrei\u00adni\u00adgung kontak\u00adtie\u00adren Sie uns gern telefo\u00adnisch unter<a>: +49 6196 \u2013 52 53 957 oder per E-Mail an: doerr@kern-unternehmensnachfolge.com<\/a><\/p>\n\n\n\n<h4 class=\"wp-block-heading\" id=\"h-tipps-zum-weiterlesen\"><span class=\"caps\">WSKAZ\u00d3WKI<\/span> do dalszej lektury:&nbsp;<\/h4>\n\n\n\n<p><a href=\"https:\/\/www.kern-unternehmensnachfolge.com\/pl\/kosten-unternehmensnachfolge-ma-projekt\/\" target=\"_blank\" rel=\"noreferrer noopener\">Koszty sukces\u00adji przedsi\u0119\u00adbi\u00adorst\u00adwa lub fuzji i przej\u0119\u0107<\/a><\/p>\n\n\n\n<p><a href=\"https:\/\/www.kern-unternehmensnachfolge.com\/pl\/rozmowa-pomaga-rowniez-w-sukcesie-przedsiebiorstwa\/\" target=\"_blank\" rel=\"noreferrer noopener\">Rozmo\u00adwy pomaga\u00adj\u0105, tak\u017ce w przypad\u00adku sukces\u00adji bizne\u00adsu<\/a> <\/p>\n\n\n\n<p><a href=\"https:\/\/www.kern-unternehmensnachfolge.com\/pl\/milosc-tworzy-slepy-biznes-kupowanie\/\" target=\"_blank\" rel=\"noreferrer noopener\">Liebe macht blind \u2013 auch beim Unternehmenskauf?<\/a><\/p>\n\n\n\n<p><a href=\"https:\/\/www.kern-unternehmensnachfolge.com\/pl\/firma-sprzedaz-wartosc-wzrostu-waszej-firmy\/\" target=\"_blank\" rel=\"noreferrer noopener\">Unter\u00adnehmens\u00adverkauf \u2013 wie Sie den Wert Ihres Unter\u00adneh\u00admens steigern!<\/a><\/p>","protected":false},"excerpt":{"rendered":"<p>F\u00fcr mittelst\u00e4ndisch gepr\u00e4gte Familienunternehmen bestehen, anders als bei Konzernen, die bilanzpolitischen Ambitionen vor allem in der Erhaltung finanzieller Mittel im [&hellip;]<\/p>\n","protected":false},"author":13,"featured_media":17893,"comment_status":"open","ping_status":"closed","sticky":false,"template":"","format":"standard","meta":{"wp_typography_post_enhancements_disabled":false,"_kad_blocks_custom_css":"","_kad_blocks_head_custom_js":"","_kad_blocks_body_custom_js":"","_kad_blocks_footer_custom_js":"","site-sidebar-layout":"default","site-content-layout":"default","ast-site-content-layout":"default","site-content-style":"default","site-sidebar-style":"default","ast-global-header-display":"","ast-banner-title-visibility":"","ast-main-header-display":"","ast-hfb-above-header-display":"","ast-hfb-below-header-display":"","ast-hfb-mobile-header-display":"","site-post-title":"","ast-breadcrumbs-content":"","ast-featured-img":"","footer-sml-layout":"","ast-disable-related-posts":"","theme-transparent-header-meta":"default","adv-header-id-meta":"","stick-header-meta":"default","header-above-stick-meta":"","header-main-stick-meta":"","header-below-stick-meta":"","astra-migrate-meta-layouts":"set","ast-page-background-enabled":"default","ast-page-background-meta":{"desktop":{"background-color":"","background-image":"","background-repeat":"repeat","background-position":"center center","background-size":"auto","background-attachment":"scroll","background-type":"","background-media":"","overlay-type":"","overlay-color":"","overlay-opacity":"","overlay-gradient":""},"tablet":{"background-color":"","background-image":"","background-repeat":"repeat","background-position":"center center","background-size":"auto","background-attachment":"scroll","background-type":"","background-media":"","overlay-type":"","overlay-color":"","overlay-opacity":"","overlay-gradient":""},"mobile":{"background-color":"","background-image":"","background-repeat":"repeat","background-position":"center center","background-size":"auto","background-attachment":"scroll","background-type":"","background-media":"","overlay-type":"","overlay-color":"","overlay-opacity":"","overlay-gradient":""}},"ast-content-background-meta":{"desktop":{"background-color":"var(--ast-global-color-5)","background-image":"","background-repeat":"repeat","background-position":"center center","background-size":"auto","background-attachment":"scroll","background-type":"","background-media":"","overlay-type":"","overlay-color":"","overlay-opacity":"","overlay-gradient":""},"tablet":{"background-color":"var(--ast-global-color-5)","background-image":"","background-repeat":"repeat","background-position":"center center","background-size":"auto","background-attachment":"scroll","background-type":"","background-media":"","overlay-type":"","overlay-color":"","overlay-opacity":"","overlay-gradient":""},"mobile":{"background-color":"var(--ast-global-color-5)","background-image":"","background-repeat":"repeat","background-position":"center center","background-size":"auto","background-attachment":"scroll","background-type":"","background-media":"","overlay-type":"","overlay-color":"","overlay-opacity":"","overlay-gradient":""}},"iawp_total_views":11,"footnotes":""},"categories":[1],"tags":[366,3954,267,202,834,243,835,367,291,270,205],"class_list":["post-719","post","type-post","status-publish","format-standard","has-post-thumbnail","hentry","category-unternehmensnachfolge-2","tag-bilanzbereinigung","tag-cta-webinar-bewertung","tag-ertragswertverfahren","tag-mittelstand","tag-praxisbeispiele","tag-steuerliche-gestaltung","tag-steuern","tag-steueroptimierung","tag-thomas-doerr","tag-unternehmensbewertung","tag-unternehmensverkauf"],"taxonomy_info":{"category":[{"value":1,"label":"Unternehmensnachfolge"}],"post_tag":[{"value":366,"label":"Bilanzbereinigung"},{"value":3954,"label":"CTA: Webinar Bewertung"},{"value":267,"label":"Ertragswertverfahren"},{"value":202,"label":"Mittelstand"},{"value":834,"label":"Praxisbeispiele"},{"value":243,"label":"Steuerliche Gestaltung"},{"value":835,"label":"Steuern"},{"value":367,"label":"Steueroptimierung"},{"value":291,"label":"Thomas D\u00f6rr"},{"value":270,"label":"Unternehmensbewertung"},{"value":205,"label":"Unternehmensverkauf"}]},"featured_image_src_large":["https:\/\/www.kern-unternehmensnachfolge.com\/wp-content\/uploads\/2015\/09\/Bild-Bilanzbereinigung.png",1024,576,false],"author_info":{"display_name":"Thomas D\u00f6rr","author_link":"https:\/\/www.kern-unternehmensnachfolge.com\/pl\/author\/doerr\/"},"comment_info":0,"category_info":[{"term_id":1,"name":"Unternehmensnachfolge","slug":"unternehmensnachfolge-2","term_group":0,"term_taxonomy_id":1,"taxonomy":"category","description":"","parent":0,"count":280,"filter":"raw","cat_ID":1,"category_count":280,"category_description":"","cat_name":"Unternehmensnachfolge","category_nicename":"unternehmensnachfolge-2","category_parent":0}],"tag_info":[{"term_id":366,"name":"Bilanzbereinigung","slug":"bilanzbereinigung","term_group":0,"term_taxonomy_id":366,"taxonomy":"post_tag","description":"","parent":0,"count":1,"filter":"raw"},{"term_id":3954,"name":"CTA: Webinar Bewertung","slug":"cta-webinar-bewertung","term_group":0,"term_taxonomy_id":3954,"taxonomy":"post_tag","description":"","parent":0,"count":6,"filter":"raw"},{"term_id":267,"name":"Ertragswertverfahren","slug":"ertragswertverfahren","term_group":0,"term_taxonomy_id":267,"taxonomy":"post_tag","description":"","parent":0,"count":3,"filter":"raw"},{"term_id":202,"name":"Mittelstand","slug":"mittelstand","term_group":0,"term_taxonomy_id":202,"taxonomy":"post_tag","description":"","parent":0,"count":71,"filter":"raw"},{"term_id":834,"name":"Praxisbeispiele","slug":"praxisbeispiele","term_group":0,"term_taxonomy_id":834,"taxonomy":"post_tag","description":"","parent":0,"count":22,"filter":"raw"},{"term_id":243,"name":"Steuerliche Gestaltung","slug":"steuerliche-gestaltung","term_group":0,"term_taxonomy_id":243,"taxonomy":"post_tag","description":"","parent":0,"count":18,"filter":"raw"},{"term_id":835,"name":"Steuern","slug":"steuern","term_group":0,"term_taxonomy_id":835,"taxonomy":"post_tag","description":"","parent":0,"count":13,"filter":"raw"},{"term_id":367,"name":"Steueroptimierung","slug":"steueroptimierung","term_group":0,"term_taxonomy_id":367,"taxonomy":"post_tag","description":"","parent":0,"count":1,"filter":"raw"},{"term_id":291,"name":"Thomas D\u00f6rr","slug":"thomas-doerr","term_group":0,"term_taxonomy_id":291,"taxonomy":"post_tag","description":"","parent":0,"count":7,"filter":"raw"},{"term_id":270,"name":"Unternehmensbewertung","slug":"unternehmensbewertung","term_group":0,"term_taxonomy_id":270,"taxonomy":"post_tag","description":"","parent":0,"count":23,"filter":"raw"},{"term_id":205,"name":"Unternehmensverkauf","slug":"unternehmensverkauf","term_group":0,"term_taxonomy_id":205,"taxonomy":"post_tag","description":"","parent":0,"count":132,"filter":"raw"}],"_links":{"self":[{"href":"https:\/\/www.kern-unternehmensnachfolge.com\/pl\/wp-json\/wp\/v2\/posts\/719","targetHints":{"allow":["GET"]}}],"collection":[{"href":"https:\/\/www.kern-unternehmensnachfolge.com\/pl\/wp-json\/wp\/v2\/posts"}],"about":[{"href":"https:\/\/www.kern-unternehmensnachfolge.com\/pl\/wp-json\/wp\/v2\/types\/post"}],"author":[{"embeddable":true,"href":"https:\/\/www.kern-unternehmensnachfolge.com\/pl\/wp-json\/wp\/v2\/users\/13"}],"replies":[{"embeddable":true,"href":"https:\/\/www.kern-unternehmensnachfolge.com\/pl\/wp-json\/wp\/v2\/comments?post=719"}],"version-history":[{"count":0,"href":"https:\/\/www.kern-unternehmensnachfolge.com\/pl\/wp-json\/wp\/v2\/posts\/719\/revisions"}],"wp:featuredmedia":[{"embeddable":true,"href":"https:\/\/www.kern-unternehmensnachfolge.com\/pl\/wp-json\/wp\/v2\/media\/17893"}],"wp:attachment":[{"href":"https:\/\/www.kern-unternehmensnachfolge.com\/pl\/wp-json\/wp\/v2\/media?parent=719"}],"wp:term":[{"taxonomy":"category","embeddable":true,"href":"https:\/\/www.kern-unternehmensnachfolge.com\/pl\/wp-json\/wp\/v2\/categories?post=719"},{"taxonomy":"post_tag","embeddable":true,"href":"https:\/\/www.kern-unternehmensnachfolge.com\/pl\/wp-json\/wp\/v2\/tags?post=719"}],"curies":[{"name":"wp","href":"https:\/\/api.w.org\/{rel}","templated":true}]}}