{"id":629,"date":"2014-09-01T00:00:00","date_gmt":"2014-08-31T22:00:00","guid":{"rendered":"https:\/\/great-kare.185-125-174-66.plesk.page\/ungeregelte-unternehmensnachfolge-bringt-mittelstand-gefahr-2\/"},"modified":"2019-02-22T14:10:47","modified_gmt":"2019-02-22T13:10:47","slug":"nieuregulowana-sukcesja-firmy-niesie-zagrozenie-dla-srednich-przedsiebiorstw-2","status":"publish","type":"post","link":"https:\/\/www.kern-unternehmensnachfolge.com\/pl\/ungeregelte-unternehmensnachfolge-bringt-mittelstand-gefahr-2\/","title":{"rendered":"Nieure\u00adgu\u00adlo\u00adwa\u00adna sukces\u00adja przedsi\u0119\u00adbi\u00adorstw stanowi zagro\u017ce\u00adnie dla&nbsp;<span class=\"caps\">M\u015aP<\/span>"},"content":{"rendered":"<p><em>Die ungere\u00adgel\u00adte Unternehmens\u00adnachfolge wird zu einer immer gr\u00f6\u00dfe\u00adren Belas\u00adtung f\u00fcr den Mittel\u00adstand. Denn mehr als 70% aller Famili\u00aden\u00adun\u00adter\u00adneh\u00admen sind nicht oder nur ungen\u00fc\u00adgend auf den Ernst\u00adfall vorbereitet.<\/em><\/p>\n<p>Die Zahlen des Insti\u00adtuts f\u00fcr Mittel\u00adstands\u00adfor\u00adschung (<span class=\"caps\">IFM<\/span>) in Bonn sind eindeu\u00adtig: Bis 2018 m\u00fcssen gut 135.000 Famili\u00aden\u00adun\u00adter\u00adneh\u00admen mit rund zwei Millio\u00adnen Arbeits\u00adpl\u00e4t\u00adzen einen neuen Chef finden. Wurde der Generations\u00adwechsel vor zehn Jahren noch zu zwei Dritteln in der Familie organi\u00adsiert, findet dieses Modell aktuell in weniger als 40% aller Unter\u00adneh\u00admens\u00adnach\u00adfol\u00adgen Anwendung.<\/p>\n<h2>Mniejs\u00adza liczba nast\u0119p\u00adc\u00f3w w rodzinie<strong><br>\n<\/strong><\/h2>\n<p>In Zeiten des demogra\u00adfi\u00adschen Wandels ist die \u00dcberga\u00adbe des unter\u00adneh\u00adme\u00adri\u00adschen Staffel\u00adsta\u00adbes an exter\u00adne Nachfol\u00adger eine entschei\u00adden\u00adde Frage f\u00fcr die Zukunft der regio\u00adna\u00adlen Wirtschaft. Dies gilt beson\u00adders f\u00fcr die stark mittel\u00adst\u00e4n\u00addisch gepr\u00e4g\u00adten Regio\u00adnen Osnabr\u00fcck und M\u00fcnster, der Grafschaft Bentheim sowie das Weser-Ems-Gebiet.<\/p>\n<p>Aufgrund der guten Wirtschafts\u00adla\u00adge sind weniger Existenz\u00adgr\u00fcn\u00adder als exter\u00adner Nachfol\u00adger auf der Suche nach inter\u00ades\u00adsan\u00adten Unter\u00adneh\u00admen sind. Ein <a href=\"https:\/\/www.kern-unternehmensnachfolge.com\/pl\/brak-przedsiebiorczosci-pogarsza-sytuacje-2\/\">Brak przedsi\u0119\u00adbi\u00ador\u00adc\u00f3w<\/a> grozi.<\/p>\n<h3>Profes\u00adsio\u00adnel\u00adle Beglei\u00adtung f\u00fcr \u00dcbergeber<\/h3>\n<p>Mit der Er\u00f6ff\u00adnung des achten Stand\u00ador\u00adtes beglei\u00adtet <span class=\"caps\">KERN<\/span> \u2013 Die Nachfolge\u00adspezialisten Stabwechs\u00adler bei der Unternehmens\u00adnachfolge jetzt auch im Gro\u00dfraum Osnabr\u00fcck und M\u00fcnster. Die Leitung des Stand\u00ador\u00adtes \u00fcbernimmt ab sofort <a href=\"https:\/\/www.kern-unternehmensnachfolge.com\/pl\/partner-lokalizacyjny\/sukcesja-firmy-wiesbaden3-31\/\">Ingo Claus<\/a>. Der studier\u00adte Betriebs\u00adwirt verf\u00fcgt \u00fcber langj\u00e4h\u00adri\u00adge Gesch\u00e4fts\u00adf\u00fch\u00adrungs- und Manage\u00admen\u00adt\u00ader\u00adfah\u00adrung in Famili\u00aden\u00adun\u00adter\u00adneh\u00admen und eine umfang\u00adrei\u00adche Exper\u00adti\u00adse im Beteiligungsmanagement.<\/p>\n<p>Die Zahlen des Insti\u00adtuts f\u00fcr Mittel\u00adstands\u00adfor\u00adschung (<span class=\"caps\">IFM<\/span>) in Bonn sind eindeu\u00adtig: Bis 2018 m\u00fcssen gut 135.000 Famili\u00aden\u00adun\u00adter\u00adneh\u00admen mit rund zwei Millio\u00adnen Arbeits\u00adpl\u00e4t\u00adzen einen neuen Chef finden. Wurde der Generations\u00adwechsel vor zehn Jahren noch zu zwei Dritteln in der Familie organi\u00adsiert, findet dieses Modell aktuell in weniger als 40% aller Unter\u00adneh\u00admens\u00adnach\u00adfol\u00adgen Anwendung.<\/p>\n<p><span class=\"caps\">KERN<\/span> \u2013 Die Nachfolge\u00adspezialisten sind seit 2004 auf die Beratung von Unter\u00adneh\u00admens\u00adnach\u00adfol\u00adgen und den Generations\u00adwechsel im Mittel\u00adstand spezia\u00adli\u00adsiert. Die eigenen Erfah\u00adrun\u00adgen aller KERN-Partner in der famili\u00aden\u00adin\u00adter\u00adnen Nachfol\u00adge bzw. in der Unter\u00adneh\u00admens\u00ad\u00fcber\u00adga\u00adbe von mittel\u00adst\u00e4n\u00addi\u00adschen Unter\u00adneh\u00admen sind dabei von entschei\u00adden\u00adder Bedeutung.<\/p>\n<h3>Nieure\u00adgu\u00adlo\u00adwa\u00adna sukces\u00adja przedsi\u0119\u00adbi\u00adorstw jest bardzo emocjonalna<\/h3>\n<p><span class=\"dquo\">\u201e<\/span>Aufgrund unserer eigenen Geschich\u00adte kennen wir die Heraus\u00adfor\u00adde\u00adrun\u00adgen dieses hoch sensi\u00adblen und emotio\u00adna\u00adlen Themas sehr genau\u201c, sagt Ingo Claus. Er beobach\u00adtet, dass die Unternehmens\u00adnachfolge f\u00fcr viele Unter\u00adneh\u00admer ein schwie\u00adri\u00adges Thema ist. Ein unvor\u00adher\u00adge\u00adse\u00adhen eintre\u00adten\u00adder Ernst\u00adfall macht die Risiken einer ungere\u00adgel\u00adten Nachfol\u00adge schmerz\u00adhaft bewusst. \u201eSo haben etwa 70% aller Unter\u00adneh\u00admer keine Vorsor\u00adge f\u00fcr den Notfall getrof\u00adfen\u201c, erkl\u00e4rt Claus weiter.<\/p>\n<h4>Wa\u017cne jest dobre przygo\u00adto\u00adwa\u00adnie do sukces\u00adji&nbsp;firmy<\/h4>\n<p>Dabei ist es wichtig, die Unternehmens\u00adnachfolge fr\u00fchzei\u00adtig und strate\u00adgisch zu planen. Denn ein Nachfol\u00adge\u00adpro\u00adjekt dauert im Schnitt zwei bis drei Jahre. Die Beach\u00adtung emotio\u00adna\u00adler Fakto\u00adren ist ebenso wichtig, wie die Vorbe\u00adrei\u00adtung eines unter\u00adneh\u00adme\u00adri\u00adschen Notfall\u00adkof\u00adfers, die Erstel\u00adlung einer Unter\u00adneh\u00admens\u00adbe\u00adwer\u00adtung oder eines Expos\u00e9s. Paral\u00adlel lassen sich bereits steuer\u00adli\u00adche und recht\u00adli\u00adche Frage\u00adstel\u00adlun\u00adgen im Rahmen der Vertrags\u00adge\u00adstal\u00adtung sowie Finan\u00adzie\u00adrungs- und F\u00f6rder\u00adm\u00f6g\u00adlich\u00adkei\u00adten kl\u00e4ren.<\/p>\n<p>Denn mittler\u00adwei\u00adle spielt die Wirtschafts\u00adme\u00addia\u00adti\u00adon bei Unter\u00adneh\u00admens\u00adnach\u00adfol\u00adgen und insbe\u00adson\u00adde\u00adre beim inner\u00adfa\u00admi\u00adli\u00e4\u00adren Generations\u00adwechsel eine immer gr\u00f6\u00dfe\u00adre Rolle. \u201eAls neutra\u00adle Wirtschafts\u00adme\u00addia\u00adto\u00adren konnten wir bereits eine ganze Reihe von Konflik\u00adten in Famili\u00aden\u00adun\u00adter\u00adneh\u00admen bzw. in der Unternehmens\u00adnachfolge erfolg\u00adreich l\u00f6sen\u201c, so Ingo&nbsp;Claus.<\/p>\n<h4>Wskaz\u00f3w\u00adki do dalszej lektury:<\/h4>\n<p><a class=\"yoast-link-suggestion__value\" href=\"https:\/\/www.kern-unternehmensnachfolge.com\/pl\/praktyczny-przyklad-sukcesu-w-biznesie-sukces-w-handlu\/\" target=\"_blank\" rel=\"noopener\">Prakty\u00adcz\u00adny przyk\u0142ad udanej sukces\u00adji przedsi\u0119\u00adbi\u00adorst\u00adwa w bran\u017cy rzemie\u015blniczej<\/a><\/p>\n<p><a href=\"https:\/\/www.kern-unternehmensnachfolge.com\/pl\/wazne-pytania-o-sukcesje-firmy-przed-rozliczeniem-2\/\">Wcze\u015b\u00adnie\u00adjs\u00adze wyja\u015b\u00adni\u00ade\u00adnie wa\u017cnych pyta\u0144 dotyc\u00adz\u0105\u00adcych sukces\u00adji&nbsp;firmy<\/a><\/p>\n<p><a class=\"yoast-link-suggestion__value\" href=\"https:\/\/www.kern-unternehmensnachfolge.com\/pl\/biznes-succession-also-topic-w-regionie-osnabrueck-2\/\" target=\"_blank\" rel=\"noopener\">Sukces\u00adja firmy r\u00f3wnie\u017c w regio\u00adnie Osnabr\u00fcck<\/a><\/p>\n<p><a href=\"https:\/\/www.kern-unternehmensnachfolge.com\/pl\/31000-przedsiebiorstw-przed-sukcesja-w-muenster\/\">31.000 firm stoi w oblic\u00adzu sukces\u00adji przedsi\u0119\u00adbi\u00adorstw w M\u00fcnster<\/a><\/p>\n<p><a href=\"https:\/\/www.kern-unternehmensnachfolge.com\/pl\/fundacja-rodzinna-jako-dlugoterminowa-szansa-na-sukces-w-biznesie-2\/\">Famili\u00aden\u00adstif\u00adtung als Instru\u00adment zur L\u00f6sung der famili\u00aden\u00adin\u00adter\u00adnen Nachfolge<\/a><\/p>\n<p><a href=\"https:\/\/www.kern-unternehmensnachfolge.com\/pl\/ertragswertorientierte-unternehmensbewertung-zahlt-sich-beim-unternehmensverkauf-aus-2\/\">Wycena firmy zorien\u00adto\u00adwa\u00adna na warto\u015b\u0107 przedsi\u0119\u00adbi\u00adorst\u00adwa op\u0142aca si\u0119 przy sprze\u00adda\u017cy&nbsp;firmy<\/a><\/p>\n<p><a href=\"https:\/\/www.kern-unternehmensnachfolge.com\/pl\/jak-znalezc-powaznych-doradcow-w-sprzedazy-biznesowej\/\">So finden Sie einen seri\u00f6\u00adsen Berater f\u00fcr den Unternehmensverkauf<\/a><\/p>\n<p><a href=\"https:\/\/www.kern-unternehmensnachfolge.com\/pl\/the-cost-of-a-business-succession-or-a-successful-ma-project-2\/\">Koszty sukces\u00adji przedsi\u0119\u00adbi\u00adorst\u00adwa lub sprze\u00adda\u017cy przedsi\u0119biorstwa<\/a><\/p>\n<p><a href=\"https:\/\/www.kern-unternehmensnachfolge.com\/pl\/nieuregulowane-przejecia-firm-w-branzy-poligraficznej-zagadnienie-2\/\">Nieure\u00adgu\u00adlo\u00adwa\u00adne sprawy sukces\u00adji przedsi\u0119\u00adbi\u00adorstw zagra\u017ca\u00adj\u0105 przedsi\u0119\u00adbi\u00adorst\u00adwom rodzin\u00adnym w bran\u017cy poligraficznej<\/a><\/p>","protected":false},"excerpt":{"rendered":"<p>Die ungeregelte Unternehmensnachfolge wird zu einer immer gr\u00f6\u00dferen Belastung f\u00fcr den Mittelstand. Denn mehr als 70% aller Familienunternehmen sind nicht [&hellip;]<\/p>\n","protected":false},"author":2,"featured_media":0,"comment_status":"open","ping_status":"closed","sticky":false,"template":"","format":"standard","meta":{"wp_typography_post_enhancements_disabled":false,"_kad_blocks_custom_css":"","_kad_blocks_head_custom_js":"","_kad_blocks_body_custom_js":"","_kad_blocks_footer_custom_js":"","site-sidebar-layout":"default","site-content-layout":"default","ast-site-content-layout":"default","site-content-style":"default","site-sidebar-style":"default","ast-global-header-display":"","ast-banner-title-visibility":"","ast-main-header-display":"","ast-hfb-above-header-display":"","ast-hfb-below-header-display":"","ast-hfb-mobile-header-display":"","site-post-title":"","ast-breadcrumbs-content":"","ast-featured-img":"","footer-sml-layout":"","ast-disable-related-posts":"","theme-transparent-header-meta":"default","adv-header-id-meta":"","stick-header-meta":"default","header-above-stick-meta":"","header-main-stick-meta":"","header-below-stick-meta":"","astra-migrate-meta-layouts":"default","ast-page-background-enabled":"default","ast-page-background-meta":{"desktop":{"background-color":"","background-image":"","background-repeat":"repeat","background-position":"center center","background-size":"auto","background-attachment":"scroll","background-type":"","background-media":"","overlay-type":"","overlay-color":"","overlay-opacity":"","overlay-gradient":""},"tablet":{"background-color":"","background-image":"","background-repeat":"repeat","background-position":"center center","background-size":"auto","background-attachment":"scroll","background-type":"","background-media":"","overlay-type":"","overlay-color":"","overlay-opacity":"","overlay-gradient":""},"mobile":{"background-color":"","background-image":"","background-repeat":"repeat","background-position":"center center","background-size":"auto","background-attachment":"scroll","background-type":"","background-media":"","overlay-type":"","overlay-color":"","overlay-opacity":"","overlay-gradient":""}},"ast-content-background-meta":{"desktop":{"background-color":"var(--ast-global-color-5)","background-image":"","background-repeat":"repeat","background-position":"center center","background-size":"auto","background-attachment":"scroll","background-type":"","background-media":"","overlay-type":"","overlay-color":"","overlay-opacity":"","overlay-gradient":""},"tablet":{"background-color":"var(--ast-global-color-5)","background-image":"","background-repeat":"repeat","background-position":"center center","background-size":"auto","background-attachment":"scroll","background-type":"","background-media":"","overlay-type":"","overlay-color":"","overlay-opacity":"","overlay-gradient":""},"mobile":{"background-color":"var(--ast-global-color-5)","background-image":"","background-repeat":"repeat","background-position":"center center","background-size":"auto","background-attachment":"scroll","background-type":"","background-media":"","overlay-type":"","overlay-color":"","overlay-opacity":"","overlay-gradient":""}},"iawp_total_views":0,"footnotes":""},"categories":[1],"tags":[3663,197,202,203,204,198,205],"class_list":["post-629","post","type-post","status-publish","format-standard","hentry","category-unternehmensnachfolge-2","tag-cta-kalkulator-claus","tag-generationswechsel","tag-mittelstand","tag-muenster","tag-osnabrueck","tag-unternehmensnachfolge","tag-unternehmensverkauf"],"taxonomy_info":{"category":[{"value":1,"label":"Unternehmensnachfolge"}],"post_tag":[{"value":3663,"label":"CTA: Kalkulator Claus"},{"value":197,"label":"Generationswechsel"},{"value":202,"label":"Mittelstand"},{"value":203,"label":"M\u00fcnster"},{"value":204,"label":"Osnabr\u00fcck"},{"value":198,"label":"Unternehmensnachfolge"},{"value":205,"label":"Unternehmensverkauf"}]},"featured_image_src_large":false,"author_info":{"display_name":"Ingo Claus","author_link":"https:\/\/www.kern-unternehmensnachfolge.com\/pl\/author\/ingoclaus2\/"},"comment_info":0,"category_info":[{"term_id":1,"name":"Unternehmensnachfolge","slug":"unternehmensnachfolge-2","term_group":0,"term_taxonomy_id":1,"taxonomy":"category","description":"","parent":0,"count":280,"filter":"raw","cat_ID":1,"category_count":280,"category_description":"","cat_name":"Unternehmensnachfolge","category_nicename":"unternehmensnachfolge-2","category_parent":0}],"tag_info":[{"term_id":3663,"name":"CTA: Kalkulator Claus","slug":"cta-kalkulator-claus","term_group":0,"term_taxonomy_id":3663,"taxonomy":"post_tag","description":"","parent":0,"count":51,"filter":"raw"},{"term_id":197,"name":"Generationswechsel","slug":"generationswechsel","term_group":0,"term_taxonomy_id":197,"taxonomy":"post_tag","description":"","parent":0,"count":128,"filter":"raw"},{"term_id":202,"name":"Mittelstand","slug":"mittelstand","term_group":0,"term_taxonomy_id":202,"taxonomy":"post_tag","description":"","parent":0,"count":71,"filter":"raw"},{"term_id":203,"name":"M\u00fcnster","slug":"muenster","term_group":0,"term_taxonomy_id":203,"taxonomy":"post_tag","description":"","parent":0,"count":4,"filter":"raw"},{"term_id":204,"name":"Osnabr\u00fcck","slug":"osnabrueck","term_group":0,"term_taxonomy_id":204,"taxonomy":"post_tag","description":"","parent":0,"count":25,"filter":"raw"},{"term_id":198,"name":"Unternehmensnachfolge","slug":"unternehmensnachfolge","term_group":0,"term_taxonomy_id":198,"taxonomy":"post_tag","description":"","parent":0,"count":189,"filter":"raw"},{"term_id":205,"name":"Unternehmensverkauf","slug":"unternehmensverkauf","term_group":0,"term_taxonomy_id":205,"taxonomy":"post_tag","description":"","parent":0,"count":132,"filter":"raw"}],"_links":{"self":[{"href":"https:\/\/www.kern-unternehmensnachfolge.com\/pl\/wp-json\/wp\/v2\/posts\/629","targetHints":{"allow":["GET"]}}],"collection":[{"href":"https:\/\/www.kern-unternehmensnachfolge.com\/pl\/wp-json\/wp\/v2\/posts"}],"about":[{"href":"https:\/\/www.kern-unternehmensnachfolge.com\/pl\/wp-json\/wp\/v2\/types\/post"}],"author":[{"embeddable":true,"href":"https:\/\/www.kern-unternehmensnachfolge.com\/pl\/wp-json\/wp\/v2\/users\/2"}],"replies":[{"embeddable":true,"href":"https:\/\/www.kern-unternehmensnachfolge.com\/pl\/wp-json\/wp\/v2\/comments?post=629"}],"version-history":[{"count":0,"href":"https:\/\/www.kern-unternehmensnachfolge.com\/pl\/wp-json\/wp\/v2\/posts\/629\/revisions"}],"wp:attachment":[{"href":"https:\/\/www.kern-unternehmensnachfolge.com\/pl\/wp-json\/wp\/v2\/media?parent=629"}],"wp:term":[{"taxonomy":"category","embeddable":true,"href":"https:\/\/www.kern-unternehmensnachfolge.com\/pl\/wp-json\/wp\/v2\/categories?post=629"},{"taxonomy":"post_tag","embeddable":true,"href":"https:\/\/www.kern-unternehmensnachfolge.com\/pl\/wp-json\/wp\/v2\/tags?post=629"}],"curies":[{"name":"wp","href":"https:\/\/api.w.org\/{rel}","templated":true}]}}