{"id":35266,"date":"2025-11-18T12:30:10","date_gmt":"2025-11-18T11:30:10","guid":{"rendered":"https:\/\/www.kern-unternehmensnachfolge.com\/?p=35266"},"modified":"2025-11-18T15:35:51","modified_gmt":"2025-11-18T14:35:51","slug":"pfister-trocknungs-service-gmbh-unternehmensverkauf","status":"publish","type":"post","link":"https:\/\/www.kern-unternehmensnachfolge.com\/pl\/pfister-trocknungs-service-gmbh-unternehmensverkauf\/","title":{"rendered":"Pfister Trock\u00adnungs-Service GmbH \u2013 Unternehmensverkauf"},"content":{"rendered":"<p><span><a href=\"https:\/\/www.kern-unternehmensnachfolge.com\/wp-content\/uploads\/2022\/12\/gon_logo.svg\" target=\"_blank\"><img decoding=\"async\" alt=\"Logo der Firma Pfister\" data-id=\"35269\" data-init-width=\"243\" data-init-height=\"134\" title=\"Bild Pfister\" src=\"https:\/\/www.kern-unternehmensnachfolge.com\/wp-content\/uploads\/2025\/11\/Bild-Pfister.jpg\" data-width=\"230\" data-link-wrap=\"true\" width=\"230\" height=\"127\" data-height=\"127\" style=\"aspect-ratio: auto 243 \/ 134;\" loading=\"lazy\"><\/a><\/span><\/p>\n<ul>\n<li><span>Trocknung und Sanierung von Wassersch\u00e4den &#8211; WB003250&nbsp;<\/span><\/li>\n<li><span><a href=\"\/unternehmensverkauf\/\" style=\"outline: none;\" target=\"_blank\">Unternehmensverkauf <\/a><span style=\"color: rgb(174, 174, 174);\">| Unternehmenskauf | Generationenwechsel<\/span><\/span><\/li>\n<li><span>Betreut von: <a href=\"https:\/\/www.kern-unternehmensnachfolge.com\/standort\/wuerzburg-buerger\/\" target=\"_blank\" style=\"outline: none;\">Wolfgang B\u00fcrger<\/a><\/span><\/li>\n<\/ul>\n<h3>\u00dcber das Unternehmen<\/h3>\n<p>Das Unternehmen \u201ePfister Trocknungs-Service GmbH\u201c ist ein modernes&nbsp;  Familienunternehmen mit umfassenden Kompetenzen in der professionellen Trocknung und Wiederherstellung von Wassersch\u00e4den in Geb\u00e4uden. Seit mehr als 10 Jahren erfolgreich im wachsenden Trocknungsservice- und Schadensanierungs-Segment t\u00e4tig, ist das Unternehmen bei seinen unterfr\u00e4nkischen Hausverwaltungen, Versicherern, Installateuren, bei Sachverst\u00e4ndigen und Schadenregulierern sowie vielen Privatkunden als zuverl\u00e4ssiger und professioneller Dienstleister f\u00fcr seinen werterhaltenden Ansatz bekannt.<\/p>\n<h3>Die Aufgabenstellung&nbsp;<\/h3>\n<p><span style=\"font-weight: normal;\">Die Sicherung der Unternehmensnachfolge und damit auch des Standortes unter der Ma\u00dfgabe, dass alle Mitarbeiter eine Zukunft haben. Das Projekt umfasste dabei die Begleitung des kompletten Nachfolgeprozesses.<\/span><!--[if !supportLineBreakNewLine]--><\/p>\n<h3>Das sagt der Auftraggeber zum Projekt<\/h3>\n<p style=\"text-align: left;\">\n<p>Laura Pfister, Gesch\u00e4ftsf\u00fchrerin:<\/p>\n<p><strong>\u201eEin Unternehmensverkauf, der uns bewegt hat \u2013 mit einem Partner, der ihn m\u00f6glich gemacht hat.\u201c<\/strong><strong><\/strong><\/p>\n<p>Nach 13 intensiven Jahren, in denen mein Mann und ich unser Unternehmen f\u00fcr Trocknung und Sanierung von Wassersch\u00e4den mit viel Herzblut aufgebaut hatten, stand f\u00fcr uns fest: Wir wollen verkaufen \u2013 und zwar schnell, sauber und mit einem richtig guten Gef\u00fchl. Kein Zufall, kein Gl\u00fcckstreffer \u2013 wir wollten einen Profi an unserer Seite. Und genau den haben wir in Wolfgang B\u00fcrger gefunden.<\/p>\n<\/p>\n<p>Schon im ersten Gespr\u00e4ch war klar: Hier sitzt jemand, der versteht, worum es wirklich geht. Nicht nur Zahlen, Daten, Fakten, sondern auch unser Lebenswerk, unser Herzblut, unsere Emotionen dahinter. Mit unglaublicher Geschwindigkeit hat er sich in unsere Branche hineingedacht, die richtigen Fragen gestellt und von Anfang an gesp\u00fcrt, wo unser Unternehmen steht und was es wert ist. Und im weiteren Verlauf hat sich gezeigt: Seine Einsch\u00e4tzung des Unternehmenswertes war eine Punktlandung.<\/p>\n<p>Wolfgang B\u00fcrgers Weitsicht, seine Empathie und seine Ruhe haben uns durch jede Phase getragen \u2013 auch dann, wenn die Nerven mal blank liegen. Er war immer da. Schnell, zuverl\u00e4ssig und menschlich absolut auf Augenh\u00f6he.<\/p>\n<\/p>\n<p>Was uns am meisten beeindruckt hat, war die Mischung aus strategischer Klarheit und echter Herzlichkeit. So eine Kombination ist selten und aus unserer Sicht ein entscheidender Aspekt in dieser emotionalen Ausnahmesituation.&nbsp;  Der gesamte Prozess verlief reibungslos und erfolgreicher, als wir es uns ertr\u00e4umt hatten.<\/p>\n<\/p>\n<p>Wir sind einfach dankbar f\u00fcr die gro\u00dfartige Zusammenarbeit, das Vertrauen und dieses Gef\u00fchl, genau den richtigen Menschen in dieser wichtigen Phase an unserer Seite gehabt zu haben. Unsere uneingeschr\u00e4nkte Empfehlung: Wolfgang B\u00fcrger ist der Partner, den man sich f\u00fcr den Verkauf seines Lebenswerks nur w\u00fcnschen kann.&nbsp;<\/p>\n","protected":false},"excerpt":{"rendered":"<p>Der Auftrag umfass\u00adte die Beglei\u00adtung des komplet\u00adten Nachfolgeprozesses.&nbsp;<\/p>","protected":false},"author":25,"featured_media":35267,"comment_status":"closed","ping_status":"closed","sticky":false,"template":"","format":"image","meta":{"wp_typography_post_enhancements_disabled":false,"_kad_blocks_custom_css":"","_kad_blocks_head_custom_js":"","_kad_blocks_body_custom_js":"","_kad_blocks_footer_custom_js":"","site-sidebar-layout":"right-sidebar","site-content-layout":"boxed-container","ast-site-content-layout":"normal-width-container","site-content-style":"boxed","site-sidebar-style":"boxed","ast-global-header-display":"","ast-banner-title-visibility":"","ast-main-header-display":"","ast-hfb-above-header-display":"","ast-hfb-below-header-display":"","ast-hfb-mobile-header-display":"","site-post-title":"","ast-breadcrumbs-content":"","ast-featured-img":"","footer-sml-layout":"","ast-disable-related-posts":"","theme-transparent-header-meta":"default","adv-header-id-meta":"","stick-header-meta":"default","header-above-stick-meta":"","header-main-stick-meta":"","header-below-stick-meta":"","astra-migrate-meta-layouts":"set","ast-page-background-enabled":"default","ast-page-background-meta":{"desktop":{"background-color":"","background-image":"","background-repeat":"repeat","background-position":"center center","background-size":"auto","background-attachment":"scroll","background-type":"","background-media":"","overlay-type":"","overlay-color":"","overlay-opacity":"","overlay-gradient":""},"tablet":{"background-color":"","background-image":"","background-repeat":"repeat","background-position":"center center","background-size":"auto","background-attachment":"scroll","background-type":"","background-media":"","overlay-type":"","overlay-color":"","overlay-opacity":"","overlay-gradient":""},"mobile":{"background-color":"","background-image":"","background-repeat":"repeat","background-position":"center center","background-size":"auto","background-attachment":"scroll","background-type":"","background-media":"","overlay-type":"","overlay-color":"","overlay-opacity":"","overlay-gradient":""}},"ast-content-background-meta":{"desktop":{"background-color":"var(--ast-global-color-5)","background-image":"","background-repeat":"repeat","background-position":"center center","background-size":"auto","background-attachment":"scroll","background-type":"","background-media":"","overlay-type":"","overlay-color":"","overlay-opacity":"","overlay-gradient":""},"tablet":{"background-color":"var(--ast-global-color-5)","background-image":"","background-repeat":"repeat","background-position":"center center","background-size":"auto","background-attachment":"scroll","background-type":"","background-media":"","overlay-type":"","overlay-color":"","overlay-opacity":"","overlay-gradient":""},"mobile":{"background-color":"var(--ast-global-color-5)","background-image":"","background-repeat":"repeat","background-position":"center center","background-size":"auto","background-attachment":"scroll","background-type":"","background-media":"","overlay-type":"","overlay-color":"","overlay-opacity":"","overlay-gradient":""}},"iawp_total_views":22,"footnotes":""},"categories":[5277],"tags":[3951],"class_list":["post-35266","post","type-post","status-publish","format-image","has-post-thumbnail","hentry","category-projekte","tag-cta-webinar-unternehmensverkauf","post_format-post-format-image"],"taxonomy_info":{"category":[{"value":5277,"label":"Projekte"}],"post_tag":[{"value":3951,"label":"CTA: Webinar Unternehmensverkauf"}]},"featured_image_src_large":["https:\/\/www.kern-unternehmensnachfolge.com\/wp-content\/uploads\/2025\/11\/Referenz-Pfister-.jpg",1024,576,false],"author_info":{"display_name":"Redaktion","author_link":"https:\/\/www.kern-unternehmensnachfolge.com\/pl\/author\/vonhacht\/"},"comment_info":0,"category_info":[{"term_id":5277,"name":"Projekte","slug":"projekte","term_group":0,"term_taxonomy_id":5277,"taxonomy":"category","description":"","parent":0,"count":45,"filter":"raw","cat_ID":5277,"category_count":45,"category_description":"","cat_name":"Projekte","category_nicename":"projekte","category_parent":0}],"tag_info":[{"term_id":3951,"name":"CTA: Webinar Unternehmensverkauf","slug":"cta-webinar-unternehmensverkauf","term_group":0,"term_taxonomy_id":3951,"taxonomy":"post_tag","description":"","parent":0,"count":123,"filter":"raw"}],"_links":{"self":[{"href":"https:\/\/www.kern-unternehmensnachfolge.com\/pl\/wp-json\/wp\/v2\/posts\/35266","targetHints":{"allow":["GET"]}}],"collection":[{"href":"https:\/\/www.kern-unternehmensnachfolge.com\/pl\/wp-json\/wp\/v2\/posts"}],"about":[{"href":"https:\/\/www.kern-unternehmensnachfolge.com\/pl\/wp-json\/wp\/v2\/types\/post"}],"author":[{"embeddable":true,"href":"https:\/\/www.kern-unternehmensnachfolge.com\/pl\/wp-json\/wp\/v2\/users\/25"}],"replies":[{"embeddable":true,"href":"https:\/\/www.kern-unternehmensnachfolge.com\/pl\/wp-json\/wp\/v2\/comments?post=35266"}],"version-history":[{"count":0,"href":"https:\/\/www.kern-unternehmensnachfolge.com\/pl\/wp-json\/wp\/v2\/posts\/35266\/revisions"}],"wp:featuredmedia":[{"embeddable":true,"href":"https:\/\/www.kern-unternehmensnachfolge.com\/pl\/wp-json\/wp\/v2\/media\/35267"}],"wp:attachment":[{"href":"https:\/\/www.kern-unternehmensnachfolge.com\/pl\/wp-json\/wp\/v2\/media?parent=35266"}],"wp:term":[{"taxonomy":"category","embeddable":true,"href":"https:\/\/www.kern-unternehmensnachfolge.com\/pl\/wp-json\/wp\/v2\/categories?post=35266"},{"taxonomy":"post_tag","embeddable":true,"href":"https:\/\/www.kern-unternehmensnachfolge.com\/pl\/wp-json\/wp\/v2\/tags?post=35266"}],"curies":[{"name":"wp","href":"https:\/\/api.w.org\/{rel}","templated":true}]}}