{"id":11049,"date":"2020-11-17T13:44:52","date_gmt":"2020-11-17T12:44:52","guid":{"rendered":"https:\/\/great-kare.185-125-174-66.plesk.page\/?p=11049"},"modified":"2022-09-12T18:27:47","modified_gmt":"2022-09-12T16:27:47","slug":"basys-bartsch-edv-systeme-gmbh-sprzedaz-firmy","status":"publish","type":"post","link":"https:\/\/www.kern-unternehmensnachfolge.com\/pl\/basys-bartsch-edv-systeme-gmbh-unternehmensverkauf\/","title":{"rendered":"<span class=\"caps\">BASYS<\/span> Bartsch EDV-Syste\u00adme GmbH \u2013 Unternehmensverkauf"},"content":{"rendered":"<p><span><img decoding=\"async\" alt=\"Sprzeda\u017c firmy BASYS Bartsch EDV-Systeme GmbH \" data-id=\"11053\" data-init-width=\"334\" data-init-height=\"151\" title=\"Logo BASYS\" loading=\"lazy\" src=\"https:\/\/www.kern-unternehmensnachfolge.com\/wp-content\/uploads\/2020\/05\/Logo-BASYS.png\" data-width=\"230\" data-height=\"104\" width=\"230\" height=\"104\"><\/span><\/p>\n<ul>\n<li>                    <span>Dom systemu infor\u00adma\u00adty\u00adcz\u00adn\u00adego <span class=\"caps\">NK001990<\/span><\/span><\/li>\n<li>                    <span><a href=\"\/pl\/sprzedaz-firmy-5\/\" style=\"outline: none;\" target=\"_blank\" rel=\"noopener\">Sprze\u00adda\u017c firmy<\/a><span style=\"color: rgb(174, 174, 174);\">| Przej\u0119cie firmy | Zmiana generacji<\/span><\/span><\/li>\n<li>                    <span>Nadzo\u00adro\u00adwa\u00adne przez: <a href=\"https:\/\/www.kern-unternehmensnachfolge.com\/pl\/partner-lokalizacyjny\/bremen-koerber\/\" style=\"outline: none;\" target=\"_blank\" rel=\"noopener\">Nils Koerber&nbsp;<span style=\"font-size: 14px; line-height: 32.20000076293945px; margin-top: 0px; padding-top: 0px; padding-left: 0px; margin-left: 0px; padding-right: 0px; margin-right: 0px; text-align: left;\"><\/span><\/a><\/span><\/li>\n<li>                    <span><a href=\"https:\/\/aureliusinvest.de\/wachstumskapital\/news\/aurelius-wachstumskapital-it-gruppe-id.kom-erwirbt-die-basys-bartsch-edv-systeme-gmbh\/\" target=\"_blank\" style=\"outline: none;\" rel=\"noopener\">Dalsze infor\u00admac\u00adje<\/a><\/span><\/li>\n<\/ul>\n<h3>\u00dcber das Unternehmen&nbsp;<\/h3>\n<p>IT-System\u00adhaus mit dem Schwer\u00adpunkt Cloud-Services, IT-Securi\u00adty und Modern Workplace. Ein moder\u00adner und leistungs\u00adstar\u00adker IT-Dienst\u00adleis\u00adter mit \u00fcber 30 Jahren erfolg\u00adrei\u00adcher Histo\u00adrie. Gut 70 Mitar\u00adbei\u00adter und Spezia\u00adlis\u00adten betreu\u00aden Kunden in der Weser-Ems-Elbe-Region.<\/p>\n<p>Im Gro\u00dfraum Bremen z\u00e4hlt die <span class=\"caps\">BASYS<\/span> zu den Markt\u00adf\u00fch\u00adrern im Segment IT-Dienst\u00adleis\u00adtun\u00adgen und verf\u00fcgt \u00fcber renom\u00admier\u00adtes\u00adte Referen\u00adzen im Kundenkreis.<\/p>\n<h3>Zadanie&nbsp;<\/h3>\n<p>Gerade die IT-Branche bewegt sich (auch unter Corona-Bedin\u00adgun\u00adgen) in einem starken Wachs\u00adtums\u00admarkt, welcher aus Sicht der bishe\u00adri\u00adgen Gesell\u00adschaf\u00adter eine neue Perspek\u00adti\u00adve im Sinne strate\u00adgi\u00adscher Verbin\u00addun\u00adgen erfor\u00adder\u00adlich macht. Das war auch der Anlass, das mittel\u00adst\u00e4n\u00addisch gepr\u00e4g\u00adte Famili\u00aden\u00adun\u00adter\u00adneh\u00admen in neue H\u00e4nde zu \u00fcbergeben.<\/p>\n<p><span class=\"caps\">KERN<\/span> hat den gesam\u00adten Prozess der Nachfol\u00adge\u00adsi\u00adche\u00adrung beglei\u00adten d\u00fcrfen und von der Inves\u00adto\u00adren\u00adsu\u00adche bis zur \u00dcberga\u00adbe alle Phasen inten\u00adsiv mit den Gesell\u00adschaf\u00adtern und der Gesch\u00e4fts\u00adf\u00fch\u00adrung umgesetzt.<\/p>\n<h3>Co klient m\u00f3wi o projekcie<\/h3>\n<p style=\"text-align: left;\">Wypowie\u00add\u017a z kr\u0119gu by\u0142ych akcjonariuszy:<\/p>\n<p><strong><span class=\"dquo\">\u201e<\/span><\/strong>Ich habe die Arbeit und das Engage\u00adment von Herrn Koerber sehr sch\u00e4t\u00adzen gelernt und ich bereue es nicht, mich seiner\u00adzeit an ihn gewen\u00addet zu haben. Ohne ihn w\u00e4ren wir nicht zu einem erfolg\u00adrei\u00adchen Abschluss gekom\u00admen. Herr Koerber hat beruf\u00adlich und mensch\u00adlich auf ganzer Linie \u00fcberzeugt.\u201c<\/p>\n\n<p><strong>Olaf Brand, Gesch\u00e4fts\u00adf\u00fch\u00adrer:<\/strong> \u201eAls Teil der <span class=\"caps\">AWK<\/span> (Aureli\u00adus Wachs\u00adtums\u00adka\u00adpi\u00adtal) IT-Dienst\u00adleis\u00adtungs\u00adgrup\u00adpe ergeben sich f\u00fcr uns als <span class=\"caps\">BASYS<\/span> ganz neue M\u00f6glich\u00adkei\u00adten des Wachs\u00adtums und der Umset\u00adzung neuer Ideen. <span class=\"caps\">ID<\/span>.<span class=\"caps\">KOM<\/span> und <span class=\"caps\">BASYS<\/span> erg\u00e4n\u00adzen sich sowohl geogra\u00adphisch als auch produkt\u00adsei\u00adtig hervorragend.\u201c<\/p>\n<h3>\u00dcber den K\u00e4ufer<\/h3>\n<p>Die Aureli\u00adus Wachs\u00adtums\u00adka\u00adpi\u00adtal <span class=\"caps\">SE<\/span> <span class=\"amp\">&amp;<\/span> Co. <span class=\"caps\">KG<\/span> fokus\u00adsiert sich auf Buy an Build, Owner Buyouts und Nachfol\u00adge\u00adl\u00f6\u00adsun\u00adgen. Das Portfo\u00adlio der <span class=\"caps\">AWK<\/span> umfasst derzeit insge\u00adsamt acht Unter\u00adneh\u00admen. Neben Kapital f\u00fcr Inves\u00adti\u00adtio\u00adnen und Wachs\u00adtum unter\u00adst\u00fctzt <span class=\"caps\">AWK<\/span> das Manage\u00adment der erwor\u00adbe\u00adnen Gesell\u00adschaf\u00adten durch umfang\u00adrei\u00adche unter\u00adneh\u00adme\u00adri\u00adsche Erfah\u00adrung und hilft so, Wachs\u00adtum zu reali\u00adsie\u00adren und opera\u00adti\u00adve Poten\u00adzia\u00adle zu&nbsp;heben.<\/p>","protected":false},"excerpt":{"rendered":"<p>Der gesam\u00adte Prozess der Nachfol\u00adge\u00adsi\u00adche\u00adrung von der Inves\u00adto\u00adren\u00adsu\u00adche bis zur \u00dcberga\u00adbe wurde von <span class=\"caps\">KERN<\/span> erfolg\u00adreich beglei\u00adtet und umgesetzt.&nbsp;<\/p>","protected":false},"author":25,"featured_media":11051,"comment_status":"closed","ping_status":"closed","sticky":false,"template":"","format":"image","meta":{"wp_typography_post_enhancements_disabled":false,"_kad_blocks_custom_css":"","_kad_blocks_head_custom_js":"","_kad_blocks_body_custom_js":"","_kad_blocks_footer_custom_js":"","site-sidebar-layout":"right-sidebar","site-content-layout":"boxed-container","ast-site-content-layout":"default","site-content-style":"default","site-sidebar-style":"default","ast-global-header-display":"","ast-banner-title-visibility":"","ast-main-header-display":"","ast-hfb-above-header-display":"","ast-hfb-below-header-display":"","ast-hfb-mobile-header-display":"","site-post-title":"","ast-breadcrumbs-content":"","ast-featured-img":"","footer-sml-layout":"","ast-disable-related-posts":"","theme-transparent-header-meta":"default","adv-header-id-meta":"","stick-header-meta":"default","header-above-stick-meta":"","header-main-stick-meta":"","header-below-stick-meta":"","astra-migrate-meta-layouts":"default","ast-page-background-enabled":"default","ast-page-background-meta":{"desktop":{"background-color":"","background-image":"","background-repeat":"repeat","background-position":"center center","background-size":"auto","background-attachment":"scroll","background-type":"","background-media":"","overlay-type":"","overlay-color":"","overlay-opacity":"","overlay-gradient":""},"tablet":{"background-color":"","background-image":"","background-repeat":"repeat","background-position":"center center","background-size":"auto","background-attachment":"scroll","background-type":"","background-media":"","overlay-type":"","overlay-color":"","overlay-opacity":"","overlay-gradient":""},"mobile":{"background-color":"","background-image":"","background-repeat":"repeat","background-position":"center center","background-size":"auto","background-attachment":"scroll","background-type":"","background-media":"","overlay-type":"","overlay-color":"","overlay-opacity":"","overlay-gradient":""}},"ast-content-background-meta":{"desktop":{"background-color":"var(--ast-global-color-5)","background-image":"","background-repeat":"repeat","background-position":"center center","background-size":"auto","background-attachment":"scroll","background-type":"","background-media":"","overlay-type":"","overlay-color":"","overlay-opacity":"","overlay-gradient":""},"tablet":{"background-color":"var(--ast-global-color-5)","background-image":"","background-repeat":"repeat","background-position":"center center","background-size":"auto","background-attachment":"scroll","background-type":"","background-media":"","overlay-type":"","overlay-color":"","overlay-opacity":"","overlay-gradient":""},"mobile":{"background-color":"var(--ast-global-color-5)","background-image":"","background-repeat":"repeat","background-position":"center center","background-size":"auto","background-attachment":"scroll","background-type":"","background-media":"","overlay-type":"","overlay-color":"","overlay-opacity":"","overlay-gradient":""}},"iawp_total_views":0,"footnotes":""},"categories":[5277],"tags":[3951,5553,198,205],"class_list":["post-11049","post","type-post","status-publish","format-image","has-post-thumbnail","hentry","category-projekte","tag-cta-webinar-unternehmensverkauf","tag-it-systemhaus","tag-unternehmensnachfolge","tag-unternehmensverkauf","post_format-post-format-image"],"taxonomy_info":{"category":[{"value":5277,"label":"Projekte"}],"post_tag":[{"value":3951,"label":"CTA: Webinar Unternehmensverkauf"},{"value":5553,"label":"IT-Systemhaus"},{"value":198,"label":"Unternehmensnachfolge"},{"value":205,"label":"Unternehmensverkauf"}]},"featured_image_src_large":["https:\/\/www.kern-unternehmensnachfolge.com\/wp-content\/uploads\/2020\/11\/Bild-BASYS-GUT.jpg",1024,576,false],"author_info":{"display_name":"Redaktion","author_link":"https:\/\/www.kern-unternehmensnachfolge.com\/pl\/author\/vonhacht\/"},"comment_info":0,"category_info":[{"term_id":5277,"name":"Projekte","slug":"projekte","term_group":0,"term_taxonomy_id":5277,"taxonomy":"category","description":"","parent":0,"count":45,"filter":"raw","cat_ID":5277,"category_count":45,"category_description":"","cat_name":"Projekte","category_nicename":"projekte","category_parent":0}],"tag_info":[{"term_id":3951,"name":"CTA: Webinar Unternehmensverkauf","slug":"cta-webinar-unternehmensverkauf","term_group":0,"term_taxonomy_id":3951,"taxonomy":"post_tag","description":"","parent":0,"count":123,"filter":"raw"},{"term_id":5553,"name":"IT-Systemhaus","slug":"it-systemhaus","term_group":0,"term_taxonomy_id":5553,"taxonomy":"post_tag","description":"","parent":0,"count":1,"filter":"raw"},{"term_id":198,"name":"Unternehmensnachfolge","slug":"unternehmensnachfolge","term_group":0,"term_taxonomy_id":198,"taxonomy":"post_tag","description":"","parent":0,"count":189,"filter":"raw"},{"term_id":205,"name":"Unternehmensverkauf","slug":"unternehmensverkauf","term_group":0,"term_taxonomy_id":205,"taxonomy":"post_tag","description":"","parent":0,"count":132,"filter":"raw"}],"_links":{"self":[{"href":"https:\/\/www.kern-unternehmensnachfolge.com\/pl\/wp-json\/wp\/v2\/posts\/11049","targetHints":{"allow":["GET"]}}],"collection":[{"href":"https:\/\/www.kern-unternehmensnachfolge.com\/pl\/wp-json\/wp\/v2\/posts"}],"about":[{"href":"https:\/\/www.kern-unternehmensnachfolge.com\/pl\/wp-json\/wp\/v2\/types\/post"}],"author":[{"embeddable":true,"href":"https:\/\/www.kern-unternehmensnachfolge.com\/pl\/wp-json\/wp\/v2\/users\/25"}],"replies":[{"embeddable":true,"href":"https:\/\/www.kern-unternehmensnachfolge.com\/pl\/wp-json\/wp\/v2\/comments?post=11049"}],"version-history":[{"count":0,"href":"https:\/\/www.kern-unternehmensnachfolge.com\/pl\/wp-json\/wp\/v2\/posts\/11049\/revisions"}],"wp:featuredmedia":[{"embeddable":true,"href":"https:\/\/www.kern-unternehmensnachfolge.com\/pl\/wp-json\/wp\/v2\/media\/11051"}],"wp:attachment":[{"href":"https:\/\/www.kern-unternehmensnachfolge.com\/pl\/wp-json\/wp\/v2\/media?parent=11049"}],"wp:term":[{"taxonomy":"category","embeddable":true,"href":"https:\/\/www.kern-unternehmensnachfolge.com\/pl\/wp-json\/wp\/v2\/categories?post=11049"},{"taxonomy":"post_tag","embeddable":true,"href":"https:\/\/www.kern-unternehmensnachfolge.com\/pl\/wp-json\/wp\/v2\/tags?post=11049"}],"curies":[{"name":"wp","href":"https:\/\/api.w.org\/{rel}","templated":true}]}}