{"id":7162,"date":"2019-07-04T16:52:56","date_gmt":"2019-07-04T14:52:56","guid":{"rendered":"https:\/\/great-kare.185-125-174-66.plesk.page\/?p=7162"},"modified":"2026-02-27T12:39:01","modified_gmt":"2026-02-27T11:39:01","slug":"das-kann-kein-familienunternehmen-kalt-lassen","status":"publish","type":"post","link":"https:\/\/www.kern-unternehmensnachfolge.com\/it\/das-kann-kein-familienunternehmen-kalt-lassen\/","title":{"rendered":"Konflik\u00adte beim Generations\u00adwechsel von Familienunternehmen!"},"content":{"rendered":"<p><em>Bei \u00fcber 80% (!) der geschei\u00adter\u00adten \u00dcberga\u00adben lassen sich ungekl\u00e4r\u00adte emotio\u00adna\u00adle Gr\u00fcnde finden. Das kann doch keinen Famili\u00aden\u00adun\u00adter\u00adneh\u00admen kalt lassen!<br>Aber wie kommt es \u00fcberhaupt so weit? Die Unter\u00adneh\u00adme\u00adrin\u00adnen und Unter\u00adneh\u00admer haben ja alles im Griff! Oder gibt es da nicht die eine oder andere Stell\u00adschrau\u00adbe zur Abmil\u00adde\u00adrung dieses katastro\u00adpha\u00adlen Ergebnisses?<\/em><\/p>\n\n\n\n<h3 class=\"wp-block-heading\">Der Generations\u00adwechsel ist mehr als ein Businessplan<\/h3>\n\n\n\n<p>Die Harvard-Univer\u00adsi\u00adty hat den europ\u00e4i\u00adschen Mittel\u00adstand analy\u00adsiert. Sie zeigt mit den Ergeb\u00adnis\u00adsen, dass sich der Themen\u00adbe\u00adreich der \u00dcberga\u00adbe  eines Unter\u00adneh\u00admens nicht einfach auf ein gewohn\u00adtes Projekt\u00adma\u00adnage\u00adment und auf gute Steuer- und Rechts\u00adbe\u00adra\u00adtung begren\u00adzen l\u00e4sst.<br> Welche Fragen sollten sich Unter\u00adneh\u00adme\u00adrIn\u00adnen noch stellen?<br> \u2022 Bin ich recht\u00adzei\u00adtig am Weg zur Nachfol\u00adge\u00adpla\u00adnung?<br> \u2022 Wie spreche ich \u00fcber Geld, Macht und Liebe in der Familie?<br> \u2022 Kann ich emotio\u00adna\u00adle Fallstri\u00adcke vermeiden?&nbsp;<\/p>\n\n\n\n<h3 class=\"wp-block-heading\">Freun\u00adde und exter\u00adne Dritte schaf\u00adfen Klarheit im Generationswechsel<\/h3>\n\n\n\n<p>Der \u00dcberge\u00adben\u00adde muss seine Ziele und Bed\u00fcrf\u00adnis\u00adse klar festle\u00adgen und ausspre\u00adchen.<br>Das ist nicht immer einfach. \u00dcbergibt das Famili\u00aden\u00adober\u00adhaupt sein Unter\u00adneh\u00admen, so tritt er\/sie in eine vollkom\u00admen neue Lebens\u00adpha\u00adse. Und mit dieser \u00e4ndert sich vieles. Das sind die sozia\u00adlen Kontak\u00adte, aber auch die Wahrneh\u00admung durch Dritte. Nun ist er\/sie auf einmal im Ruhestand und nicht mehr Unter\u00adneh\u00adme\u00adrIn oder Gesch\u00e4fts\u00adf\u00fch\u00adre\u00adrIn.<br>Inten\u00adsi\u00adve Gespr\u00e4\u00adche mit wirklich guten Freun\u00adden oder anderen Sparrings\u00adpart\u00adner, die nicht emotio\u00adnal mit dem Nachfol\u00adge\u00adthe\u00adma verbun\u00adden sind, aber kompe\u00adten\u00adtes Hinter\u00adgrund\u00adwis\u00adsen haben, sind immens wertvoll und helfen, Klarheit zu schaffen.<\/p>\n\n\n\n<h3 class=\"wp-block-heading\">Konflik\u00adte im Famili\u00aden\u00adun\u00adter\u00adneh\u00admen nicht vermei\u00adden, sondern l\u00f6sen<\/h3>\n\n\n\n<p>Bei laufen\u00adden und andau\u00adern\u00adden Konflikt\u00adsi\u00adtua\u00adtio\u00adnen zum Thema der  Nachfol\u00adge kann eine struk\u00adtu\u00adrier\u00adte und kompe\u00adten\u00adte Konflikt\u00adbe\u00adar\u00adbei\u00adtung  ins Auge gefasst werden. Lassen Sie sich von einem kompe\u00adten\u00adten und  erfah\u00adre\u00adnen Media\u00adtor bei der Konflikt\u00adl\u00f6\u00adsung beglei\u00adten. Sie geben dabei nicht das Heft des Handelns aus der Hand!<br>Sie arbei\u00adten struk\u00adtu\u00adriert an einer L\u00f6sung. Das kann kosten\u00adg\u00fcns\u00adti\u00adger als jeder  Rechts\u00adstreit es sein. Sie sparen Zeit und k\u00f6nnen sich dann auf die  Nachhal\u00adtig\u00adkeit einer Verein\u00adba\u00adrung verlas\u00adsen.<br> Die Konflikt\u00adm\u00f6g\u00adlich\u00adkei\u00adten sind vielf\u00e4l\u00adtig und k\u00f6nnen in jeder Phase der  Unter\u00adneh\u00admens\u00adtrans\u00adak\u00adti\u00adon auftau\u00adchen. Schwe\u00adlen\u00adde Konflik\u00adte behin\u00addern die  Nachfol\u00adge\u00adl\u00f6\u00adsung und k\u00f6nnen so auch den Fortbe\u00adstand Ihres Unter\u00adneh\u00admens  gef\u00e4hrden!&nbsp;<\/p>\n\n\n\n<h3 class=\"wp-block-heading\">Tipps zum Weiterlesen:&nbsp;<\/h3>\n\n\n\n<p><a href=\"https:\/\/www.kern-unternehmensnachfolge.com\/it\/wie-finden-sie-serioese-berater-fuer-den-unternehmensverkauf\/\">Wie finden Sie ser\u00f6se Berater f\u00fcr den Unternehmensverkauf?<\/a><\/p>\n\n\n\n<p><a rel=\"noreferrer noopener\" href=\"https:\/\/www.kern-unternehmensnachfolge.com\/it\/weiche-faktoren-steigerung-unternehmenswertes\/\" target=\"_blank\">Was steigert den Unternehmenswert?<\/a><\/p>\n\n\n\n<p><a href=\"https:\/\/www.kern-unternehmensnachfolge.com\/it\/innerfamiliaere-unternehmensnachfolge\/\">Inter\u00adview: Die inner\u00adfa\u00admi\u00adli\u00e4\u00adre Unternehmens\u00adnachfolge gut vorbereiten<\/a><\/p>\n\n\n\n<p><a href=\"https:\/\/www.kern-unternehmensnachfolge.com\/it\/weiche-faktoren-steigerung-unternehmenswertes\/\"><span class=\"dquo\">\u201e<\/span>Weiche\u201c Fakto\u00adren zur Steige\u00adrung des Unternehmenswertes<\/a><\/p>\n\n\n\n<p><a href=\"https:\/\/www.kern-unternehmensnachfolge.com\/it\/2019-die-unternehmensnachfolge-ist-weiblich\/\">2019: Die Unternehmens\u00adnachfolge ist weiblich!<\/a><\/p>\n\n\n\n<p><a href=\"https:\/\/www.kern-unternehmensnachfolge.com\/it\/kern-gruppe-auszeichnung-beraterqualitat\/\"><span class=\"caps\">KERN<\/span> erneut f\u00fcr die Quali\u00adt\u00e4t der Beratung bei Unter\u00adneh\u00admens\u00adnach\u00adfol\u00adgen ausgezeichnet<\/a><\/p>\n\n\n\n<p>Bild: Fotolia.com <\/p>\n\n\n\n<hr class=\"wp-block-separator is-style-wide\">\n\n\n<div id=\"rank-math-faq\" class=\"rank-math-block\">\n<div class=\"rank-math-list\">\n<div id=\"faq-question-69a1825579d56\" class=\"rank-math-list-item\">\n<h3 class=\"rank-math-question\">Wichti\u00adge Fragen von Famili\u00aden\u00adun\u00adter\u00adneh\u00admen vor dem Unternehmensverkauf\/Generationswechsel ?<\/h3>\n<div class=\"rank-math-answer\">\n\n<p> \u2022 Bin ich recht\u00adzei\u00adtig am Weg zur Nachfol\u00adge\u00adpla\u00adnung?<br> \u2022 Wie spreche ich \u00fcber Geld, Macht und Liebe in der Familie?<br> \u2022 Wie kann ich emotio\u00adna\u00adle Fallstri\u00adcke vermeiden?&nbsp;<\/p>\n\n<\/div>\n<\/div>\n<div id=\"faq-question-69a1825579d59\" class=\"rank-math-list-item\">\n<h3 class=\"rank-math-question\">Wie l\u00f6se ich Konflikt\u00adsi\u00adtua\u00adtio\u00adnen in Familienunternehmen?<\/h3>\n<div class=\"rank-math-answer\">\n\n<p>Eine struk\u00adtu\u00adrier\u00adte und kompe\u00adten\u00adte Modera\u00adti\u00adon unter\u00adst\u00fctzt jeden Generations\u00adwechsel im Famili\u00aden\u00adun\u00adter\u00adneh\u00admen. Ein erfah\u00adre\u00adner Media\u00adtor beglei\u00adtet  die L\u00f6sungs\u00adsu\u00adche im Streit\u00adfall. Diese struk\u00adtu\u00adrier\u00adte Konflikt\u00adl\u00f6\u00adsung ist kosten\u00adg\u00fcns\u00adti\u00adger als jeder Rechtsstreit.&nbsp;<\/p>\n\n<\/div>\n<\/div>\n<\/div>\n<\/div>","protected":false},"excerpt":{"rendered":"<p>Bei \u00fcber 80% (!) der gescheiterten \u00dcbergaben lassen sich ungekl\u00e4rte emotionale Gr\u00fcnde finden. Das kann doch keinen Familienunternehmen kalt lassen!Aber [&hellip;]<\/p>\n","protected":false},"author":33,"featured_media":7164,"comment_status":"closed","ping_status":"closed","sticky":false,"template":"","format":"standard","meta":{"wp_typography_post_enhancements_disabled":false,"_kad_blocks_custom_css":"","_kad_blocks_head_custom_js":"","_kad_blocks_body_custom_js":"","_kad_blocks_footer_custom_js":"","site-sidebar-layout":"default","site-content-layout":"default","ast-site-content-layout":"default","site-content-style":"default","site-sidebar-style":"default","ast-global-header-display":"","ast-banner-title-visibility":"","ast-main-header-display":"","ast-hfb-above-header-display":"","ast-hfb-below-header-display":"","ast-hfb-mobile-header-display":"","site-post-title":"","ast-breadcrumbs-content":"","ast-featured-img":"","footer-sml-layout":"","ast-disable-related-posts":"","theme-transparent-header-meta":"default","adv-header-id-meta":"","stick-header-meta":"default","header-above-stick-meta":"","header-main-stick-meta":"","header-below-stick-meta":"","astra-migrate-meta-layouts":"default","ast-page-background-enabled":"default","ast-page-background-meta":{"desktop":{"background-color":"","background-image":"","background-repeat":"repeat","background-position":"center center","background-size":"auto","background-attachment":"scroll","background-type":"","background-media":"","overlay-type":"","overlay-color":"","overlay-opacity":"","overlay-gradient":""},"tablet":{"background-color":"","background-image":"","background-repeat":"repeat","background-position":"center center","background-size":"auto","background-attachment":"scroll","background-type":"","background-media":"","overlay-type":"","overlay-color":"","overlay-opacity":"","overlay-gradient":""},"mobile":{"background-color":"","background-image":"","background-repeat":"repeat","background-position":"center center","background-size":"auto","background-attachment":"scroll","background-type":"","background-media":"","overlay-type":"","overlay-color":"","overlay-opacity":"","overlay-gradient":""}},"ast-content-background-meta":{"desktop":{"background-color":"var(--ast-global-color-5)","background-image":"","background-repeat":"repeat","background-position":"center center","background-size":"auto","background-attachment":"scroll","background-type":"","background-media":"","overlay-type":"","overlay-color":"","overlay-opacity":"","overlay-gradient":""},"tablet":{"background-color":"var(--ast-global-color-5)","background-image":"","background-repeat":"repeat","background-position":"center center","background-size":"auto","background-attachment":"scroll","background-type":"","background-media":"","overlay-type":"","overlay-color":"","overlay-opacity":"","overlay-gradient":""},"mobile":{"background-color":"var(--ast-global-color-5)","background-image":"","background-repeat":"repeat","background-position":"center center","background-size":"auto","background-attachment":"scroll","background-type":"","background-media":"","overlay-type":"","overlay-color":"","overlay-opacity":"","overlay-gradient":""}},"iawp_total_views":0,"footnotes":""},"categories":[1],"tags":[3951,195,217,833,198],"class_list":["post-7162","post","type-post","status-publish","format-standard","has-post-thumbnail","hentry","category-unternehmensnachfolge-2","tag-cta-webinar-unternehmensverkauf","tag-familienunternehmen","tag-generationswechsel-in-der-familie","tag-mediation-konfliktloesung","tag-unternehmensnachfolge"],"taxonomy_info":{"category":[{"value":1,"label":"Unternehmensnachfolge"}],"post_tag":[{"value":3951,"label":"CTA: Webinar Unternehmensverkauf"},{"value":195,"label":"Familienunternehmen"},{"value":217,"label":"Generationswechsel in der Familie"},{"value":833,"label":"Mediation &amp; Konfliktl\u00f6sung"},{"value":198,"label":"Unternehmensnachfolge"}]},"featured_image_src_large":["https:\/\/www.kern-unternehmensnachfolge.com\/wp-content\/uploads\/2019\/07\/customer-563967_1920-1024x662.jpg",1024,662,true],"author_info":{"display_name":"Michael Feier","author_link":"https:\/\/www.kern-unternehmensnachfolge.com\/it\/author\/michael-feier\/"},"comment_info":0,"category_info":[{"term_id":1,"name":"Unternehmensnachfolge","slug":"unternehmensnachfolge-2","term_group":0,"term_taxonomy_id":1,"taxonomy":"category","description":"","parent":0,"count":280,"filter":"raw","cat_ID":1,"category_count":280,"category_description":"","cat_name":"Unternehmensnachfolge","category_nicename":"unternehmensnachfolge-2","category_parent":0}],"tag_info":[{"term_id":3951,"name":"CTA: Webinar Unternehmensverkauf","slug":"cta-webinar-unternehmensverkauf","term_group":0,"term_taxonomy_id":3951,"taxonomy":"post_tag","description":"","parent":0,"count":123,"filter":"raw"},{"term_id":195,"name":"Familienunternehmen","slug":"familienunternehmen","term_group":0,"term_taxonomy_id":195,"taxonomy":"post_tag","description":"","parent":0,"count":103,"filter":"raw"},{"term_id":217,"name":"Generationswechsel in der Familie","slug":"generationswechsel-in-der-familie","term_group":0,"term_taxonomy_id":217,"taxonomy":"post_tag","description":"","parent":0,"count":55,"filter":"raw"},{"term_id":833,"name":"Mediation &amp; Konfliktl\u00f6sung","slug":"mediation-konfliktloesung","term_group":0,"term_taxonomy_id":833,"taxonomy":"post_tag","description":"","parent":0,"count":18,"filter":"raw"},{"term_id":198,"name":"Unternehmensnachfolge","slug":"unternehmensnachfolge","term_group":0,"term_taxonomy_id":198,"taxonomy":"post_tag","description":"","parent":0,"count":189,"filter":"raw"}],"_links":{"self":[{"href":"https:\/\/www.kern-unternehmensnachfolge.com\/it\/wp-json\/wp\/v2\/posts\/7162","targetHints":{"allow":["GET"]}}],"collection":[{"href":"https:\/\/www.kern-unternehmensnachfolge.com\/it\/wp-json\/wp\/v2\/posts"}],"about":[{"href":"https:\/\/www.kern-unternehmensnachfolge.com\/it\/wp-json\/wp\/v2\/types\/post"}],"author":[{"embeddable":true,"href":"https:\/\/www.kern-unternehmensnachfolge.com\/it\/wp-json\/wp\/v2\/users\/33"}],"replies":[{"embeddable":true,"href":"https:\/\/www.kern-unternehmensnachfolge.com\/it\/wp-json\/wp\/v2\/comments?post=7162"}],"version-history":[{"count":0,"href":"https:\/\/www.kern-unternehmensnachfolge.com\/it\/wp-json\/wp\/v2\/posts\/7162\/revisions"}],"wp:featuredmedia":[{"embeddable":true,"href":"https:\/\/www.kern-unternehmensnachfolge.com\/it\/wp-json\/wp\/v2\/media\/7164"}],"wp:attachment":[{"href":"https:\/\/www.kern-unternehmensnachfolge.com\/it\/wp-json\/wp\/v2\/media?parent=7162"}],"wp:term":[{"taxonomy":"category","embeddable":true,"href":"https:\/\/www.kern-unternehmensnachfolge.com\/it\/wp-json\/wp\/v2\/categories?post=7162"},{"taxonomy":"post_tag","embeddable":true,"href":"https:\/\/www.kern-unternehmensnachfolge.com\/it\/wp-json\/wp\/v2\/tags?post=7162"}],"curies":[{"name":"wp","href":"https:\/\/api.w.org\/{rel}","templated":true}]}}