{"id":36375,"date":"2026-03-06T16:27:01","date_gmt":"2026-03-06T15:27:01","guid":{"rendered":"https:\/\/www.kern-unternehmensnachfolge.com\/?p=36375"},"modified":"2026-04-20T12:25:44","modified_gmt":"2026-04-20T10:25:44","slug":"polen-vom-investitionsstandort-zum-globalen-investor-deutschland-und-die-schweiz","status":"publish","type":"post","link":"https:\/\/www.kern-unternehmensnachfolge.com\/it\/polen-vom-investitionsstandort-zum-globalen-investor-deutschland-und-die-schweiz\/","title":{"rendered":"Polen \u2013 Vom Inves\u00adti\u00adti\u00adons\u00adstand\u00adort zum globa\u00adlen Inves\u00adtor: Deutsch\u00adland und die Schweiz"},"content":{"rendered":"<ul>\n<li><span style>Veran\u00adstal\u00adtung&nbsp;<\/span><\/li>\n<li><span style>06.05.2026<\/span><\/li>\n<li><span style>9.30 \u2013 14.00&nbsp;Uhr<\/span><\/li>\n<li><span style>Veran\u00adstal\u00adtungs\u00adort: Urz\u0105d Miasta Pozna\u0144, ul. Za bramka 1&nbsp;<\/span><\/li>\n<\/ul>\n<h3>Veran\u00adstal\u00adtungs\u00adde\u00adtails&nbsp;&nbsp;<\/h3>\n<p><strong>Programm (vorl\u00e4u\u00adfig)<\/strong><\/p>\n<ul>\n<li><strong>9:30\u201310:00 Uhr | Regis\u00adtrie\u00adrung und Begr\u00fc\u00dfungskaffee<\/strong>\n<\/li>\n<li><strong>10:00 Uhr | Begr\u00fc\u00ad\u00dfung <\/strong><br><strong>Marcin Kr\u00f3l<\/strong> , Leiter der Wirtschafts\u00adab\u00adtei\u00adlung, Botschaft der Republik Polen in Berlin<br><strong> Agnieszka Szweda<\/strong>, Exper\u00adtin, Inves\u00adti\u00adti\u00adons\u00adab\u00adtei\u00adlung der Polni\u00adschen Agentur f\u00fcr Inves\u00adti\u00adtio\u00adnen und Handel (<span class=\"caps\">PAIH<\/span>).<\/li>\n<li><strong>10:05\u201310:45 Uhr |&nbsp; <\/strong><strong>Einf\u00fch\u00adrung <\/strong>&nbsp;<br><strong>\u0141ukasz Chraba\u0144\u00adski<\/strong> , Leiter <span class=\"caps\">ZBH<\/span> Frank\u00adfurt:&nbsp; M<span class=\"amp\">&amp;<\/span>A in Deutsch\u00adland \u2013 Markt\u00adland\u00adschaft, inter\u00ades\u00adsan\u00adte M<span class=\"amp\">&amp;<\/span>A-Projekte Aktuel\u00adle Trans\u00adak\u00adti\u00adons\u00adtrends in Deutsch\u00adland <br><strong>Podiums\u00addis\u00adkus\u00adsi\u00adon<\/strong> : Akqui\u00adsi\u00adti\u00adon als&nbsp; Wachs\u00adtums\u00adstra\u00adte\u00adgie <br><strong>Teilneh\u00admer:<\/strong><br> Remigi\u00adu\u00adsz Morawi\u00adecki, M<span class=\"amp\">&amp;<\/span>A-Direktor, Spyro\u00adsoft<br>Igor Stenzel, Partner, <span class=\"caps\">CMS<\/span><br>Grzegorz Hojna\u00adcki, <span class=\"caps\">CEO<\/span>, <span class=\"caps\">PESA<\/span> (<span class=\"caps\">TBC<\/span>)<br> <span class=\"caps\">BGK-<\/span> Vertreter&nbsp;<\/li>\n<li><strong>10:45 \u2013 11:15 \u2013 Wie man ein \u00dcbernah\u00adme\u00adziel in Deutsch\u00adland findet <\/strong><br><strong>Dr. Peter S\u0142awek<\/strong> , Partner <span class=\"amp\">&amp;<\/span> stell\u00adver\u00adtre\u00adten\u00adder Vorsit\u00adzen\u00adder des Beirats der KERN-System GmbH:&nbsp; Wie der Sourcing-Prozess in Deutsch\u00adland&nbsp; Sieht aus |&nbsp; Zeitplan: Vom Erstkon\u00adtakt bis zum&nbsp; Vertrags\u00adab\u00adschluss <br><strong>Urszu\u00adla W\u00f6ltjen<\/strong> , Invest\u00adment\u00adma\u00adna\u00adge\u00adrin, Invest Region Leipzig :&nbsp;Die Rolle lokaler Wirtschafts\u00adver\u00adb\u00e4n\u00adde<br><strong>Oliver Burrak<\/strong>, Repr\u00e4\u00adsen\u00adtant Polen, <span class=\"caps\">NRW<\/span>.Global Business Poland:&nbsp;Zugang zum deutschen Markt als Wettbewerbsvorteil<\/li>\n<li><strong>11:15 \u2013 11:30 | Kaffee\u00adpau\u00adse <span class=\"amp\">&amp;<\/span> <\/strong><strong>Netzwer\u00adke<\/strong>\n<\/li>\n<li><strong>11:30 \u2013 11:45 | M<span class=\"amp\">&amp;<\/span>A in der Schweiz \u2013 Markt\u00adland\u00adschaft, inter\u00ades\u00adsan\u00adtes\u00adte Projek\u00adte <\/strong><br><strong>Dr. Katha\u00adri\u00adna Lasota Heller,<\/strong> Gr\u00fcnde\u00adrin <span class=\"amp\">&amp;<\/span> Partne\u00adrin, Lexcel\u00adlence, Schweiz&nbsp;<\/li>\n<li><strong>11:45 \u2013 12:00 | Wie finan\u00adziert man eine Akqui\u00adsi\u00adti\u00adon in Deutsch\u00adland?<\/strong><br><strong> Piotr Pomian Kruszy\u0144\u00adski<\/strong>, <span class=\"caps\">BGK<\/span>: BGK-Instru\u00admen\u00adte f\u00fcr ausl\u00e4n\u00addi\u00adsche Akqui\u00adsi\u00adtio\u00adnen<br> Wojciech Jab\u0142o\u0144\u00adski, PFR-Fonds: F\u00f6rderinstrumente&nbsp;<\/li>\n<li><strong>Frage\u00adrun\u00adde | Fragen der Teilneh\u00admen\u00adden und&nbsp; <\/strong><strong>Netzwer\u00adken<\/strong>\n<\/li>\n<li><strong>13:00 Uhr | Abschlussveranstaltung<\/strong><\/li>\n<\/ul>\n<p>Mehr <a href=\"https:\/\/www.paih.gov.pl\/events\/polska-od-destynacji-inwestycyjnej-do-globalnego-inwestora-niemcy-i-szwajcaria\/#:~:text=Polska%20Agencja%20Inwestycji%20i%20Handlu%20zaprasza%20na%20%C5%9Bniadanie%20biznesowe%20po%C5%9Bwi%C4%99cone,w%20Poznaniu.\" target=\"_blank\" rel=\"noopener\">Infor\u00adma\u00adtio\u00adnen und Anmel\u00addung<\/a> bis 29.04.2026<a href=\"https:\/\/www.paih.gov.pl\/events\/polska-od-destynacji-inwestycyjnej-do-globalnego-inwestora-niemcy-i-szwajcaria\/#:~:text=Polska%20Agencja%20Inwestycji%20i%20Handlu%20zaprasza%20na%20%C5%9Bniadanie%20biznesowe%20po%C5%9Bwi%C4%99cone,w%20Poznaniu.\" target=\"_blank\" style=\"outline: none;\" rel=\"noopener\"><\/a>.<\/p>\n<p>Adres\u00adse: Urz\u0105d Miasta Pozna\u0144, ul. Za bramka 1<\/p>\n<p><strong>Eine Veran\u00adstal\u00adtung der Polish Invest\u00adment <span class=\"amp\">&amp;<\/span> Trade Agency \u2013 <span class=\"caps\">PFR<\/span>&nbsp;Group<\/strong><\/p>\n<p>Firmen\u00adbe\u00adtei\u00adli\u00adgung kaufenVeranstaltungen<\/p>\n<h3>Referen\u00adten:<\/h3>\n<p>ua Dr. Peter S\u0142awek, KERN-Stand\u00adort&nbsp;Essen<\/p>\n<p><\/p>","protected":false},"excerpt":{"rendered":"<p>Veranstaltung&nbsp; 06.05.2026 9.30 &#8211; 14.00 Uhr Veranstaltungsort: Urz\u0105d Miasta Pozna\u0144, ul. Za bramka 1&nbsp; Veranstaltungsdetails&nbsp;&nbsp; Programm (vorl\u00e4ufig) 9:30\u201310:00 Uhr | [&hellip;]<\/p>\n","protected":false},"author":93,"featured_media":36376,"comment_status":"closed","ping_status":"closed","sticky":false,"template":"","format":"image","meta":{"wp_typography_post_enhancements_disabled":false,"_kad_blocks_custom_css":"","_kad_blocks_head_custom_js":"","_kad_blocks_body_custom_js":"","_kad_blocks_footer_custom_js":"","site-sidebar-layout":"right-sidebar","site-content-layout":"boxed-container","ast-site-content-layout":"normal-width-container","site-content-style":"boxed","site-sidebar-style":"boxed","ast-global-header-display":"","ast-banner-title-visibility":"","ast-main-header-display":"","ast-hfb-above-header-display":"","ast-hfb-below-header-display":"","ast-hfb-mobile-header-display":"","site-post-title":"","ast-breadcrumbs-content":"","ast-featured-img":"","footer-sml-layout":"","ast-disable-related-posts":"","theme-transparent-header-meta":"default","adv-header-id-meta":"","stick-header-meta":"default","header-above-stick-meta":"","header-main-stick-meta":"","header-below-stick-meta":"","astra-migrate-meta-layouts":"set","ast-page-background-enabled":"default","ast-page-background-meta":{"desktop":{"background-color":"","background-image":"","background-repeat":"repeat","background-position":"center center","background-size":"auto","background-attachment":"scroll","background-type":"","background-media":"","overlay-type":"","overlay-color":"","overlay-opacity":"","overlay-gradient":""},"tablet":{"background-color":"","background-image":"","background-repeat":"repeat","background-position":"center center","background-size":"auto","background-attachment":"scroll","background-type":"","background-media":"","overlay-type":"","overlay-color":"","overlay-opacity":"","overlay-gradient":""},"mobile":{"background-color":"","background-image":"","background-repeat":"repeat","background-position":"center center","background-size":"auto","background-attachment":"scroll","background-type":"","background-media":"","overlay-type":"","overlay-color":"","overlay-opacity":"","overlay-gradient":""}},"ast-content-background-meta":{"desktop":{"background-color":"var(--ast-global-color-5)","background-image":"","background-repeat":"repeat","background-position":"center center","background-size":"auto","background-attachment":"scroll","background-type":"","background-media":"","overlay-type":"","overlay-color":"","overlay-opacity":"","overlay-gradient":""},"tablet":{"background-color":"var(--ast-global-color-5)","background-image":"","background-repeat":"repeat","background-position":"center center","background-size":"auto","background-attachment":"scroll","background-type":"","background-media":"","overlay-type":"","overlay-color":"","overlay-opacity":"","overlay-gradient":""},"mobile":{"background-color":"var(--ast-global-color-5)","background-image":"","background-repeat":"repeat","background-position":"center center","background-size":"auto","background-attachment":"scroll","background-type":"","background-media":"","overlay-type":"","overlay-color":"","overlay-opacity":"","overlay-gradient":""}},"iawp_total_views":7,"footnotes":""},"categories":[5742],"tags":[5879],"class_list":["post-36375","post","type-post","status-publish","format-image","has-post-thumbnail","hentry","category-events","tag-06-05-2026-9-30-14-00-uhr-poznan","post_format-post-format-image"],"taxonomy_info":{"category":[{"value":5742,"label":"Events"}],"post_tag":[{"value":5879,"label":"06.05.2026 | 9.30 - 14.00 Uhr | Pozna\u0144"}]},"featured_image_src_large":["https:\/\/www.kern-unternehmensnachfolge.com\/wp-content\/uploads\/2026\/03\/shutterstock_1382853461-scaled.jpg",2560,1334,false],"author_info":{"display_name":"Anne-Kathrin Kaiser","author_link":"https:\/\/www.kern-unternehmensnachfolge.com\/it\/author\/anne-kathrin-kaiser\/"},"comment_info":0,"category_info":[{"term_id":5742,"name":"Events","slug":"events","term_group":0,"term_taxonomy_id":5742,"taxonomy":"category","description":"","parent":0,"count":1,"filter":"raw","cat_ID":5742,"category_count":1,"category_description":"","cat_name":"Events","category_nicename":"events","category_parent":0}],"tag_info":[{"term_id":5879,"name":"06.05.2026 | 9.30 - 14.00 Uhr | Pozna\u0144","slug":"06-05-2026-9-30-14-00-uhr-poznan","term_group":0,"term_taxonomy_id":5879,"taxonomy":"post_tag","description":"","parent":0,"count":1,"filter":"raw"}],"_links":{"self":[{"href":"https:\/\/www.kern-unternehmensnachfolge.com\/it\/wp-json\/wp\/v2\/posts\/36375","targetHints":{"allow":["GET"]}}],"collection":[{"href":"https:\/\/www.kern-unternehmensnachfolge.com\/it\/wp-json\/wp\/v2\/posts"}],"about":[{"href":"https:\/\/www.kern-unternehmensnachfolge.com\/it\/wp-json\/wp\/v2\/types\/post"}],"author":[{"embeddable":true,"href":"https:\/\/www.kern-unternehmensnachfolge.com\/it\/wp-json\/wp\/v2\/users\/93"}],"replies":[{"embeddable":true,"href":"https:\/\/www.kern-unternehmensnachfolge.com\/it\/wp-json\/wp\/v2\/comments?post=36375"}],"version-history":[{"count":1,"href":"https:\/\/www.kern-unternehmensnachfolge.com\/it\/wp-json\/wp\/v2\/posts\/36375\/revisions"}],"predecessor-version":[{"id":36933,"href":"https:\/\/www.kern-unternehmensnachfolge.com\/it\/wp-json\/wp\/v2\/posts\/36375\/revisions\/36933"}],"wp:featuredmedia":[{"embeddable":true,"href":"https:\/\/www.kern-unternehmensnachfolge.com\/it\/wp-json\/wp\/v2\/media\/36376"}],"wp:attachment":[{"href":"https:\/\/www.kern-unternehmensnachfolge.com\/it\/wp-json\/wp\/v2\/media?parent=36375"}],"wp:term":[{"taxonomy":"category","embeddable":true,"href":"https:\/\/www.kern-unternehmensnachfolge.com\/it\/wp-json\/wp\/v2\/categories?post=36375"},{"taxonomy":"post_tag","embeddable":true,"href":"https:\/\/www.kern-unternehmensnachfolge.com\/it\/wp-json\/wp\/v2\/tags?post=36375"}],"curies":[{"name":"wp","href":"https:\/\/api.w.org\/{rel}","templated":true}]}}