{"id":9151,"date":"2020-03-26T13:01:03","date_gmt":"2020-03-26T12:01:03","guid":{"rendered":"https:\/\/great-kare.185-125-174-66.plesk.page\/?p=9151"},"modified":"2021-10-01T11:48:21","modified_gmt":"2021-10-01T09:48:21","slug":"entrepreneur-edition-03-2020-securing-the-future-of-the-companywith-management-buy-out-mbo-2","status":"publish","type":"post","link":"https:\/\/www.kern-unternehmensnachfolge.com\/hu\/unternehmer-edition-03-2020-die-unternehmenszukunft-sichern-mit-dem-management-buy-out-mbo\/","title":{"rendered":"Unter\u00adneh\u00admer Editi\u00adon 03\/2020 \u2013 Die Unter\u00adneh\u00admens\u00adzu\u00adkunft sichern mit dem Manage\u00adment Buy-out (<span class=\"caps\">MBO<\/span>)"},"content":{"rendered":"<p>Seit 2009\/10 hat sich das Gef\u00fcge am Nachfol\u00adge\u00admarkt ins Gegen\u00adteil verkehrt: Nicht mehr Unter\u00adneh\u00admen sind rar, sondern die Inter\u00ades\u00adsen\u00adten haben sich deutlich verknappt. Unter\u00adneh\u00admens\u00adin\u00adha\u00adbern werden ihre Lebens\u00adwer\u00adke nicht mehr aus der Hand geris\u00adsen und sie m\u00fcssen sich bem\u00fchen, den richti\u00adgen Nachfol\u00adger zu finden. Da darf der Blick in die eigene Beleg\u00adschaft nicht fehlen \u2013 denn wer kennt den wahren Wert eines Unter\u00adneh\u00admens besser als ein langj\u00e4h\u00adrig engagier\u00adter und in zahlrei\u00adche Details einge\u00adbun\u00adde\u00adner Mitar\u00adbei\u00adter mit F\u00fchrungs\u00ader\u00adfah\u00adrung? Gehen die Unter\u00adneh\u00admens\u00adan\u00adtei\u00adle an einen solchen \u00fcber, spricht man von einem Manage\u00adment Buy-out, kurz:&nbsp;<span class=\"caps\">MBO<\/span>.<\/p>\n\n\n\n<p><a href=\"https:\/\/www.kern-unternehmensnachfolge.com\/wp-content\/uploads\/2020\/03\/Unternehmeredition-MBO-2020.pdf\" target=\"_blank\" rel=\"noreferrer noopener\" aria-label=\"Kattintson ide a cikk\u00e9rt! (\u00faj lapon ny\u00edlik meg)\">Kattint\u00adson ide a cikk\u00e9rt!<\/a><\/p>\n\n\n\n<p>Szerz\u0151k: <a href=\"https:\/\/www.kern-unternehmensnachfolge.com\/hu\/partner-a-helyszinen\/muenchen-habermann\/\" target=\"_blank\" rel=\"noreferrer noopener\" aria-label=\"Holger Habermann (\u00faj lapon ny\u00edlik meg)\">Holger Haber\u00admann<\/a>, <a href=\"https:\/\/www.kern-unternehmensnachfolge.com\/hu\/partner-a-helyszinen\/muenchen-greppmair\/\" target=\"_blank\" rel=\"noreferrer noopener\" aria-label=\"Roland Greppmair (\u00faj lapon ny\u00edlik meg)\">Roland Grepp\u00admair <\/a>\u00e9s <a href=\"https:\/\/www.kern-unternehmensnachfolge.com\/hu\/partner-a-helyszinen\/wuerzburg-buerger\/\" target=\"_blank\" rel=\"noreferrer noopener\" aria-label=\"Wolfgang B\u00fcrger (\u00faj lapon ny\u00edlik meg)\">Wolfgang B\u00fcrger<\/a> <\/p>\n\n\n\n<p>K\u00e9p: Fotolia.de <\/p>","protected":false},"excerpt":{"rendered":"<p>Seit 2009\/10 hat sich das Gef\u00fcge am Nachfolgemarkt ins Gegenteil verkehrt: Nicht mehr Unternehmen sind rar, sondern die Interessenten haben [&hellip;]<\/p>\n","protected":false},"author":28,"featured_media":9154,"comment_status":"closed","ping_status":"closed","sticky":false,"template":"","format":"standard","meta":{"wp_typography_post_enhancements_disabled":false,"_kad_blocks_custom_css":"","_kad_blocks_head_custom_js":"","_kad_blocks_body_custom_js":"","_kad_blocks_footer_custom_js":"","site-sidebar-layout":"default","site-content-layout":"default","ast-site-content-layout":"default","site-content-style":"default","site-sidebar-style":"default","ast-global-header-display":"","ast-banner-title-visibility":"","ast-main-header-display":"","ast-hfb-above-header-display":"","ast-hfb-below-header-display":"","ast-hfb-mobile-header-display":"","site-post-title":"","ast-breadcrumbs-content":"","ast-featured-img":"","footer-sml-layout":"","ast-disable-related-posts":"","theme-transparent-header-meta":"default","adv-header-id-meta":"","stick-header-meta":"default","header-above-stick-meta":"","header-main-stick-meta":"","header-below-stick-meta":"","astra-migrate-meta-layouts":"default","ast-page-background-enabled":"default","ast-page-background-meta":{"desktop":{"background-color":"","background-image":"","background-repeat":"repeat","background-position":"center center","background-size":"auto","background-attachment":"scroll","background-type":"","background-media":"","overlay-type":"","overlay-color":"","overlay-opacity":"","overlay-gradient":""},"tablet":{"background-color":"","background-image":"","background-repeat":"repeat","background-position":"center center","background-size":"auto","background-attachment":"scroll","background-type":"","background-media":"","overlay-type":"","overlay-color":"","overlay-opacity":"","overlay-gradient":""},"mobile":{"background-color":"","background-image":"","background-repeat":"repeat","background-position":"center center","background-size":"auto","background-attachment":"scroll","background-type":"","background-media":"","overlay-type":"","overlay-color":"","overlay-opacity":"","overlay-gradient":""}},"ast-content-background-meta":{"desktop":{"background-color":"var(--ast-global-color-5)","background-image":"","background-repeat":"repeat","background-position":"center center","background-size":"auto","background-attachment":"scroll","background-type":"","background-media":"","overlay-type":"","overlay-color":"","overlay-opacity":"","overlay-gradient":""},"tablet":{"background-color":"var(--ast-global-color-5)","background-image":"","background-repeat":"repeat","background-position":"center center","background-size":"auto","background-attachment":"scroll","background-type":"","background-media":"","overlay-type":"","overlay-color":"","overlay-opacity":"","overlay-gradient":""},"mobile":{"background-color":"var(--ast-global-color-5)","background-image":"","background-repeat":"repeat","background-position":"center center","background-size":"auto","background-attachment":"scroll","background-type":"","background-media":"","overlay-type":"","overlay-color":"","overlay-opacity":"","overlay-gradient":""}},"iawp_total_views":0,"footnotes":""},"categories":[882],"tags":[3951,4964],"class_list":["post-9151","post","type-post","status-publish","format-standard","has-post-thumbnail","hentry","category-presse","tag-cta-webinar-unternehmensverkauf","tag-unternehmer-edition-03-2020"],"taxonomy_info":{"category":[{"value":882,"label":"Presse"}],"post_tag":[{"value":3951,"label":"CTA: Webinar Unternehmensverkauf"},{"value":4964,"label":"Unternehmer Edition 03\/2020"}]},"featured_image_src_large":["https:\/\/www.kern-unternehmensnachfolge.com\/wp-content\/uploads\/2020\/03\/MBO.jpg",426,282,false],"author_info":{"display_name":"Roland Greppmair","author_link":"https:\/\/www.kern-unternehmensnachfolge.com\/hu\/author\/greppmair\/"},"comment_info":0,"category_info":[{"term_id":882,"name":"Presse","slug":"presse","term_group":0,"term_taxonomy_id":882,"taxonomy":"category","description":"","parent":0,"count":150,"filter":"raw","cat_ID":882,"category_count":150,"category_description":"","cat_name":"Presse","category_nicename":"presse","category_parent":0}],"tag_info":[{"term_id":3951,"name":"CTA: Webinar Unternehmensverkauf","slug":"cta-webinar-unternehmensverkauf","term_group":0,"term_taxonomy_id":3951,"taxonomy":"post_tag","description":"","parent":0,"count":123,"filter":"raw"},{"term_id":4964,"name":"Unternehmer Edition 03\/2020","slug":"unternehmer-edition-03-2020","term_group":0,"term_taxonomy_id":4964,"taxonomy":"post_tag","description":"","parent":0,"count":1,"filter":"raw"}],"_links":{"self":[{"href":"https:\/\/www.kern-unternehmensnachfolge.com\/hu\/wp-json\/wp\/v2\/posts\/9151","targetHints":{"allow":["GET"]}}],"collection":[{"href":"https:\/\/www.kern-unternehmensnachfolge.com\/hu\/wp-json\/wp\/v2\/posts"}],"about":[{"href":"https:\/\/www.kern-unternehmensnachfolge.com\/hu\/wp-json\/wp\/v2\/types\/post"}],"author":[{"embeddable":true,"href":"https:\/\/www.kern-unternehmensnachfolge.com\/hu\/wp-json\/wp\/v2\/users\/28"}],"replies":[{"embeddable":true,"href":"https:\/\/www.kern-unternehmensnachfolge.com\/hu\/wp-json\/wp\/v2\/comments?post=9151"}],"version-history":[{"count":0,"href":"https:\/\/www.kern-unternehmensnachfolge.com\/hu\/wp-json\/wp\/v2\/posts\/9151\/revisions"}],"wp:featuredmedia":[{"embeddable":true,"href":"https:\/\/www.kern-unternehmensnachfolge.com\/hu\/wp-json\/wp\/v2\/media\/9154"}],"wp:attachment":[{"href":"https:\/\/www.kern-unternehmensnachfolge.com\/hu\/wp-json\/wp\/v2\/media?parent=9151"}],"wp:term":[{"taxonomy":"category","embeddable":true,"href":"https:\/\/www.kern-unternehmensnachfolge.com\/hu\/wp-json\/wp\/v2\/categories?post=9151"},{"taxonomy":"post_tag","embeddable":true,"href":"https:\/\/www.kern-unternehmensnachfolge.com\/hu\/wp-json\/wp\/v2\/tags?post=9151"}],"curies":[{"name":"wp","href":"https:\/\/api.w.org\/{rel}","templated":true}]}}