{"id":755,"date":"2018-06-14T11:31:00","date_gmt":"2018-06-14T09:31:00","guid":{"rendered":"https:\/\/great-kare.185-125-174-66.plesk.page\/?p=755"},"modified":"2021-09-30T10:30:32","modified_gmt":"2021-09-30T08:30:32","slug":"alapitvany-nem-volt-tema-atvetel-mar-2","status":"publish","type":"post","link":"https:\/\/www.kern-unternehmensnachfolge.com\/hu\/gruendung-war-kein-thema-uebernahme-schon-2\/","title":{"rendered":"\u201eGr\u00fcndung war kein Thema, \u00dcbernah\u00adme&nbsp;schon\u201c"},"content":{"rendered":"<p>Wenn der Chef ausf\u00e4llt, muss das Unter\u00adneh\u00admen weiter funktio\u00adnie\u00adren. Das geht nur mit Vollmach\u00adten, Passw\u00f6r\u00adtern und weite\u00adren wichti\u00adgen Dokumen\u00adten. &nbsp;Die <span class=\"caps\">IHK<\/span> bietet jetzt ein kosten\u00adlo\u00adses Online-Handbuch an, das Unter\u00adneh\u00admer in ihrer Notfall\u00advor\u00adsor\u00adge unterst\u00fctzt.<\/p>\n<p>Unf\u00e4l\u00adle oder Krank\u00adhei\u00adten k\u00f6nnen jeden&nbsp;treffen. F\u00e4llt ein Unter\u00adneh\u00admer aus, k\u00f6nnte die Zukunft seiner Firma davon abh\u00e4n\u00adgen,&nbsp;dass er f\u00fcr den Fall der F\u00e4lle vorge\u00adsorgt&nbsp;und die richti\u00adgen Entschei\u00addun\u00adgen vorbe\u00adrei- tet hat. \u201eUm den Betrieb vor unn\u00f6ti\u00adgem Schaden zu bewah\u00adren, sollte jeder einen&nbsp;\u201eNotfall\u00adkof\u00adfer\u201c haben, der zum Beispiel mit Vollmach\u00adten, einem Vertre\u00adtungs\u00adplan &nbsp;und einer Dokumen\u00adten\u00admap\u00adpe &nbsp;mit Bankver\u00adbin- dungen, Passw\u00f6r\u00adtern und einem Testa\u00adment gepackt ist\u201c, so Thomas Reyl, Leiter des&nbsp;IHK-Gesch\u00e4fts\u00adbe\u00adreichs Existenz\u00adgr\u00fcn\u00addung und Unter\u00adneh\u00admens\u00adf\u00f6r\u00adde\u00adrung der <span class=\"caps\">IHK<\/span> in Osnabr\u00fcck. Das Notfall-Handbuch &nbsp;enth\u00e4lt sollten in schrift\u00adli\u00adcher Form hinter\u00adlegt sein, damit das Unter\u00adneh\u00admen auch bei einem Ausfall des Chefs weiter\u00adhin funkti\u00adons\u00adf\u00e4\u00adhig ist?\u201c zu geben. Notfall\u00advor\u00adsor\u00adge zur Siche- rung der Gesch\u00e4fts\u00adf\u00e4\u00adhig\u00adkeit des Betrie\u00adbes sollte keine Frage des Alters sein. \u201eMit dem neuen Handbuch bietet unsere Indus\u00adtrie- und Handels\u00adkam\u00admer jedem Unter\u00adneh\u00admer einen roten Faden f\u00fcr die Notfall\u00advor\u00adsor\u00adge an\u201c, betont Reyl. (k\u00e4)<\/p>\n<h4>Tippek a tov\u00e1b\u00adbi olvas\u00e1shoz:<\/h4>\n<p><a href=\"https:\/\/www.kern-unternehmensnachfolge.com\/hu\/a-veszhelyzeti-csomag-elso-fontos-tartalma-2\/\">A v\u00e9szc\u00adso\u00admag \u00f6t legfon\u00adtosabb tartalma<\/a><\/p>\n<p><a href=\"https:\/\/www.kern-unternehmensnachfolge.com\/hu\/a-vallalkozoi-tanusitvany-az-kulcs-dokumentum-a-veszhelyzet-uegy-2\/\">Das Unter\u00adneh\u00admer\u00adte\u00ads\u00adta\u00adment als Schl\u00fcs\u00adsel\u00addo\u00adku\u00adment des Notfallkoffers<\/a><\/p>\n<p><a href=\"https:\/\/www.kern-unternehmensnachfolge.com\/hu\/a-veszhelyzeti-tokkal-biztonsagban-a-valsagban-2\/\">Biztons\u00e1g\u00adban a v\u00e1ls\u00e1g\u00adhe\u00adly\u00adzet\u00adben a v\u00e9szhe\u00adly\u00adze\u00adti k\u00e9szlettel<\/a><\/p>\n<p><a href=\"https:\/\/www.kern-unternehmensnachfolge.com\/hu\/choice-optimal-successor-model\/\">Az optim\u00e1\u00adlis ut\u00f3dmo\u00addell kiv\u00e1laszt\u00e1sa<\/a><\/p>\n<p><a href=\"https:\/\/www.kern-unternehmensnachfolge.com\/hu\/wertvolle-learnings-von-unternehmerinnen-im-nachfolgeprozess-teilen\/\">Az ut\u00f3dl\u00e1\u00adsi folyamat sor\u00e1n a n\u0151i v\u00e1llal\u00adko\u00adz\u00f3k\u00adt\u00f3l sz\u00e1rma\u00adz\u00f3 \u00e9rt\u00e9kes tanuls\u00e1\u00adgok megoszt\u00e1sa<\/a><\/p>","protected":false},"excerpt":{"rendered":"<p>Wenn der Chef ausf\u00e4llt, muss das Unternehmen weiter funktionieren. Das geht nur mit Vollmachten, Passw\u00f6rtern und weiteren wichtigen Dokumenten. \u00a0Die [&hellip;]<\/p>\n","protected":false},"author":7,"featured_media":1421,"comment_status":"closed","ping_status":"closed","sticky":false,"template":"","format":"standard","meta":{"wp_typography_post_enhancements_disabled":false,"_kad_blocks_custom_css":"","_kad_blocks_head_custom_js":"","_kad_blocks_body_custom_js":"","_kad_blocks_footer_custom_js":"","site-sidebar-layout":"default","site-content-layout":"default","ast-site-content-layout":"default","site-content-style":"default","site-sidebar-style":"default","ast-global-header-display":"","ast-banner-title-visibility":"","ast-main-header-display":"","ast-hfb-above-header-display":"","ast-hfb-below-header-display":"","ast-hfb-mobile-header-display":"","site-post-title":"","ast-breadcrumbs-content":"","ast-featured-img":"","footer-sml-layout":"","ast-disable-related-posts":"","theme-transparent-header-meta":"default","adv-header-id-meta":"","stick-header-meta":"default","header-above-stick-meta":"","header-main-stick-meta":"","header-below-stick-meta":"","astra-migrate-meta-layouts":"default","ast-page-background-enabled":"default","ast-page-background-meta":{"desktop":{"background-color":"","background-image":"","background-repeat":"repeat","background-position":"center center","background-size":"auto","background-attachment":"scroll","background-type":"","background-media":"","overlay-type":"","overlay-color":"","overlay-opacity":"","overlay-gradient":""},"tablet":{"background-color":"","background-image":"","background-repeat":"repeat","background-position":"center center","background-size":"auto","background-attachment":"scroll","background-type":"","background-media":"","overlay-type":"","overlay-color":"","overlay-opacity":"","overlay-gradient":""},"mobile":{"background-color":"","background-image":"","background-repeat":"repeat","background-position":"center center","background-size":"auto","background-attachment":"scroll","background-type":"","background-media":"","overlay-type":"","overlay-color":"","overlay-opacity":"","overlay-gradient":""}},"ast-content-background-meta":{"desktop":{"background-color":"var(--ast-global-color-5)","background-image":"","background-repeat":"repeat","background-position":"center center","background-size":"auto","background-attachment":"scroll","background-type":"","background-media":"","overlay-type":"","overlay-color":"","overlay-opacity":"","overlay-gradient":""},"tablet":{"background-color":"var(--ast-global-color-5)","background-image":"","background-repeat":"repeat","background-position":"center center","background-size":"auto","background-attachment":"scroll","background-type":"","background-media":"","overlay-type":"","overlay-color":"","overlay-opacity":"","overlay-gradient":""},"mobile":{"background-color":"var(--ast-global-color-5)","background-image":"","background-repeat":"repeat","background-position":"center center","background-size":"auto","background-attachment":"scroll","background-type":"","background-media":"","overlay-type":"","overlay-color":"","overlay-opacity":"","overlay-gradient":""}},"iawp_total_views":2,"footnotes":""},"categories":[1,6],"tags":[3952],"class_list":["post-755","post","type-post","status-publish","format-standard","has-post-thumbnail","hentry","category-unternehmensnachfolge-2","category-unternehmenskauf","tag-cta-webinar-unternehmenskauf"],"taxonomy_info":{"category":[{"value":1,"label":"Unternehmensnachfolge"},{"value":6,"label":"Unternehmenskauf"}],"post_tag":[{"value":3952,"label":"CTA: Webinar Unternehmenskauf"}]},"featured_image_src_large":["https:\/\/www.kern-unternehmensnachfolge.com\/wp-content\/uploads\/2018\/06\/notfallkoffer-unternehmensverkauf-1024x576.jpg",1024,576,true],"author_info":{"display_name":"Redaktion","author_link":"https:\/\/www.kern-unternehmensnachfolge.com\/hu\/author\/redaktion\/"},"comment_info":0,"category_info":[{"term_id":1,"name":"Unternehmensnachfolge","slug":"unternehmensnachfolge-2","term_group":0,"term_taxonomy_id":1,"taxonomy":"category","description":"","parent":0,"count":280,"filter":"raw","cat_ID":1,"category_count":280,"category_description":"","cat_name":"Unternehmensnachfolge","category_nicename":"unternehmensnachfolge-2","category_parent":0},{"term_id":6,"name":"Unternehmenskauf","slug":"unternehmenskauf","term_group":0,"term_taxonomy_id":6,"taxonomy":"category","description":"","parent":0,"count":28,"filter":"raw","cat_ID":6,"category_count":28,"category_description":"","cat_name":"Unternehmenskauf","category_nicename":"unternehmenskauf","category_parent":0}],"tag_info":[{"term_id":3952,"name":"CTA: Webinar Unternehmenskauf","slug":"cta-webinar-unternehmenskauf","term_group":0,"term_taxonomy_id":3952,"taxonomy":"post_tag","description":"","parent":0,"count":21,"filter":"raw"}],"_links":{"self":[{"href":"https:\/\/www.kern-unternehmensnachfolge.com\/hu\/wp-json\/wp\/v2\/posts\/755","targetHints":{"allow":["GET"]}}],"collection":[{"href":"https:\/\/www.kern-unternehmensnachfolge.com\/hu\/wp-json\/wp\/v2\/posts"}],"about":[{"href":"https:\/\/www.kern-unternehmensnachfolge.com\/hu\/wp-json\/wp\/v2\/types\/post"}],"author":[{"embeddable":true,"href":"https:\/\/www.kern-unternehmensnachfolge.com\/hu\/wp-json\/wp\/v2\/users\/7"}],"replies":[{"embeddable":true,"href":"https:\/\/www.kern-unternehmensnachfolge.com\/hu\/wp-json\/wp\/v2\/comments?post=755"}],"version-history":[{"count":0,"href":"https:\/\/www.kern-unternehmensnachfolge.com\/hu\/wp-json\/wp\/v2\/posts\/755\/revisions"}],"wp:featuredmedia":[{"embeddable":true,"href":"https:\/\/www.kern-unternehmensnachfolge.com\/hu\/wp-json\/wp\/v2\/media\/1421"}],"wp:attachment":[{"href":"https:\/\/www.kern-unternehmensnachfolge.com\/hu\/wp-json\/wp\/v2\/media?parent=755"}],"wp:term":[{"taxonomy":"category","embeddable":true,"href":"https:\/\/www.kern-unternehmensnachfolge.com\/hu\/wp-json\/wp\/v2\/categories?post=755"},{"taxonomy":"post_tag","embeddable":true,"href":"https:\/\/www.kern-unternehmensnachfolge.com\/hu\/wp-json\/wp\/v2\/tags?post=755"}],"curies":[{"name":"wp","href":"https:\/\/api.w.org\/{rel}","templated":true}]}}