{"id":29291,"date":"2023-10-30T15:07:24","date_gmt":"2023-10-30T14:07:24","guid":{"rendered":"https:\/\/kern-unternehmensnachfolge.com\/?p=29291"},"modified":"2026-02-27T12:40:32","modified_gmt":"2026-02-27T11:40:32","slug":"a-ceges-utodlas-5-lepesben-szabalyok-2","status":"publish","type":"post","link":"https:\/\/www.kern-unternehmensnachfolge.com\/hu\/unternehmensnachfolge\/","title":{"rendered":"V\u00e1llala\u00adti ut\u00f3dl\u00e1\u00adsi \u00fatmutat\u00f3"},"content":{"rendered":"<p>Das Thema Nachfol\u00adge\u00adpla\u00adnung ist ein wichti\u00adger Schritt, um die Konti\u00adnui\u00adt\u00e4t und den zuk\u00fcnf\u00adti\u00adgen Erfolg eines jeden Unter\u00adneh\u00admens zu gew\u00e4hr\u00adleis\u00adten. In diesem Artikel geben wir Ihnen einen <strong>umfas\u00adsen\u00adden \u00dcberblick \u00fcber alle wichti\u00adgen Infor\u00adma\u00adtio\u00adnen zur Siche\u00adrung einer erfolg\u00adrei\u00adchen Nachfol\u00adge\u00adl\u00f6\u00adsung f\u00fcr Ihr Unternehmen.<\/strong><\/p>\n\n\n\n<div style=\"height:30px\" aria-hidden=\"true\" class=\"wp-block-spacer\"><\/div>\n\n\n\n<h2 class=\"wp-block-heading\" id=\"h-lesen-sie-in-kurze\">Olvas\u00adsa el hamarosan<\/h2>\n\n\n\n<ul class=\"wp-block-list\">\n<li>A v\u00e1llal\u00adko\u00adz\u00f3\u00adknak figyel\u00adem\u00adbe kell venni\u00ad\u00fck a <strong>Nachfol\u00adge f\u00fcr ihr Lebens\u00adwerk bereits fr\u00fchzei\u00adtig planen<\/strong><\/li>\n\n\n\n<li>Der Unter\u00adneh\u00admens\u00adnach\u00adfol\u00adger kann aus der eigenen Familie stammen, aus dem Betrieb oder ein exter\u00adner K\u00e4ufer sein<\/li>\n\n\n\n<li>F\u00fcr eine erfolg\u00adrei\u00adche Umset\u00adzung sind <strong>gr\u00fcnd\u00adli\u00adche Vorbe\u00adrei\u00adtung sowie Aufbe\u00adrei\u00adtung der Dokumen\u00adte f\u00fcr den Firmen\u00ad\u00fcber\u00adtrag<\/strong> d\u00f6nt\u0151 fontoss\u00e1g\u00fa<\/li>\n\n\n\n<li>Finden Sie Inter\u00ades\u00adsen\u00adten f\u00fcr den Unter\u00adnehmens\u00adkauf auf unserer Unternehmensb\u00f6rse<\/li>\n<\/ul>\n\n\n\n<div style=\"height:20px\" aria-hidden=\"true\" class=\"wp-block-spacer\"><\/div>\n\n\n\n<div class=\"wp-block-rank-math-toc-block\"><h2>Tarta\u00adlom\u00adjegy\u00adz\u00e9k<\/h2><nav><ul><li><a href=\"#h-lesen-sie-in-kurze\">Olvas\u00adsa el hamarosan<\/a><\/li><li><a href=\"#h-definition-unternehmensnachfolge\">Az \u00fczleti ut\u00f3dl\u00e1s meghat\u00e1roz\u00e1sa<\/a><\/li><li><a href=\"#h-formen-der-unternehmensnachfolge\">Az \u00fczleti ut\u00f3dl\u00e1s form\u00e1i<\/a><ul><li><a href=\"#h-in-der-familie-oder-lieber-extern\">A csal\u00e1\u00addon bel\u00fcl vagy ink\u00e1bb k\u00edv\u00fcl?<\/a><\/li><\/ul><\/li><li><a href=\"#h-externe-unternehmensnachfolge-in-5-schritten\">K\u00fcls\u0151 c\u00e9gut\u00f3d\u00adl\u00e1s 5 l\u00e9p\u00e9sben<\/a><ul><li><a href=\"#h-schritt-1-planung-der-nachfolge\">1. l\u00e9p\u00e9s: Ut\u00f3dl\u00e1\u00adsi tervez\u00e9s<\/a><\/li><li><a href=\"#h-schritt-2-unternehmensbewertung\">2. l\u00e9p\u00e9s: \u00dczleti \u00e9rt\u00e9kel\u00e9s<\/a><\/li><li><a href=\"#h-schritt-3-strukturierung-der-ubergabe\">Schritt 3: Struk\u00adtu\u00adrie\u00adrung der \u00dcbergabe<\/a><\/li><li><a href=\"#h-schritt-4-unternehmensnachfolgeborse\">Schritt 4: Unternehmensnachfolgeb\u00f6rse<\/a><\/li><li><a href=\"#h-schritt-5-abschluss-des-ubergangsprozesses\">Schritt 5: Abschluss des \u00dcbergangsprozesses<\/a><\/li><\/ul><\/li><li><a href=\"#h-checkliste-fur-ihre-unternehmensnachfolge\">Check\u00adlis\u00adte f\u00fcr Ihre Unternehmensnachfolge<\/a><\/li><li><a href=\"#h-3-tipps-fur-die-erfolgreiche-unternehmensnachfolge\">3 Tipps f\u00fcr die erfolg\u00adrei\u00adche Unternehmensnachfolge<\/a><ul><li><a href=\"#h-nr-1-unternehmensnachfolge-steuerfrei-umsetzen\">Nr. 1 Unternehmens\u00adnachfolge steuer\u00adfrei umsetzen<\/a><\/li><li><a href=\"#h-nr-2-der-optimale-zeitpunkt-fur-die-unternehmensnachfolge-wahlen\">Nr. 2 Der optima\u00adle Zeitpunkt f\u00fcr die Unternehmens\u00adnachfolge w\u00e4hlen<\/a><\/li><li><a href=\"#h-nr-3-alle-finanzierungsmoglichkeiten-zur-unternehmensnachfolge-ausschopfen\">Nr. 3 Alle Finan\u00adzie\u00adrungs\u00adm\u00f6g\u00adlich\u00adkei\u00adten zur Unternehmens\u00adnachfolge aussch\u00f6pfen<\/a><\/li><\/ul><\/li><li><a href=\"#h-haufige-fehler-bei-der-nachfolge-fur-unternehmen\">H\u00e4ufi\u00adge Fehler bei der Nachfol\u00adge f\u00fcr Unternehmen<\/a><\/li><li><a href=\"#h-fazit\">K\u00f6vet\u00adkez\u00adte\u00adt\u00e9s<\/a><\/li><li><a href=\"#h-faq\"><span class=\"caps\">GYIK<\/span><\/a><\/li><\/ul><\/nav><\/div>\n\n\n\n<div style=\"height:30px\" aria-hidden=\"true\" class=\"wp-block-spacer\"><\/div>\n\n\n\n<h2 class=\"wp-block-heading\" id=\"h-definition-unternehmensnachfolge\">Az \u00fczleti ut\u00f3dl\u00e1s meghat\u00e1roz\u00e1sa<\/h2>\n\n\n\n<p class=\"has-ast-global-color-5-color has-text-color has-background has-medium-font-size\" style=\"background-color:#0c326e\">Unternehmens\u00adnachfolge ist der Prozess der \u00dcbertra\u00adgung des Eigen\u00adtums an einem Unter\u00adneh\u00admen von einer Person oder einer Gruppe von Perso\u00adnen auf eine andere. Die Nachfol\u00adge\u00adpla\u00adnung ist ein wichti\u00adger Bestand\u00adteil der Unternehmens\u00adnachfolge, da sie sicher\u00adstellt, dass ein Unter\u00adneh\u00admen auch dann noch erfolg\u00adreich und profi\u00adta\u00adbel ist, wenn der oder die derzei\u00adti\u00adgen Eigen\u00adt\u00fc\u00admer in den Ruhestand gehen oder das Unter\u00adneh\u00admen verlassen.<\/p>\n\n\n\n<div style=\"height:30px\" aria-hidden=\"true\" class=\"wp-block-spacer\"><\/div>\n\n\n\n<h2 class=\"wp-block-heading\" id=\"h-formen-der-unternehmensnachfolge\">Az \u00fczleti ut\u00f3dl\u00e1s form\u00e1i<\/h2>\n\n\n\n<div style=\"height:20px\" aria-hidden=\"true\" class=\"wp-block-spacer\"><\/div>\n\n\n\n<figure class=\"wp-block-image size-full\"><a href=\"https:\/\/www.kern-unternehmensnachfolge.com\/wp-content\/uploads\/2023\/10\/DIE-HAeUFIGSTEN-FEHLER-BEI-DER-NACHFOLGE-FUeR-UNTERNEHMEN.png\"><img loading=\"lazy\" decoding=\"async\" width=\"1024\" height=\"768\" src=\"https:\/\/www.kern-unternehmensnachfolge.com\/wp-content\/uploads\/2023\/10\/DIE-HAeUFIGSTEN-FEHLER-BEI-DER-NACHFOLGE-FUeR-UNTERNEHMEN.png\" alt=\"Az \u00fczleti ut\u00f3dl\u00e1s form\u00e1inak t\u00e1bl\u00e1zata\" class=\"wp-image-29295\" srcset=\"https:\/\/www.kern-unternehmensnachfolge.com\/wp-content\/uploads\/2023\/10\/DIE-HAeUFIGSTEN-FEHLER-BEI-DER-NACHFOLGE-FUeR-UNTERNEHMEN.png 1024w, https:\/\/www.kern-unternehmensnachfolge.com\/wp-content\/uploads\/2023\/10\/DIE-HAeUFIGSTEN-FEHLER-BEI-DER-NACHFOLGE-FUeR-UNTERNEHMEN-300x225.png 300w, https:\/\/www.kern-unternehmensnachfolge.com\/wp-content\/uploads\/2023\/10\/DIE-HAeUFIGSTEN-FEHLER-BEI-DER-NACHFOLGE-FUeR-UNTERNEHMEN-768x576.png 768w, https:\/\/www.kern-unternehmensnachfolge.com\/wp-content\/uploads\/2023\/10\/DIE-HAeUFIGSTEN-FEHLER-BEI-DER-NACHFOLGE-FUeR-UNTERNEHMEN-16x12.png 16w, https:\/\/www.kern-unternehmensnachfolge.com\/wp-content\/uploads\/2023\/10\/DIE-HAeUFIGSTEN-FEHLER-BEI-DER-NACHFOLGE-FUeR-UNTERNEHMEN-600x450.png 600w\" sizes=\"auto, (max-width: 1024px) 100vw, 1024px\"><\/a><\/figure>\n\n\n\n<div style=\"height:30px\" aria-hidden=\"true\" class=\"wp-block-spacer\"><\/div>\n\n\n\n<p>Eine klare \u00dcbersicht der verschie\u00adde\u00adnen Formen der Unternehmens\u00adnachfolge hilft dabei, die richti\u00adge L\u00f6sung f\u00fcr Ihr Unter\u00adneh\u00admen zu finden. Zu den h\u00e4ufigs\u00adten Optio\u00adnen geh\u00f6ren:<\/p>\n\n\n\n<ol class=\"wp-block-list\">\n<li><strong>A v\u00e1llal\u00adko\u00adz\u00e1s \u00e1tad\u00e1\u00adsa csal\u00e1d\u00adta\u00adgo\u00adknak<\/strong> \u2013 dies wird oft als \u201efamili\u00aden\u00adin\u00adter\u00adne Nachfol\u00adge\u201c bezeichnet<\/li>\n\n\n\n<li><strong>A v\u00e1lla\u00adlat elad\u00e1\u00adsa k\u00fcls\u0151 f\u00e9lnek<\/strong> \u2013 dies kann eine Privat\u00adper\u00adson oder ein Unter\u00adneh\u00admen&nbsp;sein<\/li>\n\n\n\n<li><strong>F\u00fazi\u00f3<\/strong> egy m\u00e1sik t\u00e1rsas\u00e1g\u00adgal vagy k\u00f6z\u00f6s v\u00e1llal\u00adko\u00adz\u00e1s\u00adba&nbsp;l\u00e9pve<\/li>\n\n\n\n<li><strong>Ein Manage\u00adment Buy Out (<a href=\"https:\/\/www.kern-unternehmensnachfolge.com\/hu\/management-buy-out-mbo\/\"><span class=\"caps\">MBO<\/span><\/a>)<\/strong> \u2013 hierbei \u00fcberneh\u00admen die derzei\u00adti\u00adgen Manager das Eigen\u00adtum und die Kontrol\u00adle \u00fcber das Unternehmen<\/li>\n\n\n\n<li><strong>A v\u00e1lla\u00adlat r\u00e9szeinek elad\u00e1\u00adsa<\/strong> \u2013 dies k\u00f6nnte den Verkauf von Gesch\u00e4fts\u00adbe\u00adrei\u00adchen, Produkt\u00adli\u00adni\u00aden oder anderen Verm\u00f6\u00adgens\u00adwer\u00adten beinhalten<\/li>\n<\/ol>\n\n\n\n<div style=\"height:20px\" aria-hidden=\"true\" class=\"wp-block-spacer\"><\/div>\n\n\n\n<div class=\"wp-block-columns is-layout-flex wp-container-core-columns-is-layout-28f84493 wp-block-columns-is-layout-flex\">\n<div class=\"wp-block-column is-layout-flow wp-block-column-is-layout-flow\">\n<figure class=\"wp-block-image aligncenter size-full\"><a href=\"https:\/\/www.kern-unternehmensnachfolge.com\/hu\/cegertekesitesi-utmutato-2\/\"><img loading=\"lazy\" decoding=\"async\" width=\"400\" height=\"329\" src=\"https:\/\/www.kern-unternehmensnachfolge.com\/wp-content\/uploads\/2023\/03\/Ratgeber-zum-Unternehmensverkauf-ebook.png\" alt=\"KERN \u00fatmutat\u00f3 a v\u00e1llalkoz\u00e1s elad\u00e1s\u00e1hoz\" class=\"wp-image-25940\" srcset=\"https:\/\/www.kern-unternehmensnachfolge.com\/wp-content\/uploads\/2023\/03\/Ratgeber-zum-Unternehmensverkauf-ebook.png 400w, https:\/\/www.kern-unternehmensnachfolge.com\/wp-content\/uploads\/2023\/03\/Ratgeber-zum-Unternehmensverkauf-ebook-300x247.png 300w, https:\/\/www.kern-unternehmensnachfolge.com\/wp-content\/uploads\/2023\/03\/Ratgeber-zum-Unternehmensverkauf-ebook-15x12.png 15w\" sizes=\"auto, (max-width: 400px) 100vw, 400px\"><\/a><\/figure>\n<\/div>\n\n\n\n<div class=\"wp-block-column is-layout-flow wp-block-column-is-layout-flow\">\n<div style=\"height:60px\" aria-hidden=\"true\" class=\"wp-block-spacer\"><\/div>\n\n\n\n<div class=\"wp-block-buttons is-content-justification-center is-layout-flex wp-container-core-buttons-is-layout-a89b3969 wp-block-buttons-is-layout-flex\">\n<div class=\"wp-block-button\"><a class=\"wp-block-button__link has-black-color has-text-color has-background wp-element-button\" href=\"https:\/\/www.kern-unternehmensnachfolge.com\/hu\/cegertekesitesi-utmutato-2\/\" style=\"background-color:#f0bb38\">K\u00e9rjen ingyenes \u00fatmuta\u00adt\u00f3t&nbsp;most<\/a><\/div>\n<\/div>\n<\/div>\n<\/div>\n\n\n\n<div style=\"height:30px\" aria-hidden=\"true\" class=\"wp-block-spacer\"><\/div>\n\n\n\n<h3 class=\"wp-block-heading\" id=\"h-in-der-familie-oder-lieber-extern\">A csal\u00e1\u00addon bel\u00fcl vagy ink\u00e1bb k\u00edv\u00fcl?<\/h3>\n\n\n\n<p>Im <strong>K\u00f6z\u00e9p\u00adv\u00e1ll\u00adal\u00adko\u00adz\u00e1\u00adsok<\/strong> stellt sich h\u00e4ufig die Frage, ob die Unternehmens\u00adnachfolge inner\u00adhalb der Familie oder durch einen exter\u00adnen Nachfol\u00adger geregelt werden soll. Beide Optio\u00adnen bieten spezi\u00adfi\u00adsche Vor- und Nachteile.<\/p>\n\n\n\n<p>P\u00e9ld\u00e1ul, ha a csal\u00e1\u00addi v\u00e1llal\u00adko\u00adz\u00e1s \u00f6ssze\u00adtett \u00e9s t\u00f6bb csal\u00e1d\u00adtag is r\u00e9szt vesz benne, egy <strong>exter\u00adner Fachmann oder ein strate\u00adgi\u00adscher Inves\u00adtor neue Impul\u00adse setzen und das Unter\u00adneh\u00admen dadurch auf eine neue Entwick\u00adlungs\u00adstu\u00adfe f\u00fchren.<\/strong><\/p>\n\n\n\n<p>Wenn anderer\u00adseits ein Famili\u00aden\u00admit\u00adglied das Unter\u00adneh\u00admen und seine Abl\u00e4u\u00adfe sehr gut kennt, f\u00fcr das Unter\u00adneh\u00admen brennt und gut ausge\u00adbil\u00addet ist, ist es vielleicht besser geeig\u00adnet, die Nachfol\u00adge anzutreten.<\/p>\n\n\n\n<p>Letzt\u00adlich gibt es verschie\u00adde\u00adne Optio\u00adnen, die detail\u00adliert betrach\u00adtet und bewer\u00adtet werden m\u00fcssen, um am Ende die passen\u00adde L\u00f6sung f\u00fcr den Betrieb zu finden<strong>.<\/strong><\/p>\n\n\n\n<div style=\"height:30px\" aria-hidden=\"true\" class=\"wp-block-spacer\"><\/div>\n\n\n\n<h2 class=\"wp-block-heading\" id=\"h-externe-unternehmensnachfolge-in-5-schritten\">K\u00fcls\u0151 c\u00e9gut\u00f3d\u00adl\u00e1s 5 l\u00e9p\u00e9sben<\/h2>\n\n\n\n<div style=\"height:20px\" aria-hidden=\"true\" class=\"wp-block-spacer\"><\/div>\n\n\n\n<figure class=\"wp-block-image size-full\"><a href=\"https:\/\/www.kern-unternehmensnachfolge.com\/wp-content\/uploads\/2023\/10\/DIE-EXTERNE-UNTERNEHMENSNACHFOLGE-IN-5-SCHRITTEN.png\"><img loading=\"lazy\" decoding=\"async\" width=\"1024\" height=\"768\" src=\"https:\/\/www.kern-unternehmensnachfolge.com\/wp-content\/uploads\/2023\/10\/DIE-EXTERNE-UNTERNEHMENSNACHFOLGE-IN-5-SCHRITTEN.png\" alt=\"A k\u00fcls\u0151 v\u00e1llalati ut\u00f3dl\u00e1s grafikus \u00e1br\u00e1zol\u00e1sa 5 l\u00e9p\u00e9sben\" class=\"wp-image-29296\" srcset=\"https:\/\/www.kern-unternehmensnachfolge.com\/wp-content\/uploads\/2023\/10\/DIE-EXTERNE-UNTERNEHMENSNACHFOLGE-IN-5-SCHRITTEN.png 1024w, https:\/\/www.kern-unternehmensnachfolge.com\/wp-content\/uploads\/2023\/10\/DIE-EXTERNE-UNTERNEHMENSNACHFOLGE-IN-5-SCHRITTEN-300x225.png 300w, https:\/\/www.kern-unternehmensnachfolge.com\/wp-content\/uploads\/2023\/10\/DIE-EXTERNE-UNTERNEHMENSNACHFOLGE-IN-5-SCHRITTEN-768x576.png 768w, https:\/\/www.kern-unternehmensnachfolge.com\/wp-content\/uploads\/2023\/10\/DIE-EXTERNE-UNTERNEHMENSNACHFOLGE-IN-5-SCHRITTEN-16x12.png 16w, https:\/\/www.kern-unternehmensnachfolge.com\/wp-content\/uploads\/2023\/10\/DIE-EXTERNE-UNTERNEHMENSNACHFOLGE-IN-5-SCHRITTEN-600x450.png 600w\" sizes=\"auto, (max-width: 1024px) 100vw, 1024px\"><\/a><\/figure>\n\n\n\n<div style=\"height:30px\" aria-hidden=\"true\" class=\"wp-block-spacer\"><\/div>\n\n\n\n<p>Die Planung f\u00fcr die Zukunft Ihres Unter\u00adneh\u00admens ist entschei\u00addend. Mit den richti\u00adgen Strate\u00adgien k\u00f6nnen Sie eine erfolg\u00adrei\u00adche \u00dcbernah\u00adme vorbe\u00adrei\u00adten und einen reibungs\u00adlo\u00adsen \u00dcbergang sicherstellen.<\/p>\n\n\n\n<div style=\"height:20px\" aria-hidden=\"true\" class=\"wp-block-spacer\"><\/div>\n\n\n\n<h3 class=\"wp-block-heading\" id=\"h-schritt-1-planung-der-nachfolge\">1. l\u00e9p\u00e9s: Ut\u00f3dl\u00e1\u00adsi tervez\u00e9s<\/h3>\n\n\n\n<p>Az ut\u00f3dl\u00e1\u00adsi terve\u00adz\u00e9s a k\u00f6vet\u00adke\u00adz\u0151k el\u0151k\u00e9\u00ads\u00adz\u00ed\u00adt\u00e9\u00ads\u00e9\u00adr\u0151l sz\u00f3l <strong>geord\u00adne\u00adten \u00dcbergangs von F\u00fchrungs\u00adpo\u00adsi\u00adtio\u00adnen, Verant\u00adwort\u00adlich\u00adkei\u00adten und Eigen\u00adtums\u00adver\u00adh\u00e4lt\u00adnis\u00adsen in einem Unter\u00adneh\u00admen<\/strong>. Zur Planung geh\u00f6rt auch die gesam\u00adte Organi\u00adsa\u00adti\u00adon einer Firma \u00fcberga\u00adbe\u00adf\u00e4\u00adhig zu gestal\u00adten. Dieser Prozess umfasst im ersten Schritt unbedingt einen Zeitplan, der allen Betei\u00adlig\u00adten als Orien\u00adtie\u00adrung&nbsp;dient.<\/p>\n\n\n\n<div style=\"height:20px\" aria-hidden=\"true\" class=\"wp-block-spacer\"><\/div>\n\n\n\n<h3 class=\"wp-block-heading\" id=\"h-schritt-2-unternehmensbewertung\">2. l\u00e9p\u00e9s: \u00dczleti \u00e9rt\u00e9kel\u00e9s<\/h3>\n\n\n\n<p>Ein wichti\u00adger Schritt bei der Vorbe\u00adrei\u00adtung des Verkaufs ist die Ermitt\u00adlung des Unter\u00adneh\u00admens\u00adwerts, um eine Orien\u00adtie\u00adrung zu haben, welchen Verkaufs\u00adpreis der Verk\u00e4u\u00adfer erwar\u00adten kann. G\u00e4ngi\u00adge Verfah\u00adren sind hierf\u00fcr eine Einsch\u00e4t\u00adzung \u00fcber das Multi\u00adple-Verfah\u00adren oder eine objek\u00adti\u00advier\u00adte Berech\u00adnung \u00fcber das <strong>Bev\u00e9te\u00adli megk\u00f6\u00adze\u00adl\u00ed\u00adt\u00e9s az <span class=\"caps\">IDW<\/span> <span class=\"caps\">S1<\/span> szerint<\/strong>.<\/p>\n\n\n\n<p><\/p>\n\n\n\n<h3 class=\"wp-block-heading\" id=\"h-schritt-3-strukturierung-der-ubergabe\">Schritt 3: Struk\u00adtu\u00adrie\u00adrung der \u00dcbergabe<\/h3>\n\n\n\n<p>Die Struk\u00adtu\u00adrie\u00adrung der Unter\u00adneh\u00admens\u00ad\u00fcber\u00adga\u00adbe umfasst die <strong>Aufbe\u00adrei\u00adtung und Erstel\u00adlung notwen\u00addi\u00adger Dokumen\u00adte und Berich\u00adte, etwa des Firmen\u00adex\u00adpo\u00ads\u00e9s oder der Finanz\u00adbe\u00adrich\u00adte<\/strong>. Unklar\u00adhei\u00adten und eventu\u00adel\u00adle Stolper\u00adstei\u00adne sollten bekannt sein. Sie wollen einem m\u00f6gli\u00adchen K\u00e4ufer keine unvoll\u00adst\u00e4n\u00addi\u00adgen Dokumen\u00adte pr\u00e4sen\u00adtie\u00adren oder Dokumen\u00adte erst nach Anfra\u00adge erstel\u00adlen m\u00fcssen.<\/p>\n\n\n\n<p>Je gr\u00fcnd\u00adli\u00adcher die Vorbe\u00adrei\u00adtun\u00adgen in dieser Phase absol\u00adviert werden, desto reibungs\u00adlo\u00adser kann der Verkaufs\u00adpro\u00adzess vonstattengehen.<\/p>\n\n\n\n<div style=\"height:20px\" aria-hidden=\"true\" class=\"wp-block-spacer\"><\/div>\n\n\n\n<div class=\"wp-block-columns is-layout-flex wp-container-core-columns-is-layout-28f84493 wp-block-columns-is-layout-flex\">\n<div class=\"wp-block-column is-layout-flow wp-block-column-is-layout-flow\">\n<figure class=\"wp-block-image aligncenter size-full\"><a href=\"https:\/\/www.kern-unternehmensnachfolge.com\/hu\/tanacskeres\/\"><img loading=\"lazy\" decoding=\"async\" width=\"500\" height=\"348\" src=\"https:\/\/www.kern-unternehmensnachfolge.com\/wp-content\/uploads\/2023\/03\/KERN-Unternehmensuebernahme-Beratung-anfordern.jpg\" alt=\"K\u00e9rjen ingyenes kezdeti konzult\u00e1ci\u00f3t a KERN-t\u0151l\" class=\"wp-image-25947\" srcset=\"https:\/\/www.kern-unternehmensnachfolge.com\/wp-content\/uploads\/2023\/03\/KERN-Unternehmensuebernahme-Beratung-anfordern.jpg 500w, https:\/\/www.kern-unternehmensnachfolge.com\/wp-content\/uploads\/2023\/03\/KERN-Unternehmensuebernahme-Beratung-anfordern-300x209.jpg 300w, https:\/\/www.kern-unternehmensnachfolge.com\/wp-content\/uploads\/2023\/03\/KERN-Unternehmensuebernahme-Beratung-anfordern-18x12.jpg 18w\" sizes=\"auto, (max-width: 500px) 100vw, 500px\"><\/a><figcaption class=\"wp-element-caption\">K\u00e9rje ingyenes kezde\u00adti konzult\u00e1ci\u00f3j\u00e1t<\/figcaption><\/figure>\n<\/div>\n\n\n\n<div class=\"wp-block-column is-layout-flow wp-block-column-is-layout-flow\"><a href=\"https:\/\/www.kern-unternehmensnachfolge.com\/hu\/partner\/\" target=\"_blank\">\n           <img decoding=\"async\" src=\"https:\/\/www.kern-unternehmensnachfolge.com\/wp-content\/uploads\/2024\/10\/KERN-Standorte_Faehnchen_JPG_150_dpi_mit_Hintergrund_09.2024.jpg\" alt=\"Helysz\u00ednt\u00e9rk\u00e9p\">\n            <\/a>\n<\/div>\n<\/div>\n\n\n\n<div style=\"height:20px\" aria-hidden=\"true\" class=\"wp-block-spacer\"><\/div>\n\n\n\n<h3 class=\"wp-block-heading\" id=\"h-schritt-4-unternehmensnachfolgeborse\">Schritt 4: Unternehmensnachfolgeb\u00f6rse<\/h3>\n\n\n\n<p>A <a href=\"https:\/\/www.kern-unternehmensnachfolge.com\/hu\/vallalati-tozsde\/\">Nachfol\u00adge\u00adb\u00f6r\u00adse<\/a> bietet Unter\u00adneh\u00admen die M\u00f6glich\u00adkeit, sich gezielt auf dem <strong>Markt<\/strong> zu positio\u00adnie\u00adren und poten\u00adzi\u00adel\u00adle K\u00e4ufer oder Nachfol\u00adger zu finden. Sie erm\u00f6g\u00adlicht Inter\u00ades\u00adsen\u00adten den <strong>Zugriff auf Infor\u00adma\u00adtio\u00adnen \u00fcber poten\u00adzi\u00adel\u00adle Nachfol\u00adger<\/strong> und erm\u00f6g\u00adlicht es Verk\u00e4u\u00adfern, ihre Unter\u00adneh\u00admen zum Verkauf anzubieten.<\/p>\n\n\n\n<p>Die Anony\u00admi\u00adt\u00e4t kann \u00fcber M<span class=\"amp\">&amp;<\/span>A-Berater gew\u00e4hr\u00adleis\u00adtet werden oder direk\u00adte Insera\u00adte sollten so neutral sein, dass eine Identi\u00adfi\u00adzie\u00adrung im ersten Austausch nicht m\u00f6glich ist.<\/p>\n\n\n\n<p>Die B\u00f6rse bietet einen Online-Markt\u00adplatz, auf dem<strong> K\u00e4ufer und Verk\u00e4u\u00adfer wichti\u00adge Details einer m\u00f6gli\u00adchen Trans\u00adak\u00adti\u00adon erfah\u00adren <\/strong>k\u00f6nnen. Dar\u00fcber hinaus bieten einige Anbie\u00adter unter\u00adst\u00fct\u00adzen\u00adde Dienst\u00adleis\u00adtun\u00adgen wie Due-Diligence-Pr\u00fcfun\u00adgen (<a href=\"https:\/\/www.kern-unternehmensnachfolge.com\/hu\/kello-gondossag\/\">Due Diligence<\/a> = Sorgfalts\u00adpr\u00fc\u00adfung) und Finanz\u00adana\u00adly\u00adsen an, um sicher\u00adzu\u00adstel\u00adlen, dass die Trans\u00adak\u00adti\u00adon auf faire und trans\u00adpa\u00adren\u00adte Weise durch\u00adge\u00adf\u00fchrt&nbsp;wird.<\/p>\n\n\n\n<div style=\"height:20px\" aria-hidden=\"true\" class=\"wp-block-spacer\"><\/div>\n\n\n\n<h3 class=\"wp-block-heading\" id=\"h-schritt-5-abschluss-des-ubergangsprozesses\">Schritt 5: Abschluss des \u00dcbergangsprozesses<\/h3>\n\n\n\n<p>Die vierte Phase der Unternehmens\u00adnachfolge ist der Abschluss des \u00dcbergangs\u00adpro\u00adzes\u00adses. In dieser Phase muss sicher\u00adge\u00adstellt werden, dass <strong>alle recht\u00adli\u00adchen, finan\u00adzi\u00adel\u00adlen und betrieb\u00adli\u00adchen Anfor\u00adde\u00adrun\u00adgen erfolg\u00adreich erf\u00fcllt<\/strong> wurden, um einen reibungs\u00adlo\u00adsen \u00dcbergang von der derzei\u00adti\u00adgen F\u00fchrung auf die neue F\u00fchrung zu gew\u00e4hrleisten.<\/p>\n\n\n\n<p>In dieser Phase m\u00fcssen alle Dokumen\u00adte f\u00fcr den \u00dcbertrag auf einen neuen Eigen\u00adt\u00fc\u00admer ordnungs\u00adge\u00adm\u00e4\u00df aktua\u00adli\u00adsiert und bei den zust\u00e4n\u00addi\u00adgen Beh\u00f6r\u00adden, wie den Steuer\u00adbe\u00adh\u00f6r\u00adden oder Aufsichts\u00adbe\u00adh\u00f6r\u00adden, einge\u00adreicht werden. Weiter\u00adhin sollten alle anderen notwen\u00addi\u00adgen Schrit\u00adte unter\u00adnom\u00admen werden, um einen erfolg\u00adrei\u00adchen \u00dcbergang zu gew\u00e4hr\u00adleis\u00adten. Eine Option ist hierbei die Erstel\u00adlung eines Firmen\u00adhand\u00adbuchs, in dem die alten und ggf. neuen Richt\u00adli\u00adni\u00aden, Kompe\u00adten\u00adzen, Verant\u00adwort\u00adlich\u00adkei\u00adten und Verfah\u00adren beschrie\u00adben werden.<\/p>\n\n\n\n<div style=\"height:30px\" aria-hidden=\"true\" class=\"wp-block-spacer\"><\/div>\n\n\n\n<h2 class=\"wp-block-heading\" id=\"h-checkliste-fur-ihre-unternehmensnachfolge\">Check\u00adlis\u00adte f\u00fcr Ihre Unternehmensnachfolge<\/h2>\n\n\n\n<div style=\"height:20px\" aria-hidden=\"true\" class=\"wp-block-spacer\"><\/div>\n\n\n\n<figure class=\"wp-block-image size-full\"><a href=\"https:\/\/www.kern-unternehmensnachfolge.com\/wp-content\/uploads\/2023\/10\/CHECKLISTE-FUeR-DIE-UNTERNEHMENSNACHFOLGE.png\"><img loading=\"lazy\" decoding=\"async\" width=\"1024\" height=\"768\" src=\"https:\/\/www.kern-unternehmensnachfolge.com\/wp-content\/uploads\/2023\/10\/CHECKLISTE-FUeR-DIE-UNTERNEHMENSNACHFOLGE.png\" alt=\"Az ellen\u0151rz\u00e9si lista grafikonja az \u00fczleti ut\u00f3dl\u00e1shoz\" class=\"wp-image-29297\" srcset=\"https:\/\/www.kern-unternehmensnachfolge.com\/wp-content\/uploads\/2023\/10\/CHECKLISTE-FUeR-DIE-UNTERNEHMENSNACHFOLGE.png 1024w, https:\/\/www.kern-unternehmensnachfolge.com\/wp-content\/uploads\/2023\/10\/CHECKLISTE-FUeR-DIE-UNTERNEHMENSNACHFOLGE-300x225.png 300w, https:\/\/www.kern-unternehmensnachfolge.com\/wp-content\/uploads\/2023\/10\/CHECKLISTE-FUeR-DIE-UNTERNEHMENSNACHFOLGE-768x576.png 768w, https:\/\/www.kern-unternehmensnachfolge.com\/wp-content\/uploads\/2023\/10\/CHECKLISTE-FUeR-DIE-UNTERNEHMENSNACHFOLGE-16x12.png 16w, https:\/\/www.kern-unternehmensnachfolge.com\/wp-content\/uploads\/2023\/10\/CHECKLISTE-FUeR-DIE-UNTERNEHMENSNACHFOLGE-600x450.png 600w\" sizes=\"auto, (max-width: 1024px) 100vw, 1024px\"><\/a><\/figure>\n\n\n\n<div style=\"height:30px\" aria-hidden=\"true\" class=\"wp-block-spacer\"><\/div>\n\n\n\n<ul class=\"wp-block-list\">\n<li>Helyez\u00adzen el egy <strong>Zeitplan f\u00fcr die \u00dcbertra\u00adgung von Verm\u00f6\u00adgens\u00adwer\u00adten, F\u00fchrungs\u00adpo\u00adsi\u00adtio\u00adnen und Verant\u00adwort\u00adlich\u00adkei\u00adten<\/strong> c\u00e9g.<\/li>\n\n\n\n<li>Erstel\u00adlen Sie ein Inven\u00adtar der zu \u00fcbertra\u00adgen\u00adden Verm\u00f6\u00adgens\u00adwer\u00adte und Verbind\u00adlich\u00adkei\u00adten des Unternehmens.<\/li>\n\n\n\n<li>\u00dcberpr\u00fc\u00adfen Sie die vorhan\u00adde\u00adnen <strong>recht\u00adli\u00adchen Dokumen\u00adte, einschlie\u00df\u00adlich der Gesch\u00e4fts\u00adver\u00adtr\u00e4\u00adge und Versicherungspolicen.<\/strong><\/li>\n\n\n\n<li>Hat\u00e1roz\u00adza meg az ut\u00f3dl\u00e1\u00adsi terve\u00adz\u00e9s\u00adsel kapcso\u00adla\u00adtos p\u00e9nz\u00fc\u00adgyi ig\u00e9nyeket.<\/li>\n\n\n\n<li>Aktua\u00adli\u00adsie\u00adren Sie die Gesch\u00e4fts\u00adun\u00adter\u00adla\u00adgen, um die<strong> \u00c4nderun\u00adgen bei den Eigen\u00adtums\u00adver\u00adh\u00e4lt\u00adnis\u00adsen und den Manage\u00adment\u00adauf\u00adga\u00adben<\/strong> zu ber\u00fccksichtigen.<\/li>\n\n\n\n<li>Ellen\u0151r\u00adz\u00e9\u00adsi strat\u00e9\u00adgi\u00e1k kidol\u00adgo\u00adz\u00e1\u00adsa a <a href=\"https:\/\/www.steuerklassen.com\/erbschaftssteuer\/unternehmensnachfolge\/\" target=\"_blank\" rel=\"noopener\">Ad\u00f3ter\u00adhek<\/a> a minim\u00e1\u00adlis\u00adra kell cs\u00f6kken\u00adte\u00adni \u00fcgyes fell\u00e9p\u00e9ssel.<\/li>\n\n\n\n<li>Haszn\u00e1l\u00adja a  c\u00edmet. <strong>Szakmai tan\u00e1c\u00adsa\u00add\u00e1s a keres\u00e9s sor\u00e1n<\/strong> nach geeig\u00adne\u00adten Nachfol\u00adgern. Neben einem ausge\u00adzeich\u00adne\u00adten Netzwerk liegt der gr\u00f6\u00dfte Vorteil eines quali\u00adfi\u00adzier\u00adten Beraters in seiner emotio\u00adna\u00adlen Neutra\u00adli\u00adt\u00e4t. Nur ein Fachmann kann die Anlie\u00adgen aller Betei\u00adlig\u00adten abw\u00e4gen und zusammenf\u00fchren.<\/li>\n\n\n\n<li>A poten\u00adci\u00e1\u00adlis ut\u00f3dok azono\u00ads\u00ed\u00adt\u00e1\u00adsa \u00e9s k\u00e9pzett\u00ads\u00e9\u00adg\u00fck \u00e9rt\u00e9kel\u00e9se.<\/li>\n\n\n\n<li>Kommu\u00adni\u00adk\u00e1\u00adci\u00f3s strat\u00e9\u00adgia kidol\u00adgo\u00adz\u00e1\u00adsa az alkal\u00adma\u00adzot\u00adtak, \u00fcgyfelek, besz\u00e1l\u00adl\u00ed\u00adt\u00f3k \u00e9s m\u00e1s \u00e9rdekelt felek t\u00e1j\u00e9koz\u00adta\u00adt\u00e1\u00ads\u00e1\u00adra az elad\u00e1s ut\u00e1n.<\/li>\n\n\n\n<li><strong>\u00dcberpr\u00fc\u00adfen Sie den Gesch\u00e4fts\u00adbe\u00adtrieb regel\u00adm\u00e4\u00ad\u00dfig<\/strong> und nehmen Sie bei Bedarf Anpas\u00adsun\u00adgen vor, um einen reibungs\u00adlo\u00adsen Nachfol\u00adge\u00adpro\u00adzess zu gew\u00e4hrleisten.<\/li>\n<\/ul>\n\n\n\n<div style=\"height:30px\" aria-hidden=\"true\" class=\"wp-block-spacer\"><\/div>\n\n\n\n<h2 class=\"wp-block-heading\" id=\"h-3-tipps-fur-die-erfolgreiche-unternehmensnachfolge\">3 Tipps f\u00fcr die erfolg\u00adrei\u00adche Unternehmensnachfolge<\/h2>\n\n\n\n<p><strong>Seit 2004 unter\u00adst\u00fct\u00adzen wir unsere Mandan\u00adten beim Generations\u00adwechsel oder dem Verkauf ihres Lebens\u00adwerkes. <\/strong>Aus unserem gro\u00dfen Erfah\u00adrungs\u00adschatz m\u00f6chten wir Ihnen an dieser Stelle drei Tipps mitgeben.<\/p>\n\n\n\n<div style=\"height:20px\" aria-hidden=\"true\" class=\"wp-block-spacer\"><\/div>\n\n\n\n<h3 class=\"wp-block-heading\" id=\"h-nr-1-unternehmensnachfolge-steuerfrei-umsetzen\">Nr. 1 Unternehmens\u00adnachfolge steuer\u00adfrei umsetzen<\/h3>\n\n\n\n<p>A <a href=\"https:\/\/www.kern-unternehmensnachfolge.com\/hu\/vallalkozas-utodlas-adomentes\/\">Ad\u00f3men\u00adtes c\u00e9gut\u00f3d\u00adl\u00e1s<\/a> zu gestal\u00adten ist m\u00f6glich, wenn ein Unter\u00adneh\u00admen von einer Genera\u00adti\u00adon inner\u00adhalb der Familie vererbt wird, der Nachfol\u00adger den Betrieb aber auch aktiv weiter\u00adf\u00fchrt. Durch ein sogenann\u00adtes 5-Jahres bzw. 7-Jahres-Modell kann die <strong>Az ad\u00f3ter\u00adhek 85 % vagy ak\u00e1r 100 %-tal cs\u00f6kken\u00adthe\u00adt\u0151k.<\/strong> lesz.<\/p>\n\n\n\n<p>Da es gewis\u00adse Fallstri\u00adcke gibt, die beach\u00adtet werden sollten, und es zudem Sinn macht, die Nachfol\u00adge sehr fr\u00fchzei\u00adtig zu planen, beraten wir Sie gerne. Grund\u00ads\u00e4tz\u00adlich ist immer der Einzel\u00adfall zu betrachten.<\/p>\n\n\n\n<p>Erwei\u00adtert gibt es auch steuer\u00adli\u00adche Optimie\u00adrun\u00adgen, wenn vor einem Verkauf fr\u00fchzei\u00adtig \u00dcbertrags\u00adkon\u00adstruk\u00adte vorbe\u00adrei\u00adtet werden.<\/p>\n\n\n\n<div style=\"height:20px\" aria-hidden=\"true\" class=\"wp-block-spacer\"><\/div>\n\n\n\n<h3 class=\"wp-block-heading\" id=\"h-nr-2-der-optimale-zeitpunkt-fur-die-unternehmensnachfolge-wahlen\">Nr. 2 Der optima\u00adle Zeitpunkt f\u00fcr die Unternehmens\u00adnachfolge w\u00e4hlen<\/h3>\n\n\n\n<p>Der optima\u00adle Zeitpunkt f\u00fcr Unter\u00adneh\u00admens\u00adnach\u00adfol\u00adgen h\u00e4ngt von den spezi\u00adfi\u00adschen Bed\u00fcrf\u00adnis\u00adsen des Unter\u00adneh\u00admens und seiner Eigen\u00adt\u00fc\u00admer ab. Im Allge\u00admei\u00adnen wird empfoh\u00adlen, dass die Nachfol\u00adge\u00adpla\u00adnung <strong>einige Jahre vor dem Ausschei\u00adden des Eigen\u00adt\u00fc\u00admers oder der wichtigs\u00adten Mitar\u00adbei\u00adter beginnt.<\/strong><\/p>\n\n\n\n<p>So bleibt gen\u00fcgend Zeit, um einen Nachfol\u00adge\u00adplan zu entwi\u00adckeln, poten\u00adzi\u00adel\u00adle Nachfol\u00adger zu finden, einzu\u00adstel\u00adlen und einen reibungs\u00adlo\u00adsen \u00dcbergang zu gew\u00e4hr\u00adleis\u00adten. Alter\u00adna\u00adtiv direkt das Unter\u00adneh\u00admen an Dritte zu verkaufen.<\/p>\n\n\n\n<div style=\"height:20px\" aria-hidden=\"true\" class=\"wp-block-spacer\"><\/div>\n\n\n\n<h3 class=\"wp-block-heading\" id=\"h-nr-3-alle-finanzierungsmoglichkeiten-zur-unternehmensnachfolge-ausschopfen\">Nr. 3 Alle Finan\u00adzie\u00adrungs\u00adm\u00f6g\u00adlich\u00adkei\u00adten zur Unternehmens\u00adnachfolge aussch\u00f6pfen<\/h3>\n\n\n\n<p>Ennek a folyamat\u00adnak a finan\u00adsz\u00ed\u00adro\u00adz\u00e1\u00adsa t\u00f6bbf\u00e9\u00adle forr\u00e1s\u00adb\u00f3l is sz\u00e1rmaz\u00adhat, t\u00f6bbek k\u00f6z\u00f6tt a k\u00f6vet\u00adke\u00adz\u0151k\u00adb\u0151l <strong>Banken, Sparkas\u00adsen, Risiko\u00adka\u00adpi\u00adtal\u00adge\u00adber, Finanz-Inves\u00adto\u00adren und staat\u00adli\u00adche Zusch\u00fcs\u00adse oder B\u00fcrgschaf\u00adten<\/strong>. Unter\u00adneh\u00admer k\u00f6nnen sich nicht nur an exter\u00adne Inves\u00adto\u00adren wenden, sondern auch Famili\u00aden\u00admit\u00adglie\u00adder um Hilfe bitten, um das notwen\u00addi\u00adge Kapital zu beschaffen.<\/p>\n\n\n\n<p>Um einen erfolg\u00adrei\u00adchen \u00dcbergang zu gew\u00e4hr\u00adleis\u00adten, ist es wichtig, im Voraus zu planen und alle verf\u00fcg\u00adba\u00adren Optio\u00adnen zu kennen.<\/p>\n\n\n\n<div style=\"height:30px\" aria-hidden=\"true\" class=\"wp-block-spacer\"><\/div>\n\n\n\n<h2 class=\"wp-block-heading\" id=\"h-haufige-fehler-bei-der-nachfolge-fur-unternehmen\">H\u00e4ufi\u00adge Fehler bei der Nachfol\u00adge f\u00fcr Unternehmen<\/h2>\n\n\n\n<div style=\"height:20px\" aria-hidden=\"true\" class=\"wp-block-spacer\"><\/div>\n\n\n\n<figure class=\"wp-block-image size-full\"><a href=\"https:\/\/www.kern-unternehmensnachfolge.com\/wp-content\/uploads\/2023\/10\/DIE-HAeUFIGSTEN-FEHLER-BEI-DER-NACHFOLGE-FUeR-UNTERNEHMEN-1.png\"><img loading=\"lazy\" decoding=\"async\" width=\"1024\" height=\"768\" src=\"https:\/\/www.kern-unternehmensnachfolge.com\/wp-content\/uploads\/2023\/10\/DIE-HAeUFIGSTEN-FEHLER-BEI-DER-NACHFOLGE-FUeR-UNTERNEHMEN-1.png\" alt=\"Az \u00fczleti ut\u00f3dl\u00e1s leggyakoribb hib\u00e1inak grafikus \u00e1br\u00e1zol\u00e1sa\" class=\"wp-image-29298\" srcset=\"https:\/\/www.kern-unternehmensnachfolge.com\/wp-content\/uploads\/2023\/10\/DIE-HAeUFIGSTEN-FEHLER-BEI-DER-NACHFOLGE-FUeR-UNTERNEHMEN-1.png 1024w, https:\/\/www.kern-unternehmensnachfolge.com\/wp-content\/uploads\/2023\/10\/DIE-HAeUFIGSTEN-FEHLER-BEI-DER-NACHFOLGE-FUeR-UNTERNEHMEN-1-300x225.png 300w, https:\/\/www.kern-unternehmensnachfolge.com\/wp-content\/uploads\/2023\/10\/DIE-HAeUFIGSTEN-FEHLER-BEI-DER-NACHFOLGE-FUeR-UNTERNEHMEN-1-768x576.png 768w, https:\/\/www.kern-unternehmensnachfolge.com\/wp-content\/uploads\/2023\/10\/DIE-HAeUFIGSTEN-FEHLER-BEI-DER-NACHFOLGE-FUeR-UNTERNEHMEN-1-16x12.png 16w, https:\/\/www.kern-unternehmensnachfolge.com\/wp-content\/uploads\/2023\/10\/DIE-HAeUFIGSTEN-FEHLER-BEI-DER-NACHFOLGE-FUeR-UNTERNEHMEN-1-600x450.png 600w\" sizes=\"auto, (max-width: 1024px) 100vw, 1024px\"><\/a><\/figure>\n\n\n\n<div style=\"height:30px\" aria-hidden=\"true\" class=\"wp-block-spacer\"><\/div>\n\n\n\n<p>Um sicher\u00adzu\u00adstel\u00adlen, dass der \u00dcbergang reibungs\u00adlos verl\u00e4uft, ist es wichtig, Fehler zu vermei\u00adden. Hier sind einige h\u00e4ufi\u00adge Fehler, die Unter\u00adneh\u00admer bei der Planung der Unternehmens\u00adnachfolge vermei\u00adden sollten:<\/p>\n\n\n\n<ul class=\"wp-block-list\">\n<li><strong>El\u0151ze\u00adtes terve\u00adz\u00e9s<\/strong><br>Viel zu oft warten Unter\u00adneh\u00admer, bis sie kurz vor dem gew\u00fcnsch\u00adten Ruhestand stehen oder von einer Krank\u00adheit dazu gezwun\u00adgen werden, bevor sie an die Nachfol\u00adge\u00adpla\u00adnung denken. Dies kann zu Proble\u00admen f\u00fchren, da m\u00f6gli\u00adcher\u00adwei\u00adse nicht genug Zeit bleibt, um das Eigen\u00adtum ordnungs\u00adge\u00adm\u00e4\u00df zu \u00fcbertra\u00adgen und einen reibungs\u00adlo\u00adsen \u00dcbergang zu gew\u00e4hr\u00adleis\u00adten. Eine erfolg\u00adrei\u00adche Nachfol\u00adge\u00adpla\u00adnung erfor\u00addert die sorgf\u00e4l\u00adti\u00adge Ber\u00fcck\u00adsich\u00adti\u00adgung aller Aspek\u00adte des \u00dcbergangs, einschlie\u00df\u00adlich recht\u00adli\u00adcher Anfor\u00adde\u00adrun\u00adgen, Steuern und Alters\u00adver\u00adsor\u00adgung. Eine voraus\u00adschau\u00aden\u00adde Planung kann dazu beitra\u00adgen, dass diese Fragen recht\u00adzei\u00adtig gekl\u00e4rt werden. Ein Verkauf unter Zeitdruck dr\u00fcckt auch den&nbsp;Preis.<\/li>\n\n\n\n<li><strong>Csal\u00e1d\u00adta\u00adgok bevon\u00ad\u00e1\u00adsa n\u00e9lk\u00fcl<\/strong><br>Die Famili\u00aden\u00admit\u00adglie\u00adder sollten \u00fcber alle Aspek\u00adte und Gr\u00fcnde der Nachfol\u00adge\u00adpla\u00adnung infor\u00admiert und nach M\u00f6glich\u00adkeit in den Prozess einbe\u00adzo\u00adgen werden. Wenn Sie die Famili\u00aden\u00admit\u00adglie\u00adder nicht einbe\u00adzie\u00adhen, kann dies zu Unstim\u00admig\u00adkei\u00adten und Verwir\u00adrung dar\u00fcber f\u00fchren, wer das Unter\u00adneh\u00admen \u00fcbernimmt, wenn der derzei\u00adti\u00adge Eigen\u00adt\u00fc\u00admer in den Ruhestand geht oder stirbt. Die fr\u00fchzei\u00adti\u00adge Einbin\u00addung von Famili\u00aden\u00admit\u00adglie\u00addern kann dazu beitra\u00adgen, sp\u00e4te\u00adre Missver\u00adst\u00e4nd\u00adnis\u00adse \u00fcber die zuk\u00fcnf\u00adti\u00adge F\u00fchrungs- und Eigen\u00adtums\u00adstruk\u00adtur zu vermeiden.<\/li>\n\n\n\n<li><strong>Ne k\u00e9rjen szakmai tan\u00e1c\u00adsot<\/strong><br>Unter\u00adneh\u00admens\u00adei\u00adgen\u00adt\u00fc\u00admer sollten einen erfah\u00adre\u00adnen Berater konsul\u00adtie\u00adren, bevor sie wichti\u00adge Entschei\u00addun\u00adgen im Zusam\u00admen\u00adhang mit ihrer Unternehmens\u00adnachfolge treffen. Diese Fachleu\u00adte k\u00f6nnen wertvol\u00adle Ratschl\u00e4\u00adge zum Schutz von Verm\u00f6\u00adgens\u00adwer\u00adten, zum Steuer\u00adma\u00adnage\u00adment, zur Eigen\u00adtums\u00ad\u00fcber\u00adtra\u00adgung und zu anderen wichti\u00adgen Fragen im Zusam\u00admen\u00adhang mit der Nachfol\u00adge\u00adpla\u00adnung&nbsp;geben.<\/li>\n\n\n\n<li><strong>Nem fogal\u00admaz\u00adnak meg egy\u00e9rtel\u00adm\u0171 elv\u00e1r\u00e1\u00adso\u00adkat<\/strong><br>Wenn ein Unter\u00adneh\u00admen von einer Person auf eine andere \u00fcbertra\u00adgen wird, ist es von entschei\u00adden\u00adder Bedeu\u00adtung, dass alle Betei\u00adlig\u00adten die Erwar\u00adtun\u00adgen hinsicht\u00adlich der Rollen und Verant\u00adwort\u00adlich\u00adkei\u00adten in der neuen Organi\u00adsa\u00adti\u00adons\u00adstruk\u00adtur nach dem \u00dcbergang klar definiert haben. Ohne klar definier\u00adte Erwar\u00adtun\u00adgen k\u00f6nnen Konflik\u00adte entste\u00adhen, die den gesam\u00adten \u00dcbergangs\u00adpro\u00adzess st\u00f6ren oder verz\u00f6\u00adgern k\u00f6nnen.<\/li>\n\n\n\n<li><strong>A poten\u00adci\u00e1\u00adlis kock\u00e1\u00adz\u00ada\u00adtok figyel\u00admen k\u00edv\u00fcl hagy\u00e1\u00adsa<\/strong><br>Unter\u00adneh\u00admer sollten auch die poten\u00adzi\u00adel\u00adlen Risiken in Betracht ziehen, die mit der \u00dcbertra\u00adgung des Eigen\u00adtums an ihrem Unter\u00adneh\u00admen verbun\u00adden sind \u2013 Risiken wie der Verlust der Kontrol\u00adle \u00fcber die Entschei\u00addungs\u00adpro\u00adzes\u00adse oder poten\u00adzi\u00adel\u00adle Strei\u00adtig\u00adkei\u00adten zwischen den Famili\u00aden\u00admit\u00adglie\u00addern dar\u00fcber, wem welcher Teil des Unter\u00adneh\u00admens\u00adver\u00adm\u00f6\u00adgens nach Abschluss der \u00dcberga\u00adbe geh\u00f6ren wird. Durch die fr\u00fchzei\u00adti\u00adge Identi\u00adfi\u00adzie\u00adrung poten\u00adzi\u00adel\u00adler Risiken im Zusam\u00admen\u00adhang mit ihrer spezi\u00adel\u00adlen Situa\u00adti\u00adon k\u00f6nnen sich Unter\u00adneh\u00admer besser auf m\u00f6gli\u00adche Proble\u00adme vorbe\u00adrei\u00adten, die nach dem \u00dcbergang auftre\u00adten k\u00f6nnten, und sich entspre\u00adchend dagegen sch\u00fct\u00adzen. \u00c4hnli\u00adche Anlie\u00adgen gilt es auch gegen\u00ad\u00fcber fremden Dritten zu beachten.<\/li>\n<\/ul>\n\n\n\n<div style=\"height:30px\" aria-hidden=\"true\" class=\"wp-block-spacer\"><\/div>\n\n\n\n<h2 class=\"wp-block-heading\" id=\"h-fazit\">K\u00f6vet\u00adkez\u00adte\u00adt\u00e9s<\/h2>\n\n\n\n<p>Zusam\u00admen\u00adfas\u00adsend l\u00e4sst sich sagen, dass es wichtig ist, einen erfolg\u00adrei\u00adchen und reibungs\u00adlo\u00adsen \u00dcbergang von einer F\u00fchrungs\u00adge\u00adnera\u00adti\u00adon zur n\u00e4chs\u00adten in einem Unter\u00adneh\u00admen <strong>sorgf\u00e4l\u00adtig zu planen und umzusetzen.<\/strong><\/p>\n\n\n\n<div style=\"height:20px\" aria-hidden=\"true\" class=\"wp-block-spacer\"><\/div>\n\n\n\n<figure class=\"wp-block-embed is-type-video is-provider-youtube wp-block-embed-youtube wp-embed-aspect-16-9 wp-has-aspect-ratio\"><div class=\"wp-block-embed__wrapper\">\n<iframe loading=\"lazy\" title=\"Unternehmensverkauf vorbereiten: Warum der Faktor Zeit entscheidend ist\" width=\"500\" height=\"281\" src=\"https:\/\/www.youtube.com\/embed\/Q3AKR0472PU?feature=oembed\" frameborder=\"0\" allow=\"accelerometer; autoplay; clipboard-write; encrypted-media; gyroscope; picture-in-picture; web-share\" referrerpolicy=\"strict-origin-when-cross-origin\" allowfullscreen><\/iframe>\n<\/div><\/figure>\n\n\n\n<div style=\"height:30px\" aria-hidden=\"true\" class=\"wp-block-spacer\"><\/div>\n\n\n\n<p>Wenn Sie unseren empfoh\u00adle\u00adnen f\u00fcnf Schrit\u00adten folgen, k\u00f6nnen Sie eine erfolg\u00adrei\u00adche Unternehmens\u00adnachfolge gew\u00e4hr\u00adleis\u00adten. Mit einer durch\u00addach\u00adten Planung k\u00f6nnen Unter\u00adneh\u00admen sicher\u00adstel\u00adlen, dass das Unter\u00adneh\u00admen auch f\u00fcr kommen\u00adde Genera\u00adtio\u00adnen gesund bleibt.<\/p>\n\n\n\n<div style=\"height:30px\" aria-hidden=\"true\" class=\"wp-block-spacer\"><\/div>\n\n\n\n<h2 class=\"wp-block-heading\" id=\"h-faq\"><span class=\"caps\">GYIK<\/span><\/h2>\n\n\n<div id=\"rank-math-faq\" class=\"rank-math-block\">\n<div class=\"rank-math-list\">\n<div id=\"faq-question-69a182b08e4e7\" class=\"rank-math-list-item\">\n<h3 class=\"rank-math-question\"><strong>Welche Risiken k\u00f6nnen bei einer Unternehmens\u00adnachfolge auftreten?<\/strong><\/h3>\n<div class=\"rank-math-answer\">\n\n<p>Es k\u00f6nnen verschie\u00adde\u00adne Risiken auftre\u00adten, wie beispiels\u00adwei\u00adse die Anpas\u00adsung des neuen Nachfol\u00adgers an die Unter\u00adneh\u00admens\u00adkul\u00adtur, die finan\u00adzi\u00adel\u00adle Belas\u00adtung durch den Kaufpreis oder die erfolg\u00adrei\u00adche Weiter\u00adf\u00fch\u00adrung des Unternehmens.<\/p>\n\n<\/div>\n<\/div>\n<div id=\"faq-question-69a182b08e4e9\" class=\"rank-math-list-item\">\n<h3 class=\"rank-math-question\"><strong>Welche Chancen ergeben sich f\u00fcr Nachfolger?<\/strong><\/h3>\n<div class=\"rank-math-answer\">\n\n<p>Im Gegen\u00adsatz zu Existenz\u00adgr\u00fcn\u00addun\u00adgen bietet sich die Chance, ein bereits funktio\u00adnie\u00adren\u00addes Unter\u00adneh\u00admen zu \u00fcberneh\u00admen und weiter\u00adzu\u00adent\u00adwi\u00adckeln. Dabei kann man von bereits etablier\u00adten Kunden\u00adbe\u00adzie\u00adhun\u00adgen, einem bestehen\u00adden Produkt oder einer Dienst\u00adleis\u00adtung sowie dem Know-how des Unter\u00adneh\u00admens profitieren.<\/p>\n\n<\/div>\n<\/div>\n<div id=\"faq-question-69a182b08e4ea\" class=\"rank-math-list-item\">\n<h3 class=\"rank-math-question\"><strong>Was sollte man beach\u00adten, wenn man als F\u00fchrungs\u00adkraft eine \u00dcbernah\u00adme in Betracht zieht?<\/strong><\/h3>\n<div class=\"rank-math-answer\">\n\n<p>Als F\u00fchrungs\u00adkraft ist es wichtig, die eigenen F\u00e4hig\u00adkei\u00adten und Quali\u00adfi\u00adka\u00adtio\u00adnen zu \u00fcberpr\u00fc\u00adfen, die Kommu\u00adni\u00adka\u00adti\u00adon mit dem aktuel\u00adlen Eigen\u00adt\u00fc\u00admer des Unter\u00adneh\u00admens zu suchen und die finan\u00adzi\u00adel\u00adlen Aspek\u00adte der Nachfol\u00adge zu kl\u00e4ren.<\/p>\n\n<\/div>\n<\/div>\n<div id=\"faq-question-69a182b08e4eb\" class=\"rank-math-list-item\">\n<h3 class=\"rank-math-question\"><strong>Milyen szere\u00adpet j\u00e1tszik a k\u00fcls\u0151 ut\u00f3dl\u00e1s a v\u00e1llala\u00adti ut\u00f3dl\u00e1sban?<\/strong><\/h3>\n<div class=\"rank-math-answer\">\n\n<p>Die exter\u00adne Nachfol\u00adge kann eine attrak\u00adti\u00adve Option sein, wenn inner\u00adhalb der Familie kein geeig\u00adne\u00adter Nachfol\u00adger gefun\u00adden werden kann. Hierbei wird ein exter\u00adner Nachfol\u00adger gesucht, der das Unter\u00adneh\u00admen \u00fcbernimmt und weiterf\u00fchrt.<\/p>\n\n<\/div>\n<\/div>\n<div id=\"faq-question-69a182b08e4ec\" class=\"rank-math-list-item\">\n<h3 class=\"rank-math-question\">Was ist bei der Nachfol\u00adge\u00adpla\u00adnung beson\u00adders wichtig?<\/h3>\n<div class=\"rank-math-answer\">\n\n<p>Unter\u00adneh\u00adme\u00adrin\u00adnen und Unter\u00adneh\u00admer sowie Inhabe\u00adrin\u00adnen und Inhaber sollten die Nachfol\u00adge fr\u00fchzei\u00adtig planen, um recht\u00adli\u00adche und organi\u00adsa\u00adto\u00adri\u00adsche H\u00fcrden zu vermei\u00adden. Dabei ist es entschei\u00addend, klare Zust\u00e4n\u00addig\u00adkei\u00adten festzu\u00adle\u00adgen und die \u00dcberga\u00adbe struk\u00adtu\u00adriert vorzu\u00adbe\u00adrei\u00adten. Eine profes\u00adsio\u00adnel\u00adle Beratung hilft, indivi\u00addu\u00adel\u00adle Ziele umzuset\u00adzen und den langfris\u00adti\u00adgen Erfolg des Unter\u00adneh\u00admens zu sichern.<\/p>\n\n<\/div>\n<\/div>\n<\/div>\n<\/div>\n\n\n<p><\/p>","protected":false},"excerpt":{"rendered":"<p>Das Thema Nachfolgeplanung ist ein wichtiger Schritt, um die Kontinuit\u00e4t und den zuk\u00fcnftigen Erfolg eines jeden Unternehmens zu gew\u00e4hrleisten. In [&hellip;]<\/p>\n","protected":false},"author":61,"featured_media":32839,"comment_status":"closed","ping_status":"closed","sticky":false,"template":"","format":"standard","meta":{"wp_typography_post_enhancements_disabled":false,"_kad_blocks_custom_css":"","_kad_blocks_head_custom_js":"","_kad_blocks_body_custom_js":"","_kad_blocks_footer_custom_js":"","site-sidebar-layout":"default","site-content-layout":"","ast-site-content-layout":"default","site-content-style":"default","site-sidebar-style":"default","ast-global-header-display":"","ast-banner-title-visibility":"","ast-main-header-display":"","ast-hfb-above-header-display":"","ast-hfb-below-header-display":"","ast-hfb-mobile-header-display":"","site-post-title":"","ast-breadcrumbs-content":"","ast-featured-img":"","footer-sml-layout":"","ast-disable-related-posts":"","theme-transparent-header-meta":"","adv-header-id-meta":"","stick-header-meta":"","header-above-stick-meta":"","header-main-stick-meta":"","header-below-stick-meta":"","astra-migrate-meta-layouts":"set","ast-page-background-enabled":"default","ast-page-background-meta":{"desktop":{"background-color":"","background-image":"","background-repeat":"repeat","background-position":"center center","background-size":"auto","background-attachment":"scroll","background-type":"","background-media":"","overlay-type":"","overlay-color":"","overlay-opacity":"","overlay-gradient":""},"tablet":{"background-color":"","background-image":"","background-repeat":"repeat","background-position":"center center","background-size":"auto","background-attachment":"scroll","background-type":"","background-media":"","overlay-type":"","overlay-color":"","overlay-opacity":"","overlay-gradient":""},"mobile":{"background-color":"","background-image":"","background-repeat":"repeat","background-position":"center center","background-size":"auto","background-attachment":"scroll","background-type":"","background-media":"","overlay-type":"","overlay-color":"","overlay-opacity":"","overlay-gradient":""}},"ast-content-background-meta":{"desktop":{"background-color":"var(--ast-global-color-5)","background-image":"","background-repeat":"repeat","background-position":"center center","background-size":"auto","background-attachment":"scroll","background-type":"","background-media":"","overlay-type":"","overlay-color":"","overlay-opacity":"","overlay-gradient":""},"tablet":{"background-color":"var(--ast-global-color-5)","background-image":"","background-repeat":"repeat","background-position":"center center","background-size":"auto","background-attachment":"scroll","background-type":"","background-media":"","overlay-type":"","overlay-color":"","overlay-opacity":"","overlay-gradient":""},"mobile":{"background-color":"var(--ast-global-color-5)","background-image":"","background-repeat":"repeat","background-position":"center center","background-size":"auto","background-attachment":"scroll","background-type":"","background-media":"","overlay-type":"","overlay-color":"","overlay-opacity":"","overlay-gradient":""}},"iawp_total_views":153,"footnotes":""},"categories":[1],"tags":[3953],"class_list":["post-29291","post","type-post","status-publish","format-standard","has-post-thumbnail","hentry","category-unternehmensnachfolge-2","tag-cta-webinar-generationswechsel"],"taxonomy_info":{"category":[{"value":1,"label":"Unternehmensnachfolge"}],"post_tag":[{"value":3953,"label":"CTA: Webinar Generationswechsel"}]},"featured_image_src_large":["https:\/\/www.kern-unternehmensnachfolge.com\/wp-content\/uploads\/2023\/10\/Ratgeber-Unternehmensnachfolge5.jpg",2048,700,false],"author_info":{"display_name":"Alexander Mehnert","author_link":"https:\/\/www.kern-unternehmensnachfolge.com\/hu\/author\/alexander-mehnert\/"},"comment_info":0,"category_info":[{"term_id":1,"name":"Unternehmensnachfolge","slug":"unternehmensnachfolge-2","term_group":0,"term_taxonomy_id":1,"taxonomy":"category","description":"","parent":0,"count":280,"filter":"raw","cat_ID":1,"category_count":280,"category_description":"","cat_name":"Unternehmensnachfolge","category_nicename":"unternehmensnachfolge-2","category_parent":0}],"tag_info":[{"term_id":3953,"name":"CTA: Webinar Generationswechsel","slug":"cta-webinar-generationswechsel","term_group":0,"term_taxonomy_id":3953,"taxonomy":"post_tag","description":"","parent":0,"count":36,"filter":"raw"}],"_links":{"self":[{"href":"https:\/\/www.kern-unternehmensnachfolge.com\/hu\/wp-json\/wp\/v2\/posts\/29291","targetHints":{"allow":["GET"]}}],"collection":[{"href":"https:\/\/www.kern-unternehmensnachfolge.com\/hu\/wp-json\/wp\/v2\/posts"}],"about":[{"href":"https:\/\/www.kern-unternehmensnachfolge.com\/hu\/wp-json\/wp\/v2\/types\/post"}],"author":[{"embeddable":true,"href":"https:\/\/www.kern-unternehmensnachfolge.com\/hu\/wp-json\/wp\/v2\/users\/61"}],"replies":[{"embeddable":true,"href":"https:\/\/www.kern-unternehmensnachfolge.com\/hu\/wp-json\/wp\/v2\/comments?post=29291"}],"version-history":[{"count":0,"href":"https:\/\/www.kern-unternehmensnachfolge.com\/hu\/wp-json\/wp\/v2\/posts\/29291\/revisions"}],"wp:featuredmedia":[{"embeddable":true,"href":"https:\/\/www.kern-unternehmensnachfolge.com\/hu\/wp-json\/wp\/v2\/media\/32839"}],"wp:attachment":[{"href":"https:\/\/www.kern-unternehmensnachfolge.com\/hu\/wp-json\/wp\/v2\/media?parent=29291"}],"wp:term":[{"taxonomy":"category","embeddable":true,"href":"https:\/\/www.kern-unternehmensnachfolge.com\/hu\/wp-json\/wp\/v2\/categories?post=29291"},{"taxonomy":"post_tag","embeddable":true,"href":"https:\/\/www.kern-unternehmensnachfolge.com\/hu\/wp-json\/wp\/v2\/tags?post=29291"}],"curies":[{"name":"wp","href":"https:\/\/api.w.org\/{rel}","templated":true}]}}