{"id":1006,"date":"2024-08-09T09:19:07","date_gmt":"2024-08-09T07:19:07","guid":{"rendered":"https:\/\/great-kare.185-125-174-66.plesk.page\/last-oder-lust-unternehmensnachfolge-in-familienunternehmen-2\/"},"modified":"2026-02-27T12:40:17","modified_gmt":"2026-02-27T11:40:17","slug":"uezleti-utodlas-csaladi-vallalkozas","status":"publish","type":"post","link":"https:\/\/www.kern-unternehmensnachfolge.com\/hu\/unternehmensnachfolge-familienunternehmen\/","title":{"rendered":"\u00dczleti ut\u00f3dl\u00e1s csal\u00e1\u00addi v\u00e1llalkoz\u00e1s"},"content":{"rendered":"<h2 class=\"wp-block-heading\">6 Fallstri\u00adcke und L\u00f6sun\u00adgen: Unser Leitfa\u00adden f\u00fcr Unter\u00adneh\u00admen in Familienhand<\/h2>\n\n\n\n<p>Amikor a <a href=\"https:\/\/www.kern-unternehmensnachfolge.com\/hu\/a-ceges-utodlas-5-lepesben-szabalyok\/\">V\u00e1llala\u00adti ut\u00f3dl\u00e1s<\/a> a csal\u00e1\u00addi v\u00e1llal\u00adko\u00adz\u00e1\u00adsok\u00adban a folyamat \u00f6ssze\u00adtett \u00e9s tele lehet bukta\u00adt\u00f3k\u00adkal. Ahogy a mond\u00e1s tartja:<strong> \u201cWer nicht plant, plant zu scheitern\u201d.<\/strong><\/p>\n\n\n\n<p>Ez\u00e9rt fontos, hogy a csal\u00e1\u00addok <strong>alle Aspek\u00adte der Unternehmens\u00adnachfolge ber\u00fcck\u00adsich\u00adti\u00adgen<\/strong>, um einen erfolg\u00adrei\u00adchen \u00dcbergang zu gew\u00e4hr\u00adleis\u00adten. In diesem Artikel gehen wir auf einige der h\u00e4ufigs\u00adten Proble\u00adme ein, die bei der \u00dcbertra\u00adgung von Famili\u00aden\u00adun\u00adter\u00adneh\u00admen auftre\u00adten. Und wir geben Ihnen in unserem komple\u00adxen Leitfa\u00adden gleich m\u00f6gli\u00adche L\u00f6sun\u00adgen an die&nbsp;Hand.<\/p>\n\n\n\n<div class=\"wp-block-columns has-background is-layout-flex wp-container-core-columns-is-layout-b653aba5 wp-block-columns-is-layout-flex\" style=\"border-radius:12px;background-color:#013372;padding-top:var(--wp--preset--spacing--50);padding-right:var(--wp--preset--spacing--50);padding-bottom:var(--wp--preset--spacing--50);padding-left:var(--wp--preset--spacing--50)\">\n<div class=\"wp-block-column is-layout-flow wp-block-column-is-layout-flow\">\n<p class=\"has-text-align-center has-ast-global-color-5-color has-text-color has-link-color wp-elements-56c75ef5dbb4728891f2b6f9da82fac4\" style=\"font-size:22px\">Denken Sie \u00fcber einen Verkauf Ihres Famili\u00aden\u00adun\u00adter\u00adneh\u00admens&nbsp;nach?&nbsp;<\/p>\n\n\n\n<p class=\"has-text-align-center has-ast-global-color-5-color has-text-color has-link-color wp-elements-e381b55fba618dc59df3e44d1e09f13e\" style=\"margin-bottom:var(--wp--preset--spacing--50)\">Dieser emotio\u00adna\u00adle Schritt erfor\u00addert viel Finger\u00adspit\u00adzen\u00adge\u00adf\u00fchl und Erfah\u00adrung. Vertrau\u00aden Sie auf die Exper\u00adti\u00adse von <span class=\"caps\">KERN<\/span> \u2013 mit unserer bew\u00e4hr\u00adten Erfolgs\u00adga\u00adran\u00adtie beglei\u00adten wir Sie sicher durch den gesam\u00adten Prozess und sorgen daf\u00fcr, dass Ihr Lebens\u00adwerk in besten H\u00e4nden bleibt.<\/p>\n\n\n\n<div class=\"wp-block-buttons is-content-justification-center is-layout-flex wp-container-core-buttons-is-layout-a89b3969 wp-block-buttons-is-layout-flex\">\n<div class=\"wp-block-button\"><a class=\"wp-block-button__link has-luminous-vivid-amber-background-color has-background wp-element-button\" href=\"https:\/\/www.kern-unternehmensnachfolge.com\/hu\/tanacskeres\/\">Gratis Erstge\u00adspr\u00e4ch buchen<\/a><\/div>\n<\/div>\n<\/div>\n\n\n\n<div class=\"wp-block-column is-vertically-aligned-center is-layout-flow wp-block-column-is-layout-flow\" style=\"flex-basis:215px\">\n<figure class=\"wp-block-image size-medium is-resized\"><img loading=\"lazy\" decoding=\"async\" width=\"300\" height=\"290\" src=\"https:\/\/www.kern-unternehmensnachfolge.com\/wp-content\/uploads\/2023\/03\/KERN_Erfolgsgarantie_RGB_gelb_08.24-300x290.png\" alt=\"Garant\u00e1ltan sikeres pecs\u00e9t a KERN-t\u0151l\" class=\"wp-image-31535\" style=\"width:215px;height:auto\" srcset=\"https:\/\/www.kern-unternehmensnachfolge.com\/wp-content\/uploads\/2023\/03\/KERN_Erfolgsgarantie_RGB_gelb_08.24-300x290.png 300w, https:\/\/www.kern-unternehmensnachfolge.com\/wp-content\/uploads\/2023\/03\/KERN_Erfolgsgarantie_RGB_gelb_08.24-1024x988.png 1024w, https:\/\/www.kern-unternehmensnachfolge.com\/wp-content\/uploads\/2023\/03\/KERN_Erfolgsgarantie_RGB_gelb_08.24-768x741.png 768w, https:\/\/www.kern-unternehmensnachfolge.com\/wp-content\/uploads\/2023\/03\/KERN_Erfolgsgarantie_RGB_gelb_08.24-1536x1482.png 1536w, https:\/\/www.kern-unternehmensnachfolge.com\/wp-content\/uploads\/2023\/03\/KERN_Erfolgsgarantie_RGB_gelb_08.24-12x12.png 12w, https:\/\/www.kern-unternehmensnachfolge.com\/wp-content\/uploads\/2023\/03\/KERN_Erfolgsgarantie_RGB_gelb_08.24.png 1741w\" sizes=\"auto, (max-width: 300px) 100vw, 300px\"><\/figure>\n<\/div>\n<\/div>\n\n\n\n<div style=\"height:20px\" aria-hidden=\"true\" class=\"wp-block-spacer\"><\/div>\n\n\n\n<div class=\"wp-block-rank-math-toc-block\"><h2>Tarta\u00adlom\u00adjegy\u00adz\u00e9k<\/h2><nav><ul><li><a href=\"#h-wie-entwickelt-sich-der-markt-der-unternehmensnachfolgen\">Hogyan alakul a c\u00e9gut\u00f3d\u00adl\u00e1s&nbsp;piaca?<\/a><\/li><li><a href=\"#h-strategische-nachfolgeberatung-schlussel-zum-erfolg-in-familienbetrieben\">Strate\u00adgi\u00adsche Nachfol\u00adge\u00adbe\u00adra\u00adtung: Schl\u00fcs\u00adsel zum Erfolg in Familienbetrieben<\/a><\/li><li><a href=\"#h-6-haufige-fallstricke-bei-der-nachfolge-in-familienunternehmen\">6 H\u00e4ufi\u00adge Fallstri\u00adcke bei der Nachfol\u00adge in Familienunternehmen<\/a><\/li><li><a href=\"#h-die-gestaltung-des-nachfolgeprozesses-5-schritte-und-entscheidungen-in-der-ubergangsphase\">Die Gestal\u00adtung des Nachfol\u00adge\u00adpro\u00adzes\u00adses: 5 Schrit\u00adte und Entschei\u00addun\u00adgen in der \u00dcbergangsphase<\/a><\/li><li><a href=\"#h-warum-fallt-familienunternehmern-der-generationswechsel-so-schwer\">Warum f\u00e4llt Famili\u00aden\u00adun\u00adter\u00adneh\u00admern der Generations\u00adwechsel so schwer?<\/a><\/li><li><a href=\"#h-unternehmensnachfolge-durch-die-eigenen-kinder\">C\u00e9gut\u00f3d\u00adl\u00e1s saj\u00e1t gyerme\u00adkek&nbsp;r\u00e9v\u00e9n<\/a><\/li><li><a href=\"#h-herausforderungen-und-strategien-bei-der-unternehmensnachfolge-in-familienunternehmen\">Heraus\u00adfor\u00adde\u00adrun\u00adgen und Strate\u00adgien bei der Unternehmens\u00adnachfolge in Familienunternehmen<\/a><\/li><li><a href=\"#h-welche-alternativen-zum-familieninternen-generationswechsel-bestehen\">Milyen alter\u00adna\u00adt\u00ed\u00adv\u00e1i vannak a csal\u00e1\u00addon bel\u00fcli gener\u00e1ci\u00f3v\u00e1lt\u00e1snak?<\/a><\/li><li><a href=\"#h-fazit\">K\u00f6vet\u00adkez\u00adte\u00adt\u00e9s<\/a><\/li><li><a href=\"#h-faq-wichtige-fragen-zum-thema-kurz-beantwortet\"><span class=\"caps\">FAQ<\/span> \u2013 Wichti\u00adge Fragen zum Thema kurz beantwortet<\/a><\/li><\/ul><\/nav><\/div>\n\n\n\n<div style=\"height:20px\" aria-hidden=\"true\" class=\"wp-block-spacer\"><\/div>\n\n\n\n<h2 class=\"wp-block-heading\" id=\"h-wie-entwickelt-sich-der-markt-der-unternehmensnachfolgen\">Hogyan alakul a c\u00e9gut\u00f3d\u00adl\u00e1s&nbsp;piaca?<\/h2>\n\n\n\n<p>Mi a KERN-n\u00e9l <strong>kidol\u00adgoz\u00adta saj\u00e1t, orsz\u00e1\u00adgos szint\u0171 nyomon k\u00f6vet\u00e9\u00adsi tanul\u00adm\u00e1\u00adny\u00e1t.<\/strong> Dabei haben wir die Alters\u00adklas\u00adsen der Inhaber und die Anzahl der Betrie\u00adbe in den deutschen Kammer\u00adbe\u00adzir\u00adken n\u00e4her unter die Lupe genommen.<\/p>\n\n\n\n<p><strong>A helyzet s\u00falyosabb, mint ahogyan azt a minden\u00adna\u00adpi \u00e9letben \u00e9rz\u00e9kel\u00adj\u00fck.<\/strong>&nbsp; A mi szempon\u00adtunk\u00adb\u00f3l a politi\u00adk\u00adai\u00adlag felel\u0151s\u00ad\u00f6k m\u00e9g nem ismer\u00adt\u00e9k fel a csal\u00e1\u00addi v\u00e1llal\u00adko\u00adz\u00e1\u00adsok\u00adban bek\u00f6vet\u00adke\u00adz\u0151 \u00f6r\u00f6k\u00f6s\u00ad\u00f6d\u00e9\u00adsi hull\u00e1m\u00adb\u00f3l \u00e9s az ebb\u0151l ered\u0151 gazdas\u00e1\u00adgi probl\u00e9\u00adm\u00e1k\u00adb\u00f3l ered\u0151 probl\u00e9m\u00e1kat.<\/p>\n\n\n\n<p>Durch die enorm hohe Klein\u00adtei\u00adlig\u00adkeit der Firmen und Struk\u00adtu\u00adren f\u00e4llt dieser schlei\u00adchen\u00adde Prozess nicht sonder\u00adlich stark auf. \u00dcber 90 % der deutschen Firmen haben weniger als 25 Mitar\u00adbei\u00adter. Und wenn die morgen verschwin\u00adden, f\u00e4llt es erst nach Jahren und einem<strong> h\u00f6heren Tempo der Firmen\u00adver\u00adnich\u00adtung<\/strong> t\u00e9nyleg a k\u00f6vet\u00adkez\u00adm\u00e9\u00adny. Ha a gener\u00e1\u00adci\u00f3\u00adv\u00e1l\u00adt\u00e1s csal\u00e1\u00addi v\u00e1llal\u00adko\u00adz\u00e1\u00adsaink\u00adban nem siker\u00fcl, akkor a j\u00f3l\u00e9t\u00fcnk vesz\u00e9\u00adly\u00adbe&nbsp;ker\u00fcl.<\/p>\n\n\n\n<div style=\"height:20px\" aria-hidden=\"true\" class=\"wp-block-spacer\"><\/div>\n\n\n\n<figure class=\"wp-block-image alignleft size-full has-custom-border\"><a href=\"https:\/\/www.kern-unternehmensnachfolge.com\/wp-content\/uploads\/2024\/02\/Die-Nachfolgeplanung-in-Familienunternehmen.png\"><img loading=\"lazy\" decoding=\"async\" width=\"1024\" height=\"768\" src=\"https:\/\/www.kern-unternehmensnachfolge.com\/wp-content\/uploads\/2024\/02\/Die-Nachfolgeplanung-in-Familienunternehmen.png\" alt=\"Grafika a csal\u00e1di v\u00e1llalkoz\u00e1sok ut\u00f3dl\u00e1si terv\u00e9r\u0151l\" class=\"wp-image-29925\" style=\"border-radius:12px;object-fit:cover\" srcset=\"https:\/\/www.kern-unternehmensnachfolge.com\/wp-content\/uploads\/2024\/02\/Die-Nachfolgeplanung-in-Familienunternehmen.png 1024w, https:\/\/www.kern-unternehmensnachfolge.com\/wp-content\/uploads\/2024\/02\/Die-Nachfolgeplanung-in-Familienunternehmen-300x225.png 300w, https:\/\/www.kern-unternehmensnachfolge.com\/wp-content\/uploads\/2024\/02\/Die-Nachfolgeplanung-in-Familienunternehmen-768x576.png 768w, https:\/\/www.kern-unternehmensnachfolge.com\/wp-content\/uploads\/2024\/02\/Die-Nachfolgeplanung-in-Familienunternehmen-16x12.png 16w, https:\/\/www.kern-unternehmensnachfolge.com\/wp-content\/uploads\/2024\/02\/Die-Nachfolgeplanung-in-Familienunternehmen-600x450.png 600w\" sizes=\"auto, (max-width: 1024px) 100vw, 1024px\"><\/a><\/figure>\n\n\n\n<div style=\"height:20px\" aria-hidden=\"true\" class=\"wp-block-spacer\"><\/div>\n\n\n\n<h3 class=\"wp-block-heading\" id=\"h-ein-losungsansatz\">Ein L\u00f6sungs\u00adan\u00adsatz<\/h3>\n\n\n\n<p>Die einzig allein gl\u00fcck\u00adlich machen\u00adde L\u00f6sung gibt es nicht. Wir von <span class=\"caps\">KERN<\/span> halten bei dieser Frage viel vom <strong>A szem\u00e9\u00adlyes felel\u0151s\u00ads\u00e9g elve<\/strong>. Wenn Unter\u00adneh\u00admer die Nachfol\u00adge\u00adfra\u00adge wirklich ernst nehmen und sie als gr\u00f6\u00dfte unter\u00adneh\u00adme\u00adri\u00adsche Heraus\u00adfor\u00adde\u00adrung schlecht\u00adhin begrei\u00adfen, sollte ein gro\u00dfer Teil aller Nachfol\u00adge\u00adfra\u00adgen in Famili\u00aden\u00adun\u00adter\u00adneh\u00admen l\u00f6sbar sein.<\/p>\n\n\n\n<p>De akarnom kell, \u00e9s r\u00e9szt kell vennem benne. Id\u0151vel is, mert az \u00fczleti sikerek ritk\u00e1n siker\u00fcl\u00adnek nyom\u00e1s alatt.<\/p>\n\n\n\n<div style=\"height:20px\" aria-hidden=\"true\" class=\"wp-block-spacer\"><\/div>\n\n\n\n<h2 class=\"wp-block-heading\" id=\"h-strategische-nachfolgeberatung-schlussel-zum-erfolg-in-familienbetrieben\">Strate\u00adgi\u00adsche Nachfol\u00adge\u00adbe\u00adra\u00adtung: Schl\u00fcs\u00adsel zum Erfolg in Familienbetrieben<\/h2>\n\n\n\n<p>A strat\u00e9\u00adgiai fontos\u00ads\u00e1\u00adga <a href=\"https:\/\/www.kern-unternehmensnachfolge.com\/hu\/utodlasi-tanacsadas\/\">Ut\u00f3dl\u00e1\u00adsi tan\u00e1c\u00adsa\u00add\u00e1s<\/a> kann nicht hoch genug einge\u00adsch\u00e4tzt werden, beson\u00adders in der Komple\u00adxi\u00adt\u00e4t der Famili\u00aden\u00adbe\u00adtrie\u00adbe. Diese Beratung geht weit \u00fcber die reinen Zahlen und Vertr\u00e4\u00adge hinaus und befasst sich inten\u00adsiv mit der Dynamik inner\u00adhalb der Unter\u00adneh\u00admer\u00adfa\u00admi\u00adlie, den bevor\u00adste\u00adhen\u00adden Ver\u00e4n\u00adde\u00adrun\u00adgen und den damit verbun\u00adde\u00adnen Sorgen im Familienbetrieb.<\/p>\n\n\n\n<h3 class=\"wp-block-heading\" id=\"h-kernpunkte-der-nachfolgeberatung\">Az ut\u00f3dl\u00e1\u00adsi tan\u00e1c\u00adsa\u00add\u00e1s f\u0151bb pontjai<\/h3>\n\n\n\n<ul class=\"wp-block-list\">\n<li><strong>Verst\u00e4nd\u00adnis der Famili\u00aden- und Unter\u00adneh\u00admens\u00addy\u00adna\u00admik:<\/strong> Die Berater m\u00fcssen die einzig\u00adar\u00adti\u00adge Situa\u00adti\u00adon jedes Famili\u00aden\u00adun\u00adter\u00adneh\u00admens erken\u00adnen und verste\u00adhen. Es geht darum, die famili\u00e4\u00adren Bezie\u00adhun\u00adgen, die gesch\u00e4ft\u00adli\u00adchen Heraus\u00adfor\u00adde\u00adrun\u00adgen und die emotio\u00adna\u00adlen Aspek\u00adte der Nachfol\u00adge zu erfassen.<\/li>\n\n\n\n<li><strong>Szem\u00e9\u00adly\u00adre szabott ut\u00f3dl\u00e1\u00adsi terv kidol\u00adgo\u00adz\u00e1\u00adsa:<\/strong> Ein indivi\u00addu\u00adel\u00adler, auf die spezi\u00adfi\u00adschen Bed\u00fcrf\u00adnis\u00adse und Ziele der Unter\u00adneh\u00admer\u00adfa\u00admi\u00adlie zugeschnit\u00adte\u00adner Plan ist entschei\u00addend. Dieser beinhal\u00adtet klare Nachfol\u00adge\u00adre\u00adge\u00adlun\u00adgen, Verant\u00adwort\u00adlich\u00adkei\u00adten und einen Fahrplan f\u00fcr die \u00dcbergabe.<\/li>\n<\/ul>\n\n\n\n<p><strong>Konflikt\u00adma\u00adnage\u00adment und L\u00f6sungs\u00adfin\u00addung:<\/strong> H\u00e4ufig treten inner\u00adfa\u00admi\u00adli\u00e4\u00adre Konflik\u00adte auf, die den \u00dcberga\u00adbe\u00adpro\u00adzess erschwe\u00adren k\u00f6nnen. Die Beratung sollte dabei helfen, diese Konflik\u00adte zu identi\u00adfi\u00adzie\u00adren und L\u00f6sun\u00adgen zu entwickeln.<\/p>\n\n\n\n<div style=\"height:20px\" aria-hidden=\"true\" class=\"wp-block-spacer\"><\/div>\n\n\n\n<h3 class=\"wp-block-heading\" id=\"h-unterstutzung-durch-experten\">Unter\u00adst\u00fct\u00adzung durch Experten<\/h3>\n\n\n\n<p><a href=\"https:\/\/www.kern-unternehmensnachfolge.com\/hu\/a-ceges-utodlas-5-lepesben-szabalyok\/\">V\u00e1llala\u00adti ut\u00f3dl\u00e1s<\/a> ist extrem komplex. Hier m\u00fcssen <strong>Jogi, gazdas\u00e1\u00adgi, ad\u00f3z\u00e1\u00adsi \u00e9s \u00e9rzel\u00admi k\u00e9rd\u00e9\u00adsek <\/strong>\u00f6sszpon\u00adto\u00ads\u00ed\u00adta\u00adni. \u00c9s minden aspek\u00adtus finoman \u00f6sszefon\u00f3dik.<\/p>\n\n\n\n<p>C\u00e9gtu\u00adlaj\u00addo\u00adno\u00adsk\u00e9nt nem tudok \u00e9s nem is kell mindent magam\u00adnak tudnom, \u00e9s nem is kell, hogy mindent tudjak.<a href=\"https:\/\/www.kern-unternehmensnachfolge.com\/hu\/hogyan-talaljunk-komoly-tanacsadokat-az-uezleti-ertekesiteshez\/\"> Szak\u00e9rt\u0151k<\/a> f\u00fcr dieses Spezi\u00adal\u00adge\u00adbiet suchen. <strong>T\u00e1rsak, akiknek ponto\u00adsan ez a tapasz\u00adtala\u00adtuk van<\/strong> und wie bei einer anspruchs\u00advol\u00adlen Tour im Gebir\u00adge, mich als Bergf\u00fch\u00adrer sicher zum Ziel bringen. Ohne Absturz und idealer\u00adwei\u00adse auch ohne Umwege.<\/p>\n\n\n\n<div style=\"height:20px\" aria-hidden=\"true\" class=\"wp-block-spacer\"><\/div>\n\n\n\n<div class=\"wp-block-columns is-layout-flex wp-container-core-columns-is-layout-28f84493 wp-block-columns-is-layout-flex\">\n<div class=\"wp-block-column is-layout-flow wp-block-column-is-layout-flow\">\n<figure class=\"wp-block-image aligncenter size-full\"><a href=\"https:\/\/www.kern-unternehmensnachfolge.com\/hu\/tanacskeres\/\"><img loading=\"lazy\" decoding=\"async\" width=\"500\" height=\"348\" src=\"https:\/\/www.kern-unternehmensnachfolge.com\/wp-content\/uploads\/2023\/03\/KERN-Unternehmensnachfolge-Familienunternehmen-Beratung-anfordern.jpg\" alt=\"K\u00e9p a KERN ingyenes kezdeti konzult\u00e1ci\u00f3j\u00e1ra mutat\u00f3 linkkel\" class=\"wp-image-26020\" srcset=\"https:\/\/www.kern-unternehmensnachfolge.com\/wp-content\/uploads\/2023\/03\/KERN-Unternehmensnachfolge-Familienunternehmen-Beratung-anfordern.jpg 500w, https:\/\/www.kern-unternehmensnachfolge.com\/wp-content\/uploads\/2023\/03\/KERN-Unternehmensnachfolge-Familienunternehmen-Beratung-anfordern-300x209.jpg 300w, https:\/\/www.kern-unternehmensnachfolge.com\/wp-content\/uploads\/2023\/03\/KERN-Unternehmensnachfolge-Familienunternehmen-Beratung-anfordern-18x12.jpg 18w\" sizes=\"auto, (max-width: 500px) 100vw, 500px\"><\/a><figcaption class=\"wp-element-caption\">K\u00e9rje ingyenes kezde\u00adti konzult\u00e1ci\u00f3j\u00e1t<\/figcaption><\/figure>\n<\/div>\n\n\n\n<div class=\"wp-block-column is-layout-flow wp-block-column-is-layout-flow\"><a href=\"https:\/\/www.kern-unternehmensnachfolge.com\/hu\/partner\/\" target=\"_blank\">\n           <img decoding=\"async\" src=\"https:\/\/www.kern-unternehmensnachfolge.com\/wp-content\/uploads\/2024\/10\/KERN-Standorte_Faehnchen_JPG_150_dpi_mit_Hintergrund_09.2024.jpg\" alt=\"Helysz\u00ednt\u00e9rk\u00e9p\">\n            <\/a>\n<\/div>\n<\/div>\n\n\n\n<div style=\"height:20px\" aria-hidden=\"true\" class=\"wp-block-spacer\"><\/div>\n\n\n\n<h2 class=\"wp-block-heading\" id=\"h-6-haufige-fallstricke-bei-der-nachfolge-in-familienunternehmen\">6 H\u00e4ufi\u00adge Fallstri\u00adcke bei der Nachfol\u00adge in Familienunternehmen<\/h2>\n\n\n\n<p>Von der Frage, wie die ausschei\u00adden\u00adde Unter\u00adneh\u00admens\u00adf\u00fch\u00adrung den Ruhestand plant, bis hin zum Umgang mit emotio\u00adna\u00adlen Proble\u00admen, gibt es bei der Unternehmens\u00adnachfolge in Famili\u00aden\u00adun\u00adter\u00adneh\u00admen einige, h\u00e4ufi\u00adge <strong>Elker\u00fc\u00adlen\u00add\u0151 bukta\u00adt\u00f3k<\/strong>, damit der \u00dcbergang reibungs\u00adlos verl\u00e4uft.<\/p>\n\n\n\n<div style=\"height:20px\" aria-hidden=\"true\" class=\"wp-block-spacer\"><\/div>\n\n\n\n<figure class=\"wp-block-image size-full has-custom-border\"><a href=\"https:\/\/www.kern-unternehmensnachfolge.com\/wp-content\/uploads\/2024\/02\/DIE-6-Huerden-bei-der-Unternehmensnachfolge-in-Familienunternehmen.png\"><img loading=\"lazy\" decoding=\"async\" width=\"1024\" height=\"768\" src=\"https:\/\/www.kern-unternehmensnachfolge.com\/wp-content\/uploads\/2024\/02\/DIE-6-Huerden-bei-der-Unternehmensnachfolge-in-Familienunternehmen.png\" alt=\"Az \u00fczleti ut\u00f3dl\u00e1s 6 akad\u00e1lya a csal\u00e1di v\u00e1llalkoz\u00e1sokban\" class=\"wp-image-29926\" style=\"border-radius:12px\" srcset=\"https:\/\/www.kern-unternehmensnachfolge.com\/wp-content\/uploads\/2024\/02\/DIE-6-Huerden-bei-der-Unternehmensnachfolge-in-Familienunternehmen.png 1024w, https:\/\/www.kern-unternehmensnachfolge.com\/wp-content\/uploads\/2024\/02\/DIE-6-Huerden-bei-der-Unternehmensnachfolge-in-Familienunternehmen-300x225.png 300w, https:\/\/www.kern-unternehmensnachfolge.com\/wp-content\/uploads\/2024\/02\/DIE-6-Huerden-bei-der-Unternehmensnachfolge-in-Familienunternehmen-768x576.png 768w, https:\/\/www.kern-unternehmensnachfolge.com\/wp-content\/uploads\/2024\/02\/DIE-6-Huerden-bei-der-Unternehmensnachfolge-in-Familienunternehmen-16x12.png 16w, https:\/\/www.kern-unternehmensnachfolge.com\/wp-content\/uploads\/2024\/02\/DIE-6-Huerden-bei-der-Unternehmensnachfolge-in-Familienunternehmen-600x450.png 600w\" sizes=\"auto, (max-width: 1024px) 100vw, 1024px\"><\/a><\/figure>\n\n\n\n<div style=\"height:20px\" aria-hidden=\"true\" class=\"wp-block-spacer\"><\/div>\n\n\n\n<h3 class=\"wp-block-heading\" id=\"h-1-unklare-nachfolgeregelung\">1 Tiszt\u00e1\u00adz\u00adat\u00adlan ut\u00f3dl\u00e1\u00adsi&nbsp;terv<\/h3>\n\n\n\n<p>Eine der h\u00e4ufigs\u00adten Fallstri\u00adcke bei der Nachfol\u00adge von Famili\u00aden\u00adun\u00adter\u00adneh\u00admen ist eine unkla\u00adre Nachfol\u00adge\u00adpla\u00adnung. Ohne eine <strong>definier\u00adte Strate\u00adgie f\u00fcr die \u00dcberga\u00adbe des Unter\u00adneh\u00admens<\/strong> an eine neue F\u00fchrung, kann es f\u00fcr Famili\u00aden schwie\u00adrig sein, einen reibungs\u00adlo\u00adsen \u00dcbergang von Eigen\u00adtum und Manage\u00adment zu gew\u00e4hrleisten.<\/p>\n\n\n\n<p>Unkla\u00adre Nachfol\u00adge\u00adpl\u00e4\u00adne k\u00f6nnen zu Missver\u00adst\u00e4nd\u00adnis\u00adsen zwischen den Famili\u00aden\u00admit\u00adglie\u00addern, <strong>Rossz d\u00f6nt\u00e9s\u00adho\u00adza\u00adtal \u00e9s ellen\u00ads\u00e9\u00adges\u00adke\u00add\u00e9s a csal\u00e1d\u00adta\u00adgok k\u00f6z\u00f6tt<\/strong> f\u00fchren. Es ist wichtig, dass Famili\u00aden\u00adun\u00adter\u00adneh\u00admen einen klaren Plan erstel\u00adlen, der festlegt, wer das Unter\u00adneh\u00admen \u00fcbernimmt, wie er seine Rolle wahrnimmt und welche Verant\u00adwort\u00adlich\u00adkei\u00adten damit verbun\u00adden sind. Daf\u00fcr sind offene Gespr\u00e4\u00adche notwen\u00addig und Klarheit \u00fcber die Bed\u00fcrf\u00adnis\u00adse aller am Prozess Beteiligten.<\/p>\n\n\n\n<div style=\"height:20px\" aria-hidden=\"true\" class=\"wp-block-spacer\"><\/div>\n\n\n\n<h3 class=\"wp-block-heading\" id=\"h-2-mangelnde-einbeziehung-der-familie\">2 A csal\u00e1\u00addok bevon\u00ad\u00e1\u00ads\u00e1\u00adnak hi\u00e1nya<\/h3>\n\n\n\n<div class=\"wp-block-columns is-layout-flex wp-container-core-columns-is-layout-28f84493 wp-block-columns-is-layout-flex\">\n<div class=\"wp-block-column is-layout-flow wp-block-column-is-layout-flow\" style=\"flex-basis:66.66%\">\n<p>Auch die mangeln\u00adde Einbin\u00addung der Familie ist ein h\u00e4ufi\u00adges Problem-Szena\u00adrio. Ohne das volle Engage\u00adment aller betrof\u00adfe\u00adnen Famili\u00aden\u00admit\u00adglie\u00adder kann es schwie\u00adrig sein, eine <strong>reibungs\u00adlo\u00adse Nachfol\u00adge\u00adpla\u00adnung und einen erfolg\u00adrei\u00adchen \u00dcbergang<\/strong> von einer Genera\u00adti\u00adon zur n\u00e4chs\u00adten zu gew\u00e4hrleisten.<\/p>\n\n\n\n<p>Es ist wichtig, dass die Eigen\u00adt\u00fc\u00admer von Famili\u00aden\u00adun\u00adter\u00adneh\u00admen sicher\u00adstel\u00adlen, dass die wichtigs\u00adten Famili\u00aden\u00admit\u00adglie\u00adder so fr\u00fch wie m\u00f6glich in die Entschei\u00addungs\u00adfin\u00addung und die <strong>Kommu\u00adni\u00adka\u00adti\u00adon \u00fcber die Nachfol\u00adge\u00adpla\u00adnung<\/strong> r\u00e9szt vesznek. Ez seg\u00edt olyan k\u00f6rnye\u00adze\u00adtet terem\u00adte\u00adni, amely\u00adben minden\u00adki meg\u00e9rti a saj\u00e1t szere\u00adp\u00e9t \u00e9s felel\u0151s\u00ads\u00e9\u00adg\u00e9t a folyamat\u00adban, \u00e9s egy\u00fctt tud dolgoz\u00adni a sikeres eredm\u00e9\u00adny \u00e9rdek\u00e9ben.<\/p>\n\n\n\n<p>Oder eben fr\u00fch klar wird, dass eine inner\u00adfa\u00admi\u00adli\u00e4\u00adre Nachfol\u00adge nicht m\u00f6glich sein wird und die Suche nach einer exter\u00adnen L\u00f6sung in den Vorder\u00adgrund&nbsp;r\u00fcckt.<\/p>\n<\/div>\n\n\n\n<div class=\"wp-block-column is-layout-flow wp-block-column-is-layout-flow\" style=\"border-style:none;border-width:0px;flex-basis:33.33%\">\n<figure class=\"wp-block-embed is-type-video is-provider-youtube wp-block-embed-youtube wp-embed-aspect-16-9 wp-has-aspect-ratio\"><div class=\"wp-block-embed__wrapper\">\n<iframe loading=\"lazy\" title=\"Was passiert, wenn die Unternehmensnachfolge nicht klar kommuniziert wird?\" width=\"500\" height=\"281\" src=\"https:\/\/www.youtube.com\/embed\/9OKoK_ln234?feature=oembed\" frameborder=\"0\" allow=\"accelerometer; autoplay; clipboard-write; encrypted-media; gyroscope; picture-in-picture; web-share\" referrerpolicy=\"strict-origin-when-cross-origin\" allowfullscreen><\/iframe>\n<\/div><figcaption class=\"wp-element-caption\">Nils Koerber \u00fcber die Kommu\u00adni\u00adka\u00adti\u00adon beim Generations\u00adwechsel inner\u00adhalb der Familie und nach&nbsp;Au\u00dfen<\/figcaption><\/figure>\n<\/div>\n<\/div>\n\n\n\n<div style=\"height:20px\" aria-hidden=\"true\" class=\"wp-block-spacer\"><\/div>\n\n\n\n<h3 class=\"wp-block-heading\" id=\"h-3-fehlen-von-professionellem-rat-und-fachwissen\">3 Szakmai tan\u00e1c\u00adsa\u00add\u00e1s \u00e9s szak\u00e9rte\u00adlem hi\u00e1nya<\/h3>\n\n\n\n<p>Eine der h\u00e4ufigs\u00adten Fallstri\u00adcke bei der Nachfol\u00adge von Famili\u00aden\u00adun\u00adter\u00adneh\u00admen ist der <strong>A szakmai \u00e9s objek\u00adt\u00edv tan\u00e1c\u00adsa\u00add\u00e1s \u00e9s szak\u00e9rte\u00adlem hi\u00e1nya<\/strong>. Die Nachfol\u00adge\u00adpla\u00adnung erfor\u00addert ein Verst\u00e4nd\u00adnis f\u00fcr recht\u00adli\u00adche, finan\u00adzi\u00adel\u00adle, wirtschaft\u00adlich und steuer\u00adli\u00adche Fragen sowie einen klaren Plan f\u00fcr die Zukunft des Unternehmens.<\/p>\n\n\n\n<p class=\"has-ast-global-color-5-color has-text-color has-background has-link-color wp-elements-518730373d492cd66a30d4a965665293\" style=\"background-color:#013372\">Ohne Zugang zu profes\u00adsio\u00adnel\u00adler Beratung und Fachwis\u00adsen, sind Famili\u00aden m\u00f6gli\u00adcher\u00adwei\u00adse nicht in der Lage, diese Fragen richtig anzuge\u00adhen oder einen tragf\u00e4\u00adhi\u00adgen Nachfol\u00adge\u00adplan zu entwi\u00adckeln. Emotio\u00adna\u00adle Verstri\u00adckun\u00adgen, offen oder verdeckt, f\u00fchren zu einer weite\u00adren Heraus\u00adfor\u00adde\u00adrung f\u00fcr alle Beteiligten.<\/p>\n\n\n\n<p>Hinzu kommt, dass Famili\u00aden aufgrund von Unerfah\u00adren\u00adheit und mangeln\u00addem Verst\u00e4nd\u00adnis, m\u00f6gli\u00adcher\u00adwei\u00adse nicht \u00fcber die notwen\u00addi\u00adgen Ressour\u00adcen verf\u00fc\u00adgen k\u00f6nnen, um einen erfolg\u00adrei\u00adchen \u00dcbergang zu erm\u00f6g\u00adli\u00adchen. Profes\u00adsio\u00adnel\u00adle und nicht emotio\u00adnal invol\u00advier\u00adte Berater k\u00f6nnen in dieser kriti\u00adschen Zeit <strong>unsch\u00e4tz\u00adba\u00adre Hilfe\u00adstel\u00adlung leisten<\/strong> und daf\u00fcr wertvol\u00adle Unter\u00adst\u00fct\u00adzung zur Verf\u00fc\u00adgung stellen, damit die Ziele erreicht werden.<\/p>\n\n\n\n<p>Allein die \u201c\u00dcberset\u00adzung\u201d und \u201cDolmet\u00adscher\u00adt\u00e4\u00adtig\u00adkeit\u201d in einer Familie in diesem Prozess hat h\u00f6chs\u00adte Bedeutung.<\/p>\n\n\n\n<div style=\"height:20px\" aria-hidden=\"true\" class=\"wp-block-spacer\"><\/div>\n\n\n\n<div class=\"wp-block-buttons is-content-justification-center is-layout-flex wp-container-core-buttons-is-layout-a89b3969 wp-block-buttons-is-layout-flex\">\n<div class=\"wp-block-button\"><a class=\"wp-block-button__link has-luminous-vivid-amber-background-color has-background wp-element-button\" href=\"https:\/\/www.kern-unternehmensnachfolge.com\/hu\/tanacskeres\/\"><span class=\"caps\">FOGLALJON<\/span> <span class=\"caps\">INGYENES<\/span> <span class=\"caps\">KEZDETI<\/span> <span class=\"caps\">KONZULT\u00c1CI\u00d3T<\/span> <span class=\"caps\">MOST<\/span><\/a><\/div>\n<\/div>\n\n\n\n<div style=\"height:20px\" aria-hidden=\"true\" class=\"wp-block-spacer\"><\/div>\n\n\n\n<h3 class=\"wp-block-heading\" id=\"h-4-keine-klaren-verantwortungsbereiche-festlegen\">4 Nem hat\u00e1roz\u00adz\u00e1k meg egy\u00e9rtel\u00adm\u0171en a felel\u0151s\u00ads\u00e9\u00adgi k\u00f6r\u00f6ket<\/h3>\n\n\n\n<p>Eine der h\u00e4ufigs\u00adten Fallen bei der Unternehmens\u00adnachfolge ist das Vers\u00e4um\u00adnis, <strong>Egy\u00e9rtel\u00adm\u0171 felel\u0151s\u00ads\u00e9\u00adgi k\u00f6r\u00f6k megha\u00adt\u00e1\u00adro\u00adz\u00e1\u00adsa<\/strong>. Ohne klar definier\u00adte Verant\u00adwort\u00adlich\u00adkei\u00adten und Erwar\u00adtun\u00adgen kann es f\u00fcr die Famili\u00aden\u00admit\u00adglie\u00adder schwie\u00adrig sein, genau zu wissen, was jeder Einzel\u00adne tun muss, um den Erfolg des Unter\u00adneh\u00admens zu gew\u00e4hrleisten.<\/p>\n\n\n\n<p>Und wenn es die Familie nicht klar hat, wie sollen es dann erst die Mitar\u00adbei\u00adter verste\u00adhen k\u00f6nnen?<\/p>\n\n\n\n<p>Az egy\u00e9rtel\u00adm\u0171\u00ads\u00e9g hi\u00e1nya zavart okozhat, \u00e9s v\u00e9gs\u0151 soron egy <strong>A csal\u00e1d\u00adta\u00adgok k\u00f6z\u00f6t\u00adti kommu\u00adni\u00adk\u00e1\u00adci\u00f3 megsza\u00adka\u00add\u00e1\u00adsa<\/strong> f\u00fchren, was wieder\u00adum zu Vertie\u00adfun\u00adgen der Strei\u00adtig\u00adkei\u00adten \u00fcber Rollen und Verant\u00adwort\u00adlich\u00adkei\u00adten f\u00fchren kann. Au\u00dfer\u00addem erh\u00f6ht sich dadurch das Risiko, dass wichti\u00adge Aufga\u00adben nicht oder falsch erledigt werden.<\/p>\n\n\n\n<p>Und wenn dann noch Mitar\u00adbei\u00adter bei so viel Unklar\u00adheit frustriert das Unter\u00adneh\u00admen verlas\u00adsen, wird der Schaden schon im Vorfeld immer gr\u00f6\u00dfer.<\/p>\n\n\n\n<div style=\"height:20px\" aria-hidden=\"true\" class=\"wp-block-spacer\"><\/div>\n\n\n\n<h3 class=\"wp-block-heading\" id=\"h-5-unrealistische-erwartungen\">5 Irre\u00e1\u00adlis elv\u00e1r\u00e1sok<\/h3>\n\n\n\n<p>Nicht selten sind auch unrea\u00adlis\u00adti\u00adsche Erwar\u00adtun\u00adgen in Bezug auf den \u00dcbergang von einer Genera\u00adti\u00adon zur n\u00e4chs\u00adten ein Streit\u00adthe\u00adma. Sie erwar\u00adten zum Beispiel <strong>einen reibungs\u00adlo\u00adsen und zeitna\u00adhen \u00dcbergang<\/strong>, w\u00e4hrend es in Wirklich\u00adkeit mehre\u00adre Jahre dauern kann, bis ein erfolg\u00adrei\u00adcher Nachfol\u00adge\u00adplan umgesetzt ist.<\/p>\n\n\n\n<p>Au\u00dfer\u00addem haben die Famili\u00aden\u00admit\u00adglie\u00adder m\u00f6gli\u00adcher\u00adwei\u00adse unter\u00adschied\u00adli\u00adche Vorstel\u00adlun\u00adgen dar\u00fcber, wie das Unter\u00adneh\u00admen gef\u00fchrt werden und <strong>milyen szere\u00adpet kell bet\u00f6l\u00adte\u00adni\u00ad\u00fck az egyes szem\u00e9\u00adly\u00ade\u00adknek az \u00faj struk\u00adt\u00far\u00e1\u00adban<\/strong>, was zu Meinungs\u00adver\u00adschie\u00adden\u00adhei\u00adten und Unstim\u00admig\u00adkei\u00adten f\u00fchren kann.<\/p>\n\n\n\n<p>Und schlie\u00df\u00adlich verste\u00adhen Famili\u00aden\u00admit\u00adglie\u00adder m\u00f6gli\u00adcher\u00adwei\u00adse ihre eigenen Rollen und Verant\u00adwort\u00adlich\u00adkei\u00adten inner\u00adhalb des Unter\u00adneh\u00admens nicht oder <strong>verf\u00fc\u00adgen nicht \u00fcber gen\u00fcgend Erfah\u00adrung<\/strong>, um es effek\u00adtiv zu f\u00fchren, was f\u00fcr Eigen\u00adt\u00fc\u00admer und Manager schwie\u00adrig sein&nbsp;kann.<\/p>\n\n\n\n<p>Wenn Sie sich die Zeit nehmen, realis\u00adti\u00adsche Erwar\u00adtun\u00adgen in Bezug auf die Rollen von Managern und Eigen\u00adt\u00fc\u00admern zu formu\u00adlie\u00adren und einen umfas\u00adsen\u00adden Nachfol\u00adge\u00adplan entwi\u00adckeln, k\u00f6nnen Sie den <strong>\u00dcbergang eines Famili\u00aden\u00adun\u00adter\u00adneh\u00admens erfolg\u00adreich gestal\u00adten<\/strong>.<\/p>\n\n\n\n<div style=\"height:20px\" aria-hidden=\"true\" class=\"wp-block-spacer\"><\/div>\n\n\n\n<h3 class=\"wp-block-heading\" id=\"h-6-keine-vorbereitung-auf-den-ruhestand\">6 Nincs felk\u00e9s\u00adz\u00fcl\u00e9s a nyugd\u00edjaz\u00e1sra<\/h3>\n\n\n\n<p>Megfelel\u0151 terv n\u00e9lk\u00fcl a gener\u00e1\u00adci\u00f3\u00adv\u00e1l\u00adt\u00e1s ut\u00e1n m\u00e9g a rangid\u0151s f\u0151n\u00f6k is probl\u00e9\u00adm\u00e1k\u00adkal szembes\u00fcl\u00adhet. A <strong>Ruhestands\u00adpl\u00e4\u00adne m\u00fcssen sorgf\u00e4l\u00adtig ausge\u00adar\u00adbei\u00adtet werden<\/strong>, um sicher\u00adzu\u00adstel\u00adlen, dass etwa eine angemes\u00adse\u00adne finan\u00adzi\u00adel\u00adle Sicher\u00adheit f\u00fcr Senior und die Familie in den kommen\u00adden Jahren gew\u00e4hr\u00adleis\u00adtet ist. Zugleich darf diese Sicher\u00adheit die finan\u00adzi\u00adel\u00adlen Leistun\u00adgen der Unter\u00adneh\u00admung nicht \u00fcberfordern.<\/p>\n\n\n\n<p>Dar\u00fcber hinaus ist es wichtig, die <strong>poten\u00adzi\u00adel\u00adlen steuer\u00adli\u00adchen Auswir\u00adkun\u00adgen zu ber\u00fcck\u00adsich\u00adti\u00adgen,<\/strong> die mit der Ruhestands- und Nachlass\u00adpla\u00adnung verbun\u00adden sind, sowie andere Fakto\u00adren wie die Verwal\u00adtung der Liqui\u00addi\u00adt\u00e4t und die Verm\u00f6\u00adgens\u00adver\u00adtei\u00adlung. Schon die Vernach\u00adl\u00e4s\u00adsi\u00adgung eines dieser Aspek\u00adte, kann zu einem Schei\u00adtern der Unternehmens\u00adnachfolge f\u00fchren und kostspie\u00adli\u00adge Fehler hinter\u00adlas\u00adsen, die bei richti\u00adger Planung h\u00e4tten vermie\u00adden werden k\u00f6nnen.<\/p>\n\n\n\n<div style=\"height:20px\" aria-hidden=\"true\" class=\"wp-block-spacer\"><\/div>\n\n\n\n<h2 class=\"wp-block-heading\" id=\"h-die-gestaltung-des-nachfolgeprozesses-5-schritte-und-entscheidungen-in-der-ubergangsphase\">Die Gestal\u00adtung des Nachfol\u00adge\u00adpro\u00adzes\u00adses: 5 Schrit\u00adte und Entschei\u00addun\u00adgen in der \u00dcbergangsphase<\/h2>\n\n\n\n<p>Nachdem die Heraus\u00adfor\u00adde\u00adrun\u00adgen und Fallstri\u00adcke bei der Nachfol\u00adge in Famili\u00aden\u00adun\u00adter\u00adneh\u00admen beleuch\u00adtet wurden, ist es essen\u00adzi\u00adell, einen detail\u00adlier\u00adten Blick auf die Gestal\u00adtung des Nachfol\u00adge\u00adpro\u00adzes\u00adses selbst zu werfen. Dieser Prozess ist mehr als nur eine forma\u00adle \u00dcberga\u00adbe; er erfor\u00addert sorgf\u00e4l\u00adti\u00adge Planung, klare Kommu\u00adni\u00adka\u00adti\u00adon und strate\u00adgi\u00adsche Entscheidungen.<\/p>\n\n\n\n<p><strong>Az ut\u00f3dl\u00e1\u00adsi folyamat fontos l\u00e9p\u00e9sei<\/strong><\/p>\n\n\n\n<ol class=\"wp-block-list\">\n<li><strong>Lelt\u00e1r \u00e9s c\u00e9lki\u00adt\u0171\u00adz\u00e9\u00adsek:<\/strong> Zun\u00e4chst sollte eine genaue Analy\u00adse des aktuel\u00adlen Zustands des Unter\u00adneh\u00admens und seiner Positi\u00adon im Markt durch\u00adge\u00adf\u00fchrt werden. Paral\u00adlel dazu m\u00fcssen die Ziele f\u00fcr die Nachfol\u00adge klar definiert werden. Was soll mit der Nachfol\u00adge erreicht werden? Geht es um den Erhalt des Famili\u00aden\u00adbe\u00adtriebs, eine Expan\u00adsi\u00adon oder strate\u00adgi\u00adsche Neuausrichtung?<\/li>\n\n\n\n<li><strong>Az ut\u00f3dok kiv\u00e1lasz\u00adt\u00e1\u00adsa:<\/strong> Ein kriti\u00adscher Schritt ist die Auswahl der geeig\u00adne\u00adten Nachfol\u00adger. Dies kann Mitglie\u00adder der Unter\u00adneh\u00admer\u00adfa\u00admi\u00adlie einschlie\u00ad\u00dfen oder exter\u00adne Kandi\u00adda\u00adten f\u00fcr ein <a href=\"https:\/\/www.kern-unternehmensnachfolge.com\/hu\/management-buy-in-mbi\/\">Vezet\u0151i hozz\u00e1\u00adj\u00e1\u00adrul\u00e1s<\/a>. Die Entschei\u00addung sollte auf F\u00e4hig\u00adkei\u00adten, Visio\u00adnen f\u00fcr das Unter\u00adneh\u00admen und der Bereit\u00adschaft zur \u00dcbernah\u00adme basieren.<\/li>\n\n\n\n<li><strong>Entwick\u00adlung eines \u00dcbergangs\u00adplans:<\/strong> Ein detail\u00adlier\u00adter Plan f\u00fcr den \u00dcbergang muss entwi\u00adckelt werden. Dieser beinhal\u00adtet zeitli\u00adche Abl\u00e4u\u00adfe, die \u00dcberga\u00adbe von Verant\u00adwort\u00adlich\u00adkei\u00adten, und wie die \u00dcbergangs\u00adpha\u00adse gestal\u00adtet wird. Ein schritt\u00adwei\u00adser \u00dcbergang kann dabei helfen, die Stabi\u00adli\u00adt\u00e4t des Unter\u00adneh\u00admens zu sichern.<\/li>\n\n\n\n<li><strong>Jogi \u00e9s p\u00e9nz\u00fc\u00adgyi szempon\u00adtok:<\/strong> Alle recht\u00adli\u00adchen und finan\u00adzi\u00adel\u00adlen Aspek\u00adte der Nachfol\u00adge m\u00fcssen sorgf\u00e4l\u00adtig geplant werden. Dazu geh\u00f6ren <a href=\"https:\/\/www.kern-unternehmensnachfolge.com\/hu\/ceg-ertekeles-szoval-annyi-az-a-vallalkozas-erteke\/\">V\u00e1llala\u00adti \u00e9rt\u00e9kel\u00e9\u00adsek<\/a>, Steuer\u00adfra\u00adgen und die Gestal\u00adtung von Kauf- oder \u00dcbergabevertr\u00e4gen.<\/li>\n\n\n\n<li><strong>Beglei\u00adtung und Unter\u00adst\u00fct\u00adzung w\u00e4hrend des \u00dcbergangs:<\/strong> W\u00e4hrend des gesam\u00adten \u00dcbergangs ist es wichtig, dass sowohl der \u00dcberge\u00adber als auch der \u00dcberneh\u00admer Unter\u00adst\u00fct\u00adzung erhal\u00adten. Dies kann durch inter\u00adne Berater oder exter\u00adne Exper\u00adten erfolgen.<\/li>\n<\/ol>\n\n\n\n<p><strong>Fikt\u00edv p\u00e9lda<\/strong><\/p>\n\n\n\n<p>Stellen wir uns vor, ein Famili\u00aden\u00adun\u00adter\u00adneh\u00admen in der Ferti\u00adgungs\u00adbran\u00adche plant die \u00dcberga\u00adbe an die zweite Genera\u00adti\u00adon. Der derzei\u00adti\u00adge <span class=\"caps\">CEO<\/span>, ein Gr\u00fcndungs\u00admit\u00adglied, m\u00f6chte sich zur Ruhe setzen und seine Tochter soll das Unter\u00adneh\u00admen \u00fcberneh\u00admen. Sie hat frische Ideen, ben\u00f6tigt jedoch Unter\u00adst\u00fct\u00adzung bei der \u00dcbernah\u00adme der F\u00fchrungs\u00adauf\u00adga\u00adben. Ein struk\u00adtu\u00adrier\u00adter \u00dcbergangs\u00adplan, der sowohl Coaching f\u00fcr die Tochter als auch eine schritt\u00adwei\u00adse Reduzie\u00adrung der Verant\u00adwort\u00adlich\u00adkei\u00adten des aktuel\u00adlen <span class=\"caps\">CEO<\/span> vorsieht, k\u00f6nnte hier ideal&nbsp;sein.<\/p>\n\n\n\n<div style=\"height:20px\" aria-hidden=\"true\" class=\"wp-block-spacer\"><\/div>\n\n\n\n<h2 class=\"wp-block-heading\" id=\"h-warum-fallt-familienunternehmern-der-generationswechsel-so-schwer\">Warum f\u00e4llt Famili\u00aden\u00adun\u00adter\u00adneh\u00admern der Generations\u00adwechsel so schwer?<\/h2>\n\n\n\n<figure class=\"wp-block-image size-full has-custom-border\"><a href=\"https:\/\/www.kern-unternehmensnachfolge.com\/wp-content\/uploads\/2024\/02\/Die-Herausforderungen-fuer-senior-unternehmer-bei-der-Unternehmensnachfolge.png\"><img loading=\"lazy\" decoding=\"async\" width=\"1024\" height=\"768\" src=\"https:\/\/www.kern-unternehmensnachfolge.com\/wp-content\/uploads\/2024\/02\/Die-Herausforderungen-fuer-senior-unternehmer-bei-der-Unternehmensnachfolge.png\" alt=\"Kih\u00edv\u00e1sok az id\u0151sebb v\u00e1llalkoz\u00f3k sz\u00e1m\u00e1ra az \u00fczleti ut\u00f3dl\u00e1ssal kapcsolatban\" class=\"wp-image-29927\" style=\"border-radius:12px\" srcset=\"https:\/\/www.kern-unternehmensnachfolge.com\/wp-content\/uploads\/2024\/02\/Die-Herausforderungen-fuer-senior-unternehmer-bei-der-Unternehmensnachfolge.png 1024w, https:\/\/www.kern-unternehmensnachfolge.com\/wp-content\/uploads\/2024\/02\/Die-Herausforderungen-fuer-senior-unternehmer-bei-der-Unternehmensnachfolge-300x225.png 300w, https:\/\/www.kern-unternehmensnachfolge.com\/wp-content\/uploads\/2024\/02\/Die-Herausforderungen-fuer-senior-unternehmer-bei-der-Unternehmensnachfolge-768x576.png 768w, https:\/\/www.kern-unternehmensnachfolge.com\/wp-content\/uploads\/2024\/02\/Die-Herausforderungen-fuer-senior-unternehmer-bei-der-Unternehmensnachfolge-16x12.png 16w, https:\/\/www.kern-unternehmensnachfolge.com\/wp-content\/uploads\/2024\/02\/Die-Herausforderungen-fuer-senior-unternehmer-bei-der-Unternehmensnachfolge-600x450.png 600w\" sizes=\"auto, (max-width: 1024px) 100vw, 1024px\"><\/a><\/figure>\n\n\n\n<div style=\"height:20px\" aria-hidden=\"true\" class=\"wp-block-spacer\"><\/div>\n\n\n\n<p>Grund\u00ads\u00e4tz\u00adlich gibt es drei Gr\u00fcnde, warum \u00dcberge\u00adber so schwer loslas\u00adsen k\u00f6nnen:<\/p>\n\n\n\n<ol class=\"wp-block-list\">\n<li><strong>Dem Unter\u00adneh\u00admer fehlt eine Vision bzw. ein Ziel f\u00fcr die Zeit danach.<\/strong> Dies w\u00e4re die entschei\u00adden\u00adde Motiva\u00adti\u00adon f\u00fcr diesen wichti\u00adgen Schritt. Worauf soll ich mich freuen und warum soll ich loslas\u00adsen, wenn das nichts auf mich \u201cwartet\u201d?<\/li>\n\n\n\n<li><strong>Viele Firmen\u00adlen\u00adker f\u00fchlen sich mit der \u00dcberga\u00adbe auch selbst in Frage gestellt.<\/strong> Und zwar egal, ob Sie die Firma verkau\u00adfen oder an den Nachwuchs \u00fcbergeben.<\/li>\n\n\n\n<li><strong>Fehlen\u00adde oder l\u00fccken\u00adhaf\u00adte Vorsor\u00adge.<\/strong> K\u00fcl\u00f6n\u00f6\u00adsen a kisebb v\u00e1llal\u00adko\u00adz\u00e1\u00adsok tulaj\u00addo\u00adno\u00adsai k\u00fczde\u00adnek meg\u00e9l\u00adhe\u00adt\u00e9\u00adsi neh\u00e9zs\u00e9gekkel.<\/li>\n<\/ol>\n\n\n\n<div style=\"height:20px\" aria-hidden=\"true\" class=\"wp-block-spacer\"><\/div>\n\n\n\n<h3 class=\"wp-block-heading\" id=\"h-das-prinzip-eigenverantwortung\">A szem\u00e9\u00adlyes felel\u0151s\u00ads\u00e9g&nbsp;elve<\/h3>\n\n\n\n<p>Wer tagein, tagaus \u00fcber viele Jahre, sogar Jahrzehn\u00adte, verant\u00adwort\u00adlich in seinem \u201eSystem\u201c Firma t\u00e4tig war, nimmt sich selten schon fr\u00fch die <strong>Zeit f\u00fcr diese gewich\u00adti\u00adgen Fragestellungen.<\/strong><\/p>\n\n\n\n<p>A mi szempon\u00adtunk\u00adb\u00f3l azonban ponto\u00adsan ez az. <strong>A szem\u00e9\u00adlyes felel\u0151s\u00ads\u00e9g elve, amely\u00adet a minden\u00adna\u00adpi \u00e9letben v\u00e1llal\u00adko\u00adz\u00f3i m\u00f3don \u00e9lnek meg.<\/strong>. F\u00fcr die ganz priva\u00adte Lebens\u00adpla\u00adnung wird es jedoch h\u00e4ufig verges\u00adsen. Klingt ein wenig ungew\u00f6hn\u00adlich, aber es f\u00e4llt Senior-Unter\u00adneh\u00admern wirklich schwer. Es ist wie etwas Neues zu lernen. Etwas Unbekann\u00adtes anzuschau\u00aden. Auch wenn ich es selbst bin.<\/p>\n\n\n\n<p>Wir empfeh\u00adlen jedem \u00dcberge\u00adber, sich mal f\u00fcr 1-2 Tage komplett aus dem Alltag rauszu\u00adzie\u00adhen und in eigener Stille sich Fragen zu stellen.<\/p>\n\n\n\n<ol class=\"wp-block-list\">\n<li><em>Was berei\u00adtet mir heute und zuk\u00fcnf\u00adtig nachhal\u00adtig Freude?<\/em><\/li>\n\n\n\n<li><em>Was k\u00f6nnte der Sinn meiner Nachfol\u00adge\u00adl\u00f6\u00adsung&nbsp;sein?<\/em><\/li>\n\n\n\n<li><em>Ki vagyok \u00e9n, ha m\u00e1r nem leszek v\u00e1llal\u00adko\u00adz\u00f3, \u00e9s mit&nbsp;v\u00e1rok?<\/em><\/li>\n\n\n\n<li><em>\u00c9s mit kell tennem, hogy el\u00e9rjem ezeket a c\u00e9lokat?<\/em><\/li>\n<\/ol>\n\n\n\n<div style=\"height:20px\" aria-hidden=\"true\" class=\"wp-block-spacer\"><\/div>\n\n\n\n<h2 class=\"wp-block-heading\" id=\"h-unternehmensnachfolge-durch-die-eigenen-kinder\">C\u00e9gut\u00f3d\u00adl\u00e1s saj\u00e1t gyerme\u00adkek&nbsp;r\u00e9v\u00e9n<\/h2>\n\n\n\n<p>Kinder sollten im Ideal\u00adfall wissen und auch f\u00fchlen k\u00f6nnen, dass eine <strong>\u00dcbernah\u00adme des elter\u00adli\u00adchen Betrie\u00adbes wirklich freiwil\u00adlig erfol\u00adgen kann<\/strong>. Ich kann, ich muss aber nicht. Und es erfolgt auch kein Bezie\u00adhungs\u00addra\u00adma zwischen Eltern und Kindern oder sogar Liebes\u00adent\u00adzug. Ich kann als Kind wirklich frei entschei\u00adden, ob ich mich dazu berufen f\u00fchle.<\/p>\n\n\n\n<p>Und das gilt umgekehrt auch f\u00fcr die Eltern, die \u00dcberge\u00adber einer Firma. Kinder m\u00fcssen ebenso in ihrer Ausbil\u00addung und Quali\u00adfi\u00adzie\u00adrung ihren Beitrag leisten, damit das Unter\u00adneh\u00admen die F\u00fchrungs\u00adper\u00ads\u00f6n\u00adlich\u00adkeit erh\u00e4lt, die es f\u00fcr die neue Zukunft braucht.<\/p>\n\n\n\n<p>Die Unter\u00adneh\u00admung, die alle ern\u00e4hrt, hat Anfor\u00adde\u00adrun\u00adgen an die zuk\u00fcnf\u00adti\u00adge F\u00fchrung. <em>Welche Quali\u00adt\u00e4\u00adten braucht es in der F\u00fchrung? Und ist es dann wirklich der Nachwuchs, der diese Aufga\u00adbe in der Zukunft erfolg\u00adreich l\u00f6sen&nbsp;wird?<\/em><\/p>\n\n\n\n<p><em>Felk\u00e9s\u00adz\u00fcl\u00adtek-e a gyere\u00adkek arra, hogy ehhez igaz\u00edts\u00e1k oktat\u00e1\u00adsukat \u00e9s k\u00e9pzetts\u00e9g\u00fcket?<\/em><\/p>\n\n\n\n<p>A sz\u00fcl\u0151\u00adk\u00adnek pedig fejl\u0151\u00add\u00e9\u00ads\u00fck\u00adt\u0151l f\u00fcgg\u0151en meg kell adni a szabad\u00ads\u00e1\u00adgot arra is, hogy sz\u00fcks\u00e9g eset\u00e9n m\u00e1sk\u00e9pp d\u00f6ntse\u00adnek, \u00e9s eladj\u00e1k v\u00e1llalkoz\u00e1sukat.<\/p>\n\n\n\n<p><strong>Das gilt es f\u00fcr beide Seiten zu akzeptieren.<\/strong><\/p>\n\n\n\n<div style=\"height:20px\" aria-hidden=\"true\" class=\"wp-block-spacer\"><\/div>\n\n\n\n<h3 class=\"wp-block-heading\" id=\"h-wenn-kinder-nicht-wollen-konnen-oder-durfen\">Wenn Kinder nicht wollen, k\u00f6nnen oder d\u00fcrfen<\/h3>\n\n\n\n<p>Ein Trend, der inzwi\u00adschen nach unseren Sch\u00e4t\u00adzun\u00adgen <strong>f\u00fcr gut&nbsp; 60 % der deutschen Famili\u00aden\u00adun\u00adter\u00adneh\u00admen der Alltag<\/strong> az.<\/p>\n\n\n\n<p>Wenn sicher ist, dass inner\u00adhalb einer Familie keine L\u00f6sung im Generations\u00adwechsel zu erwar\u00adten ist, stellt der<a href=\"https:\/\/www.kern-unternehmensnachfolge.com\/hu\/celzott-merleg-kiigazitas-noevelheti-a-tarsasagi-erteket-2\/\"> A v\u00e1lla\u00adlat elad\u00e1\u00adsa<\/a> minden\u00adk\u00e9p\u00adpen j\u00f3 alternat\u00edva.<\/p>\n\n\n\n<p>Es hei\u00dft ja nicht, dass etwas nicht funktio\u00adniert, sondern in der jewei\u00adli\u00adgen Familie kann eben die Geschich\u00adte nicht weiter geschrie\u00adben werden. Es gibt aber viele andere Einzel\u00adper\u00adso\u00adnen oder Unter\u00adneh\u00admen, die mit Sicher\u00adheit Inter\u00ades\u00adse an einer exter\u00adnen Nachfol\u00adge\u00adl\u00f6\u00adsung haben. Und dahin\u00adter stecken i. d. R. und mehrheit\u00adlich immer wieder andere Famili\u00aden.<strong>Der Mittel\u00adstand bleibt also in famili\u00e4\u00adrer Hand<\/strong> und die beson\u00adde\u00adre Kultur von Famili\u00aden\u00adun\u00adter\u00adneh\u00admun\u00adgen wird in eine neue Familie \u00fcberf\u00fchrt.<\/p>\n\n\n\n<div style=\"height:20px\" aria-hidden=\"true\" class=\"wp-block-spacer\"><\/div>\n\n\n\n<h2 class=\"wp-block-heading\" id=\"h-herausforderungen-und-strategien-bei-der-unternehmensnachfolge-in-familienunternehmen\">Heraus\u00adfor\u00adde\u00adrun\u00adgen und Strate\u00adgien bei der Unternehmens\u00adnachfolge in Familienunternehmen<\/h2>\n\n\n\n<p>In der Phase der Unternehmens\u00adnachfolge stehen Famili\u00aden\u00adun\u00adter\u00adneh\u00admen vor vielschich\u00adti\u00adgen Heraus\u00adfor\u00adde\u00adrun\u00adgen, die sowohl gesch\u00e4ft\u00adli\u00adche als auch pers\u00f6n\u00adli\u00adche Aspek\u00adte betref\u00adfen. Beson\u00adders wenn Kinder nicht die M\u00f6glich\u00adkeit oder den Wunsch haben, das Famili\u00aden\u00adun\u00adter\u00adneh\u00admen zu \u00fcberneh\u00admen, ergeben sich spezi\u00adfi\u00adsche Schwie\u00adrig\u00adkei\u00adten, die angegan\u00adgen werden m\u00fcssen.<\/p>\n\n\n\n<h3 class=\"wp-block-heading\" id=\"h-emotionale-herausforderungen-und-deren-bewaltigung\">Emotio\u00adna\u00adle Heraus\u00adfor\u00adde\u00adrun\u00adgen und deren Bew\u00e4ltigung<\/h3>\n\n\n\n<ul class=\"wp-block-list\">\n<li><strong>Az \u00e9letm\u0171 elenge\u00add\u00e9\u00adse:<\/strong> F\u00fcr viele Gr\u00fcnder ist das Unter\u00adneh\u00admen ein Teil ihrer Identi\u00adt\u00e4t. Die emotio\u00adna\u00adle Bindung kann das Loslas\u00adsen erschwe\u00adren. Hier kann es hilfreich sein, exter\u00adne Beratung in Anspruch zu nehmen, um einen objek\u00adti\u00adven Blick zu gew\u00e4hr\u00adleis\u00adten und den \u00dcbergangs\u00adpro\u00adzess zu erleichtern.<\/li>\n\n\n\n<li><strong>Csal\u00e1\u00addon bel\u00fcli konflik\u00adtusok:<\/strong> Oft entste\u00adhen Spannun\u00adgen, wenn es um die Nachfol\u00adge geht. Eine offene Kommu\u00adni\u00adka\u00adti\u00adon und die Einbe\u00adzie\u00adhung aller Famili\u00aden\u00admit\u00adglie\u00adder in den Prozess sind essen\u00adzi\u00adell. Media\u00adti\u00adon durch exter\u00adne Berater kann hier unter\u00adst\u00fct\u00adzend wirken.<\/li>\n<\/ul>\n\n\n\n<h3 class=\"wp-block-heading\" id=\"h-strategische-losungen-fur-nachfolgeregelungen\">Strate\u00adgi\u00adsche L\u00f6sun\u00adgen f\u00fcr Nachfolgeregelungen<\/h3>\n\n\n\n<ul class=\"wp-block-list\">\n<li><strong>Etablie\u00adrung eines \u00dcbergangs\u00adteams:<\/strong> Ein inter\u00addis\u00adzi\u00adpli\u00adn\u00e4\u00adres Team, das sich aus inter\u00adnen und exter\u00adnen Exper\u00adten zusam\u00admen\u00adsetzt, kann dabei helfen, den \u00dcbergangs\u00adpro\u00adzess effizi\u00adent und reibungs\u00adlos zu gestalten.<\/li>\n\n\n\n<li><strong>Flexi\u00adbi\u00adli\u00adt\u00e4t in der Nachfol\u00adge\u00adpla\u00adnung:<\/strong> Nem minden c\u00e9gut\u00f3d\u00adl\u00e1s\u00adnak kell a csal\u00e1\u00addon bel\u00fcl t\u00f6rt\u00e9n\u00adnie. Az olyan lehet\u0151\u00ads\u00e9gek, mint p\u00e9ld\u00e1ul <a href=\"https:\/\/www.kern-unternehmensnachfolge.com\/hu\/management-buy-out-mbo\/\">Vezet\u0151i kiv\u00e1s\u00e1r\u00adl\u00e1\u00adsok<\/a> oder der Verkauf des Unter\u00adneh\u00admens k\u00f6nnen tragf\u00e4\u00adhi\u00adge Alter\u00adna\u00adti\u00adven darstellen.<\/li>\n<\/ul>\n\n\n\n<h3 class=\"wp-block-heading\" id=\"h-vorbereitung-auf-die-zukunft\">Felk\u00e9s\u00adz\u00fcl\u00e9s a j\u00f6v\u0151re<\/h3>\n\n\n\n<ul class=\"wp-block-list\">\n<li><strong>Anpas\u00adsung an Ver\u00e4n\u00adde\u00adrun\u00adgen:<\/strong> Unter\u00adneh\u00admen m\u00fcssen sich st\u00e4ndig weiter\u00adent\u00adwi\u00adckeln, um wettbe\u00adwerbs\u00adf\u00e4\u00adhig zu bleiben. Die neue Genera\u00adti\u00adon oder exter\u00adne F\u00fchrungs\u00adkr\u00e4f\u00adte k\u00f6nnen frischen Wind und neue Perspek\u00adti\u00adven einbringen.<\/li>\n\n\n\n<li><strong>P\u00e9nz\u00fc\u00adgyi biztons\u00e1g terve\u00adz\u00e9\u00adse:<\/strong> Insbe\u00adson\u00adde\u00adre wenn der Senior-Chef in den Ruhestand tritt, ist eine solide Finanz\u00adpla\u00adnung wichtig, um sowohl die finan\u00adzi\u00adel\u00adle Sicher\u00adheit des Seniors als auch die des Unter\u00adneh\u00admens zu gew\u00e4hrleisten.<\/li>\n<\/ul>\n\n\n\n<div style=\"height:20px\" aria-hidden=\"true\" class=\"wp-block-spacer\"><\/div>\n\n\n\n<h2 class=\"wp-block-heading\" id=\"h-welche-alternativen-zum-familieninternen-generationswechsel-bestehen\">Milyen alter\u00adna\u00adt\u00ed\u00adv\u00e1i vannak a csal\u00e1\u00addon bel\u00fcli gener\u00e1ci\u00f3v\u00e1lt\u00e1snak?<\/h2>\n\n\n\n<p>Hier gibt es im Grunde genom\u00admen zwei M\u00f6glichkeiten:<\/p>\n\n\n\n<ul class=\"wp-block-list\">\n<li>Zum einen w\u00e4re hier der <strong><a href=\"https:\/\/www.kern-unternehmensnachfolge.com\/hu\/egy-vallalat-eladasa-4\/\">C\u00e9gela\u00add\u00e1s<\/a> an einen exter\u00adnen K\u00e4ufer<\/strong> zu nennen. Bei diesen handelt es sich h\u00e4ufig auch um Famili\u00aden\u00adun\u00adter\u00adneh\u00admer. Dadurch bleibt die famili\u00e4\u00adre Unter\u00adneh\u00admens\u00adkul\u00adtur erhalten.<\/li>\n\n\n\n<li>M\u00e1sr\u00e9\u00adszt, fenn\u00e1ll az es\u00e9lye annak, hogy <strong>Elad\u00e1s munka\u00adv\u00e1ll\u00adal\u00f3nak, <span class=\"caps\">MBO<\/span> (<a href=\"https:\/\/www.kern-unternehmensnachfolge.com\/hu\/management-buy-out-mbo\/\">Manage\u00adment Buy Out<\/a>)<\/strong> h\u00edvtak.<\/li>\n<\/ul>\n\n\n\n<p><\/p>\n\n\n\n<div style=\"height:20px\" aria-hidden=\"true\" class=\"wp-block-spacer\"><\/div>\n\n\n\n<div class=\"wp-block-columns is-layout-flex wp-container-core-columns-is-layout-28f84493 wp-block-columns-is-layout-flex\">\n<div class=\"wp-block-column is-layout-flow wp-block-column-is-layout-flow\">\n<figure class=\"wp-block-image aligncenter size-full is-resized\"><img loading=\"lazy\" decoding=\"async\" width=\"1316\" height=\"2048\" src=\"https:\/\/www.kern-unternehmensnachfolge.com\/wp-content\/uploads\/2024\/02\/Ratgeber-Teil-2-Generationswechsel.png\" alt=\"KERN \u00fatmutat\u00f3 a gener\u00e1ci\u00f3v\u00e1lt\u00e1shoz\" class=\"wp-image-29928\" style=\"width:auto;height:350px\" srcset=\"https:\/\/www.kern-unternehmensnachfolge.com\/wp-content\/uploads\/2024\/02\/Ratgeber-Teil-2-Generationswechsel.png 1316w, https:\/\/www.kern-unternehmensnachfolge.com\/wp-content\/uploads\/2024\/02\/Ratgeber-Teil-2-Generationswechsel-193x300.png 193w, https:\/\/www.kern-unternehmensnachfolge.com\/wp-content\/uploads\/2024\/02\/Ratgeber-Teil-2-Generationswechsel-658x1024.png 658w, https:\/\/www.kern-unternehmensnachfolge.com\/wp-content\/uploads\/2024\/02\/Ratgeber-Teil-2-Generationswechsel-768x1195.png 768w, https:\/\/www.kern-unternehmensnachfolge.com\/wp-content\/uploads\/2024\/02\/Ratgeber-Teil-2-Generationswechsel-987x1536.png 987w, https:\/\/www.kern-unternehmensnachfolge.com\/wp-content\/uploads\/2024\/02\/Ratgeber-Teil-2-Generationswechsel-8x12.png 8w\" sizes=\"auto, (max-width: 1316px) 100vw, 1316px\"><\/figure>\n<\/div>\n\n\n\n<div class=\"wp-block-column is-layout-flow wp-block-column-is-layout-flow\">\n<div style=\"height:135px\" aria-hidden=\"true\" class=\"wp-block-spacer\"><\/div>\n\n\n\n<div class=\"wp-block-buttons is-content-justification-center is-layout-flex wp-container-core-buttons-is-layout-a89b3969 wp-block-buttons-is-layout-flex\">\n<div class=\"wp-block-button\"><a class=\"wp-block-button__link has-white-color has-text-color has-background wp-element-button\" href=\"https:\/\/www.kern-unternehmensnachfolge.com\/hu\/cegertekesitesi-utmutato-2\/\" style=\"background-color:#f0bb38\">K\u00e9rje ingyenes \u00fatik\u00f6nyv\u00e9t<\/a><\/div>\n<\/div>\n<\/div>\n<\/div>\n\n\n\n<div style=\"height:20px\" aria-hidden=\"true\" class=\"wp-block-spacer\"><\/div>\n\n\n\n<figure class=\"wp-block-embed aligncenter is-type-video is-provider-youtube wp-block-embed-youtube wp-embed-aspect-16-9 wp-has-aspect-ratio\" style=\"margin-top:0;margin-right:var(--wp--preset--spacing--80);margin-bottom:0;margin-left:var(--wp--preset--spacing--80)\"><div class=\"wp-block-embed__wrapper\">\n<iframe loading=\"lazy\" title=\"A szerz\u0151 Nils Koerber az \u00fczleti ut\u00f3dl\u00e1sr\u00f3l sz\u00f3l\u00f3 k\u00f6nyv\u00e9r\u0151l besz\u00e9l\" width=\"500\" height=\"281\" src=\"https:\/\/www.youtube.com\/embed\/tlNQ7u_pTQM?feature=oembed\" frameborder=\"0\" allow=\"accelerometer; autoplay; clipboard-write; encrypted-media; gyroscope; picture-in-picture; web-share\" referrerpolicy=\"strict-origin-when-cross-origin\" allowfullscreen><\/iframe>\n<\/div><figcaption class=\"wp-element-caption\">Nils Koerber \u00fcber das Buch zur Unternehmensnachfolge<\/figcaption><\/figure>\n\n\n\n<div style=\"height:20px\" aria-hidden=\"true\" class=\"wp-block-spacer\"><\/div>\n\n\n\n<h3 class=\"wp-block-heading\" id=\"h-nachfolgelosungen-mit-den-mitarbeitern-einer-firma\">Nachfol\u00adge\u00adl\u00f6\u00adsun\u00adgen mit den Mitar\u00adbei\u00adtern einer&nbsp;Firma<\/h3>\n\n\n\n<p>Egy \u00fagyneve\u00adzett<a href=\"https:\/\/www.kern-unternehmensnachfolge.com\/hu\/management-buy-out-mbo\/\"> Manage\u00adment Buy Out<\/a> <span class=\"caps\">MBO<\/span> macht eine Nachfol\u00adge oftmals sogar leich\u00adter. Der leiten\u00adde Angestell\u00adte kennt das Unter\u00adneh\u00admen und braucht so kaum Einar\u00adbei\u00adtung. Die leiten\u00adden Mitar\u00adbei\u00adter der betrof\u00adfe\u00adnen Unter\u00adneh\u00admung kennen das Gebil\u00adde schlie\u00df\u00adlich aus dem <span class=\"caps\">FF<\/span> und <strong>genie\u00ad\u00dfen in der Regel das Vertrau\u00aden der Mitar\u00adbei\u00adter, Kunden und Lieferanten..<\/strong><\/p>\n\n\n\n<p>Da wissen beide Seiten, \u00dcberge\u00adber und \u00dcberneh\u00admer, was sie erwar\u00adtet und worauf es ankommt.<\/p>\n\n\n\n<p>Ugyan\u00adak\u00adkor a <strong>Finan\u00adzie\u00adrung einer Trans\u00adak\u00adti\u00adon eine solche L\u00f6sung auch beson\u00adders schwie\u00adrig machen.<\/strong><\/p>\n\n\n\n<p>Nicht jeder Mitar\u00adbei\u00adter eines Famili\u00aden\u00adun\u00adter\u00adneh\u00admens verf\u00fcgt privat \u00fcber die m\u00f6gli\u00adchen Mittel und kann eine eigene Finan\u00adzie\u00adrung auf die Beine stellen. Wenn dann nicht der \u00dcberge\u00adber bereist ist zu helfen, wird es mit der inter\u00adnen Nachfol\u00adge im Betrieb nichts.<\/p>\n\n\n\n<div style=\"height:20px\" aria-hidden=\"true\" class=\"wp-block-spacer\"><\/div>\n\n\n\n<h3 class=\"wp-block-heading\" id=\"h-optionen-der-finanzierung\">Finan\u00adsz\u00ed\u00adro\u00adz\u00e1\u00adsi lehet\u0151s\u00e9gek<\/h3>\n\n\n\n<p>Da gibt es die unter\u00adschied\u00adlichs\u00adten M\u00f6glich\u00adkei\u00adten. Wir nennen zwei Model\u00adle als sehr h\u00e4ufig gew\u00e4hl\u00adte L\u00f6sungsans\u00e4tze:<\/p>\n\n\n\n<ol class=\"wp-block-list\">\n<li>A<a href=\"https:\/\/www.kern-unternehmensnachfolge.com\/hu\/piacvezerelt-cegertekeles-az-oeroekoesoedesi-adoban-2\/\"> V\u00e9tel\u00e1r<\/a> wird als Verk\u00e4u\u00adfer\u00addar\u00adle\u00adhen ausge\u00adwie\u00adsen und somit wird der \u00dcberge\u00adber neben einer Bank zum weite\u00adren Finanz\u00adierungs\u00adpartner des \u00dcbernehmers.<\/li>\n\n\n\n<li><strong>Die Antei\u00adle werden \u00fcber die Jahre hinweg, Schritt f\u00fcr Schritt \u00fcbertra\u00adgen.<\/strong> Der Nachfol\u00adger kann sich somit einen Teil der Finan\u00adzie\u00adrung versu\u00adchen selbst zu verdie\u00adnen. Nat\u00fcr\u00adlich haben diese Model\u00adle auch ihre Risiken. Die gilt es gegen\u00ad\u00fcber einer exter\u00adnen Nachfol\u00adge durch fremde K\u00e4ufer abzuw\u00e4gen.<\/li>\n<\/ol>\n\n\n\n<div style=\"height:20px\" aria-hidden=\"true\" class=\"wp-block-spacer\"><\/div>\n\n\n\n<h2 class=\"wp-block-heading\" id=\"h-fazit\">K\u00f6vet\u00adkez\u00adte\u00adt\u00e9s<\/h2>\n\n\n\n<p>Az ut\u00f3dl\u00e1s egy csal\u00e1\u00addi v\u00e1llal\u00adko\u00adz\u00e1s\u00adban olyan fontos folyamat, amely a csal\u00e1\u00addi v\u00e1llal\u00adko\u00adz\u00e1\u00adsok <strong>Komple\u00adxi\u00adt\u00e4t der Famili\u00aden\u00addy\u00adna\u00admik<\/strong> kih\u00edv\u00e1st jelenthet.<\/p>\n\n\n\n<p>Zu den Fallstri\u00adcken geh\u00f6ren falsch ausge\u00adrich\u00adte\u00adte Ziele zwischen den Genera\u00adtio\u00adnen, unkla\u00adre Rollen und Verant\u00adwort\u00adlich\u00adkei\u00adten, Schwie\u00adrig\u00adkei\u00adten bei der \u00dcbertra\u00adgung von Eigen\u00adtum und Kontrol\u00adle, mangeln\u00adde Kommu\u00adni\u00adka\u00adti\u00adon und fehlen\u00addes Vertrau\u00aden zwischen den Famili\u00aden\u00admit\u00adglie\u00addern, unzurei\u00adchen\u00adde Finanz\u00adpla\u00adnung und eine fehlen\u00adde recht\u00adli\u00adche Struktur.<\/p>\n\n\n\n<p><strong>Bei sorgf\u00e4l\u00adti\u00adger \u00dcberle\u00adgung und Planung<\/strong> k\u00f6nnen diese Fallstri\u00adcke vermie\u00adden werden und der \u00dcbergang zur n\u00e4chs\u00adten F\u00fchrungs\u00adge\u00adnera\u00adti\u00adon kann erfolg\u00adreich verlaufen.<\/p>\n\n\n\n<div style=\"height:20px\" aria-hidden=\"true\" class=\"wp-block-spacer\"><\/div>\n\n\n\n<h2 class=\"wp-block-heading\" id=\"h-faq-wichtige-fragen-zum-thema-kurz-beantwortet\"><span class=\"caps\">FAQ<\/span> \u2013 Wichti\u00adge Fragen zum Thema kurz beantwortet<\/h2>\n\n\n\n<details class=\"wp-block-details is-layout-flow wp-block-details-is-layout-flow\"><summary><strong>Mit kell figyel\u00adem\u00adbe venni az \u00fczleti ut\u00f3dl\u00e1s sor\u00e1n?<\/strong><\/summary>\n<p>Wichtig sind eine fr\u00fchzei\u00adti\u00adge Planung, die Kl\u00e4rung recht\u00adli\u00adcher und finan\u00adzi\u00adel\u00adler Aspek\u00adte, die Einbe\u00adzie\u00adhung aller relevan\u00adten Famili\u00aden\u00admit\u00adglie\u00adder und Mitar\u00adbei\u00adter, sowie die Festle\u00adgung eines klaren \u00dcberga\u00adbe\u00adplans. Es sollte auch \u00fcberlegt werden, ob und wie die Unter\u00adneh\u00admens\u00adkul\u00adtur und -werte erhal\u00adten bleiben sollen.<\/p>\n<\/details>\n\n\n\n<details class=\"wp-block-details is-layout-flow wp-block-details-is-layout-flow\"><summary><strong>Wie \u00fcberge\u00adbe ich ein Unternehmen?<\/strong><\/summary>\n<p>Die \u00dcberga\u00adbe umfasst die Bewer\u00adtung des Unter\u00adneh\u00admens, die Entwick\u00adlung eines Nachfol\u00adge\u00adplans, die Auswahl des Nachfol\u00adgers, die Kl\u00e4rung steuer\u00adli\u00adcher und recht\u00adli\u00adcher Fragen, und die schritt\u00adwei\u00adse \u00dcberga\u00adbe der Verant\u00adwort\u00adlich\u00adkei\u00adten. Wichtig ist auch, die emotio\u00adna\u00adle Kompo\u00adnen\u00adte der \u00dcberga\u00adbe zu ber\u00fccksichtigen.<\/p>\n<\/details>\n\n\n\n<details class=\"wp-block-details is-layout-flow wp-block-details-is-layout-flow\"><summary><strong>Mikor besz\u00e9\u00adl\u00fcnk csal\u00e1\u00addi v\u00e1llalkoz\u00e1sr\u00f3l?<\/strong><\/summary>\n<p>Ein Famili\u00aden\u00adun\u00adter\u00adneh\u00admen ist ein Unter\u00adneh\u00admen, bei dem die Mehrheit der Entschei\u00addungs\u00adbe\u00adfug\u00adnis in der Hand einer Familie liegt. Oft sind mehre\u00adre Famili\u00aden\u00admit\u00adglie\u00adder in der F\u00fchrung des Unter\u00adneh\u00admens aktiv und es besteht der Wunsch, das Unter\u00adneh\u00admen an die n\u00e4chs\u00adte Genera\u00adti\u00adon weiterzugeben.<\/p>\n<\/details>\n\n\n\n<details class=\"wp-block-details is-layout-flow wp-block-details-is-layout-flow\"><summary><strong>Mi\u00e9rt fontos az ut\u00f3dl\u00e1\u00adsi tervez\u00e9s?<\/strong><\/summary>\n<p>Eine sorgf\u00e4l\u00adti\u00adge Nachfol\u00adge\u00adpla\u00adnung sichert die langfris\u00adti\u00adge \u00dcberle\u00adbens\u00adf\u00e4\u00adhig\u00adkeit und den Erfolg des Unter\u00adneh\u00admens. Sie hilft, poten\u00adzi\u00adel\u00adle Konflik\u00adte zu minimie\u00adren, recht\u00adli\u00adche und finan\u00adzi\u00adel\u00adle Proble\u00adme zu vermei\u00adden und sorgt f\u00fcr einen reibungs\u00adlo\u00adsen \u00dcbergang.<\/p>\n<\/details>\n\n\n\n<details class=\"wp-block-details is-layout-flow wp-block-details-is-layout-flow\"><summary><strong>Mi teszi siker\u00ades\u00ads\u00e9 a csal\u00e1\u00addi v\u00e1llalkoz\u00e1sokat?<\/strong><\/summary>\n<p>Erfolg\u00adrei\u00adche Famili\u00aden\u00adun\u00adter\u00adneh\u00admen zeich\u00adnen sich oft durch starke Werte, langfris\u00adti\u00adge Orien\u00adtie\u00adrung, enge Bezie\u00adhun\u00adgen zu Kunden und Mitar\u00adbei\u00adtern, sowie eine hohe Anpas\u00adsungs\u00adf\u00e4\u00adhig\u00adkeit aus. Sie verbin\u00adden profes\u00adsio\u00adnel\u00adle Manage\u00adment\u00adprak\u00adti\u00adken mit den St\u00e4rken eines famili\u00e4\u00adren Zusammenhalts.<\/p>\n<\/details>\n\n\n\n<details class=\"wp-block-details is-layout-flow wp-block-details-is-layout-flow\"><summary><strong>Was ist ein inhaber\u00adge\u00adf\u00fchr\u00adtes Familienunternehmen?<\/strong><\/summary>\n<p>Ein inhaber\u00adge\u00adf\u00fchr\u00adtes Famili\u00aden\u00adun\u00adter\u00adneh\u00admen wird direkt von einem oder mehre\u00adren Mitglie\u00addern der Familie gelei\u00adtet, die auch Eigen\u00adt\u00fc\u00admer des Unter\u00adneh\u00admens sind. Diese Unter\u00adneh\u00admen kennzeich\u00adnen sich durch eine enge Verbin\u00addung zwischen Unter\u00adneh\u00admens\u00adf\u00fch\u00adrung und Eigentum.<\/p>\n<\/details>","protected":false},"excerpt":{"rendered":"<p>6 Fallstricke und L\u00f6sungen: Unser Leitfaden f\u00fcr Unternehmen in Familienhand Wenn es um die Unternehmensnachfolge in Familienunternehmen geht, kann der [&hellip;]<\/p>\n","protected":false},"author":5,"featured_media":31532,"comment_status":"closed","ping_status":"closed","sticky":false,"template":"","format":"standard","meta":{"wp_typography_post_enhancements_disabled":false,"_kad_blocks_custom_css":"","_kad_blocks_head_custom_js":"","_kad_blocks_body_custom_js":"","_kad_blocks_footer_custom_js":"","site-sidebar-layout":"default","site-content-layout":"default","ast-site-content-layout":"default","site-content-style":"default","site-sidebar-style":"default","ast-global-header-display":"","ast-banner-title-visibility":"","ast-main-header-display":"","ast-hfb-above-header-display":"","ast-hfb-below-header-display":"","ast-hfb-mobile-header-display":"","site-post-title":"","ast-breadcrumbs-content":"","ast-featured-img":"","footer-sml-layout":"","ast-disable-related-posts":"","theme-transparent-header-meta":"default","adv-header-id-meta":"","stick-header-meta":"default","header-above-stick-meta":"","header-main-stick-meta":"","header-below-stick-meta":"","astra-migrate-meta-layouts":"set","ast-page-background-enabled":"default","ast-page-background-meta":{"desktop":{"background-color":"","background-image":"","background-repeat":"repeat","background-position":"center center","background-size":"auto","background-attachment":"scroll","background-type":"","background-media":"","overlay-type":"","overlay-color":"","overlay-opacity":"","overlay-gradient":""},"tablet":{"background-color":"","background-image":"","background-repeat":"repeat","background-position":"center center","background-size":"auto","background-attachment":"scroll","background-type":"","background-media":"","overlay-type":"","overlay-color":"","overlay-opacity":"","overlay-gradient":""},"mobile":{"background-color":"","background-image":"","background-repeat":"repeat","background-position":"center center","background-size":"auto","background-attachment":"scroll","background-type":"","background-media":"","overlay-type":"","overlay-color":"","overlay-opacity":"","overlay-gradient":""}},"ast-content-background-meta":{"desktop":{"background-color":"var(--ast-global-color-5)","background-image":"","background-repeat":"repeat","background-position":"center center","background-size":"auto","background-attachment":"scroll","background-type":"","background-media":"","overlay-type":"","overlay-color":"","overlay-opacity":"","overlay-gradient":""},"tablet":{"background-color":"var(--ast-global-color-5)","background-image":"","background-repeat":"repeat","background-position":"center center","background-size":"auto","background-attachment":"scroll","background-type":"","background-media":"","overlay-type":"","overlay-color":"","overlay-opacity":"","overlay-gradient":""},"mobile":{"background-color":"var(--ast-global-color-5)","background-image":"","background-repeat":"repeat","background-position":"center center","background-size":"auto","background-attachment":"scroll","background-type":"","background-media":"","overlay-type":"","overlay-color":"","overlay-opacity":"","overlay-gradient":""}},"iawp_total_views":18,"footnotes":""},"categories":[1,7],"tags":[3953,206,195,197,217,218,202,198],"class_list":["post-1006","post","type-post","status-publish","format-standard","has-post-thumbnail","hentry","category-unternehmensnachfolge-2","category-generationswechsel","tag-cta-webinar-generationswechsel","tag-familienbetrieb","tag-familienunternehmen","tag-generationswechsel","tag-generationswechsel-in-der-familie","tag-innerfamiliaerer-generationswechsel","tag-mittelstand","tag-unternehmensnachfolge"],"taxonomy_info":{"category":[{"value":1,"label":"Unternehmensnachfolge"},{"value":7,"label":"Generationswechsel"}],"post_tag":[{"value":3953,"label":"CTA: Webinar Generationswechsel"},{"value":206,"label":"Familienbetrieb"},{"value":195,"label":"Familienunternehmen"},{"value":197,"label":"Generationswechsel"},{"value":217,"label":"Generationswechsel in der Familie"},{"value":218,"label":"innerfamili\u00e4rer Generationswechsel"},{"value":202,"label":"Mittelstand"},{"value":198,"label":"Unternehmensnachfolge"}]},"featured_image_src_large":["https:\/\/www.kern-unternehmensnachfolge.com\/wp-content\/uploads\/2023\/03\/Beitragsbild-Unternehmensnachfolge-Familienunternehmen-1024x350.jpg",1024,350,true],"author_info":{"display_name":"Nils Koerber","author_link":"https:\/\/www.kern-unternehmensnachfolge.com\/hu\/author\/nils-koerber\/"},"comment_info":0,"category_info":[{"term_id":1,"name":"Unternehmensnachfolge","slug":"unternehmensnachfolge-2","term_group":0,"term_taxonomy_id":1,"taxonomy":"category","description":"","parent":0,"count":280,"filter":"raw","cat_ID":1,"category_count":280,"category_description":"","cat_name":"Unternehmensnachfolge","category_nicename":"unternehmensnachfolge-2","category_parent":0},{"term_id":7,"name":"Generationswechsel","slug":"generationswechsel","term_group":0,"term_taxonomy_id":7,"taxonomy":"category","description":"","parent":0,"count":20,"filter":"raw","cat_ID":7,"category_count":20,"category_description":"","cat_name":"Generationswechsel","category_nicename":"generationswechsel","category_parent":0}],"tag_info":[{"term_id":3953,"name":"CTA: Webinar Generationswechsel","slug":"cta-webinar-generationswechsel","term_group":0,"term_taxonomy_id":3953,"taxonomy":"post_tag","description":"","parent":0,"count":36,"filter":"raw"},{"term_id":206,"name":"Familienbetrieb","slug":"familienbetrieb","term_group":0,"term_taxonomy_id":206,"taxonomy":"post_tag","description":"","parent":0,"count":67,"filter":"raw"},{"term_id":195,"name":"Familienunternehmen","slug":"familienunternehmen","term_group":0,"term_taxonomy_id":195,"taxonomy":"post_tag","description":"","parent":0,"count":103,"filter":"raw"},{"term_id":197,"name":"Generationswechsel","slug":"generationswechsel","term_group":0,"term_taxonomy_id":197,"taxonomy":"post_tag","description":"","parent":0,"count":128,"filter":"raw"},{"term_id":217,"name":"Generationswechsel in der Familie","slug":"generationswechsel-in-der-familie","term_group":0,"term_taxonomy_id":217,"taxonomy":"post_tag","description":"","parent":0,"count":55,"filter":"raw"},{"term_id":218,"name":"innerfamili\u00e4rer Generationswechsel","slug":"innerfamiliaerer-generationswechsel","term_group":0,"term_taxonomy_id":218,"taxonomy":"post_tag","description":"","parent":0,"count":48,"filter":"raw"},{"term_id":202,"name":"Mittelstand","slug":"mittelstand","term_group":0,"term_taxonomy_id":202,"taxonomy":"post_tag","description":"","parent":0,"count":71,"filter":"raw"},{"term_id":198,"name":"Unternehmensnachfolge","slug":"unternehmensnachfolge","term_group":0,"term_taxonomy_id":198,"taxonomy":"post_tag","description":"","parent":0,"count":189,"filter":"raw"}],"_links":{"self":[{"href":"https:\/\/www.kern-unternehmensnachfolge.com\/hu\/wp-json\/wp\/v2\/posts\/1006","targetHints":{"allow":["GET"]}}],"collection":[{"href":"https:\/\/www.kern-unternehmensnachfolge.com\/hu\/wp-json\/wp\/v2\/posts"}],"about":[{"href":"https:\/\/www.kern-unternehmensnachfolge.com\/hu\/wp-json\/wp\/v2\/types\/post"}],"author":[{"embeddable":true,"href":"https:\/\/www.kern-unternehmensnachfolge.com\/hu\/wp-json\/wp\/v2\/users\/5"}],"replies":[{"embeddable":true,"href":"https:\/\/www.kern-unternehmensnachfolge.com\/hu\/wp-json\/wp\/v2\/comments?post=1006"}],"version-history":[{"count":0,"href":"https:\/\/www.kern-unternehmensnachfolge.com\/hu\/wp-json\/wp\/v2\/posts\/1006\/revisions"}],"wp:featuredmedia":[{"embeddable":true,"href":"https:\/\/www.kern-unternehmensnachfolge.com\/hu\/wp-json\/wp\/v2\/media\/31532"}],"wp:attachment":[{"href":"https:\/\/www.kern-unternehmensnachfolge.com\/hu\/wp-json\/wp\/v2\/media?parent=1006"}],"wp:term":[{"taxonomy":"category","embeddable":true,"href":"https:\/\/www.kern-unternehmensnachfolge.com\/hu\/wp-json\/wp\/v2\/categories?post=1006"},{"taxonomy":"post_tag","embeddable":true,"href":"https:\/\/www.kern-unternehmensnachfolge.com\/hu\/wp-json\/wp\/v2\/tags?post=1006"}],"curies":[{"name":"wp","href":"https:\/\/api.w.org\/{rel}","templated":true}]}}