{"id":10022,"date":"2020-06-12T02:32:51","date_gmt":"2020-06-12T00:32:51","guid":{"rendered":"https:\/\/great-kare.185-125-174-66.plesk.page\/?p=10022"},"modified":"2021-09-13T11:53:23","modified_gmt":"2021-09-13T09:53:23","slug":"project-werimo-tooling-ipar-oesszeszerelo-vallalat-ertekesites","status":"publish","type":"post","link":"https:\/\/www.kern-unternehmensnachfolge.com\/hu\/projekt-werimo-werkzeugbau-industriemontage-unternehmensverkauf\/","title":{"rendered":"Werimo Werkzeug\u00adbau \u2013 Unternehmensverkauf"},"content":{"rendered":"<p><span><img decoding=\"async\" alt data-id=\"10049\" data-init-width=\"566\" data-init-height=\"89\" title=\"WERIMO-LOGO-NEU-1\" loading=\"lazy\" src=\"https:\/\/www.kern-unternehmensnachfolge.com\/wp-content\/uploads\/2020\/06\/WERIMO-LOGO-NEU-1.png\" data-width=\"305\" data-height=\"48\" width=\"305\" height=\"48\"><\/span><\/p>\n<ul>\n<li>                    <span>G\u00e9p\u00e9s\u00adzet<\/span><\/li>\n<li>                    <span><a href=\"\/hu\/egy-vallalat-eladasa-4\/\" style=\"outline: none;\" target=\"_blank\" rel=\"noopener noreferrer\">C\u00e9gela\u00add\u00e1s<\/a><span style=\"color: rgb(174, 174, 174);\">| V\u00e1llalat\u00adv\u00e1\u00ads\u00e1r\u00adl\u00e1s | Gener\u00e1ci\u00f3v\u00e1lt\u00e1s<\/span><\/span><\/li>\n<li>                    <span>Betreut von: \u200b<a href=\"https:\/\/www.kern-unternehmensnachfolge.com\/hu\/partner-a-helyszinen\/hamburg-kalonda\/\" style=\"outline: none;\">Nicole Kalon\u00adda&nbsp;<\/a><\/span><\/li>\n<li>                    <span><a href=\"https:\/\/www.kern-unternehmensnachfolge.com\/hu\/gyakorlati-pelda-egy-sikeres-uezleti-sikerre-a-szakmaban\/\" style=\"outline: none;\">Tov\u00e1b\u00adbi inform\u00e1ci\u00f3k<\/a><\/span><\/li>\n<\/ul>\n<h3>A v\u00e1llala\u00adtr\u00f3l&nbsp;<\/h3>\n<p><span data-contrast=\"auto\" lang=\"DE-DE\">A&nbsp;<\/span><span data-contrast=\"auto\" lang=\"DE-DE\">Werimo Szersz\u00e1m\u00adgy\u00e1r\u00adt\u00e1s \u00e9s ipari \u00f6sszes\u00adze\u00adrel\u00e9s GmbH<\/span><span data-contrast=\"auto\" lang=\"DE-DE\">&nbsp;volt&nbsp;<\/span><span data-contrast=\"auto\" lang=\"DE-DE\">a  c\u00edmre.&nbsp;<\/span><span data-contrast=\"auto\" lang=\"DE-DE\">199<\/span><span data-contrast=\"auto\" lang=\"DE-DE\">1, kezdve a<\/span><span data-contrast=\"auto\" lang=\"DE-DE\">&nbsp;<\/span><span data-contrast=\"auto\" lang=\"DE-DE\"><span class=\"caps\">VEB<\/span> Elektro\u00adin\u00adstal\u00adla\u00adti\u00adon Wismar von 3 ehema\u00adli\u00adgen Angestell\u00adten in Neuklos\u00adter gegr\u00fcn\u00addet.&nbsp;<\/span><span data-contrast=\"auto\" lang=\"DE-DE\">Az elad\u00e1s id\u0151pontj\u00e1\u00adban a v\u00e1lla\u00adlat Gerhard Zucker \u00far \u00e9s fia, Micha\u00adel Zucker tulaj\u00addon\u00e1\u00adban volt.&nbsp;<\/span><span data-contrast=\"auto\" lang=\"DE-DE\">Seit ihrer Gr\u00fcndung hat sich die&nbsp;Werimo&nbsp;GmbH zu einem moder\u00adnen Ferti\u00adgungs\u00addienst\u00adleis\u00adter mit umfang\u00adrei\u00adchem Leistungs\u00adspek\u00adtrum f\u00fcr den gesam\u00adten Bereich der Zerspa\u00adnungs- und Anlagen\u00adtech\u00adnik entwi\u00adckelt.<\/span><span data-ccp-props=\"{&quot;201341983&quot;:0,&quot;335559739&quot;:160,&quot;335559740&quot;:259}\">&nbsp;<\/span><\/p>\n<p><span data-contrast=\"auto\" lang=\"DE-DE\"><span data-ccp-parastyle=\"Aufzaehlung\">Das Unter\u00adneh\u00admen genie\u00dft \u00fcberre\u00adgio\u00adnal in seiner Branche einen hervor\u00adra\u00adgen\u00adden Ruf.<\/span><\/span><span data-contrast=\"auto\" lang=\"DE-DE\"><span data-ccp-parastyle=\"Aufzaehlung\">&nbsp;In den seit nunmehr \u00fcber 25 Jahren haben sich Branchen\u00adschwer\u00adpunk\u00adte im Bereich Offshore Indus\u00adtrie, Schiff\u00adbau, Lebens\u00admit\u00adtel\u00adin\u00addus\u00adtrie, Wehrtech\u00adnik sowie Maschi\u00adnen- und Anlagen\u00adbau bei der Kundschaft heraus\u00adge\u00adbil\u00addet.<\/span><\/span><span data-contrast=\"auto\" lang=\"DE-DE\"><span data-ccp-parastyle=\"Aufzaehlung\">&nbsp;<\/span><\/span><span data-ccp-props=\"{&quot;134233279&quot;:true,&quot;201341983&quot;:1,&quot;335551550&quot;:6,&quot;335551620&quot;:6,&quot;335559685&quot;:14,&quot;335559739&quot;:312,&quot;335559740&quot;:312,&quot;335559991&quot;:252}\">&nbsp;<\/span><\/p>\n<h3>A feladat&nbsp;<\/h3>\n<p><span data-contrast=\"auto\" lang=\"DE-DE\">Das Projekt umfass\u00adte die Verkaufs\u00advor\u00adbe\u00adrei\u00adtung, K\u00e4ufer\u00adsu\u00adche und Anspra\u00adche sowie die Organi\u00adsa\u00adti\u00adon und Modera\u00adti\u00adon<\/span><span data-contrast=\"auto\" lang=\"DE-DE\">&nbsp;a teljes \u00e9rt\u00e9ke\u00ads\u00ed\u00adt\u00e9\u00adsi folyamat<\/span><span data-contrast=\"auto\" lang=\"DE-DE\">.<\/span><span data-contrast=\"auto\" lang=\"DE-DE\">&nbsp;<\/span><span data-contrast=\"auto\" lang=\"DE-DE\">A projekt kih\u00edv\u00e1\u00adsa a helysz\u00edn volt&nbsp;<\/span><span data-contrast=\"auto\" lang=\"DE-DE\">Mecklen\u00adburg-El\u0151-Pomer\u00e1\u00adnia<\/span><span data-contrast=\"auto\" lang=\"DE-DE\">, der f\u00fcr viele <span class=\"caps\">MBI<\/span> Kandi\u00adda\u00adten nicht attrak\u00adtiv erschien und die sehr gute Auftrags\u00adla\u00adge w\u00e4hrend des Verkaufs\u00adpro\u00adzes\u00adses, die den opera\u00adtiv t\u00e4tigen Inhaber sehr stark beanspruch\u00adte<\/span><span data-contrast=\"auto\" lang=\"DE-DE\">.&nbsp;<\/span><span data-contrast=\"auto\" lang=\"DE-DE\">Minda\u00adzon\u00e1l\u00adtal a projekt<\/span><span data-contrast=\"auto\" lang=\"DE-DE\">neral\u00adly&nbsp;<\/span><span data-contrast=\"auto\" lang=\"DE-DE\">a  c\u00edmr\u0151l<\/span><span data-contrast=\"auto\" lang=\"DE-DE\">&nbsp;<\/span><span data-contrast=\"auto\" lang=\"DE-DE\">15<\/span><span data-contrast=\"auto\" lang=\"DE-DE\">&nbsp;h\u00f3napok sikere\u00adsen befeje\u00adz\u0151d\u00adtek.&nbsp;<\/span><span data-ccp-props=\"{&quot;201341983&quot;:0,&quot;335559739&quot;:160,&quot;335559740&quot;:259}\">&nbsp;<\/span><\/p>\n<h3>Mit mond az \u00fcgyf\u00e9l a projektr\u0151l<\/h3>\n<p style=\"text-align: left;\">Gerhard Zucker \u00e9s Micha\u00adel Zucker<\/p>\n<p><span data-contrast=\"auto\" lang=\"DE-DE\"><span class=\"dquo\">\u201e<\/span>Die Unter\u00adst\u00fct\u00adzung&nbsp;<\/span><span data-contrast=\"auto\" lang=\"DE-DE\">von Frau&nbsp;Kalon\u00adda&nbsp;von <span class=\"caps\">KERN<\/span> war w\u00e4hrend des ganzen&nbsp;<\/span><span data-contrast=\"auto\" lang=\"DE-DE\">\u00c9rt\u00e9ke\u00ads\u00ed\u00adt\u00e9\u00adsi folyamat<\/span><span data-contrast=\"auto\" lang=\"DE-DE\">it<\/span><span data-contrast=\"auto\" lang=\"DE-DE\">&nbsp;profi,&nbsp;<\/span><span data-contrast=\"auto\" lang=\"DE-DE\">abszol\u00fat&nbsp;<\/span><span data-contrast=\"auto\" lang=\"DE-DE\">zuver\u00adl\u00e4s\u00adsig und&nbsp;<\/span><span data-contrast=\"auto\" lang=\"DE-DE\">von beiden Seiten durch tiefes Vertrau\u00aden gepr\u00e4gt<\/span><span data-contrast=\"auto\" lang=\"DE-DE\">.&nbsp;<\/span><span data-contrast=\"auto\" lang=\"DE-DE\">Ohne die feder\u00adf\u00fch\u00adren\u00adde Beglei\u00adtung von Frau&nbsp;Kalon\u00adda&nbsp;<\/span><span data-contrast=\"auto\" lang=\"DE-DE\">ebben a k\u00fcl\u00f6n\u00adle\u00adges helyzet\u00adben<\/span><span data-contrast=\"auto\" lang=\"DE-DE\">&nbsp;h\u00e4tte ich nicht die Zeit gehabt&nbsp;<\/span><span data-contrast=\"auto\" lang=\"DE-DE\">a c\u00e9gem&nbsp;<\/span><strong><span data-contrast=\"auto\" lang=\"DE-DE\">m\u00e9g mindig<\/span><\/strong><span data-contrast=\"auto\" lang=\"DE-DE\"><strong>&nbsp;<\/strong>olyan sikeres&nbsp;<\/span><strong><span data-contrast=\"auto\" lang=\"DE-DE\">zu f\u00fchren<\/span><\/strong><strong><span data-contrast=\"auto\" lang=\"DE-DE\">&nbsp;<\/span><span data-contrast=\"auto\" lang=\"DE-DE\">\u00e9s<\/span><\/strong><span data-contrast=\"auto\" lang=\"DE-DE\"><strong>&nbsp;<\/strong>folytat\u00adni&nbsp;<\/span><span data-contrast=\"auto\" lang=\"DE-DE\">fejl\u0151d\u00adni.&nbsp;<\/span><span data-ccp-props=\"{&quot;201341983&quot;:0,&quot;335559739&quot;:160,&quot;335559740&quot;:259}\">&nbsp;<\/span><\/p>\n<p><span data-contrast=\"auto\" lang=\"DE-DE\">A c\u00e9g\u00e9rt\u00e9\u00adkel\u00e9\u00ads\u00adt\u0151l az ad\u00e1sv\u00e9\u00adte\u00adli szerz\u0151\u00add\u00e9\u00adsig a folyamat c\u00e9ltu\u00adda\u00adtos volt \u00e9s az \u00e9n ig\u00e9ny\u00adeim\u00adre szabott.&nbsp;<\/span><strong><span data-contrast=\"auto\" lang=\"DE-DE\">pers\u00f6n\u00adli\u00adchen<\/span><\/strong><span data-contrast=\"auto\" lang=\"DE-DE\">&nbsp;<\/span><span data-contrast=\"auto\" lang=\"DE-DE\">Bed\u00fcrf\u00adnis\u00adse angepasst<\/span><span data-contrast=\"auto\" lang=\"DE-DE\">.<\/span><span data-ccp-props=\"{&quot;201341983&quot;:0,&quot;335559739&quot;:160,&quot;335559740&quot;:259}\">&nbsp;<\/span><strong><span data-contrast=\"auto\" lang=\"DE-DE\">Dadurch folgte der Verkaufs\u00adpro\u00adzess einer \u201eroten Linie\u201c und mir<\/span><\/strong><span data-contrast=\"auto\" lang=\"DE-DE\">&nbsp;sok id\u0151t t\u00f6lt\u00f6t\u00adtem el ezzel&nbsp;<\/span><strong><span data-contrast=\"auto\" lang=\"DE-DE\">\u00e9s energia<\/span><\/strong><span data-contrast=\"auto\" lang=\"DE-DE\">&nbsp;megment\u00adve.<\/span><span data-ccp-props=\"{&quot;201341983&quot;:0,&quot;335559739&quot;:160,&quot;335559740&quot;:259}\">&nbsp;<\/span><span data-contrast=\"auto\" lang=\"DE-DE\">Az egy\u00fctt\u00adm\u0171\u00adk\u00f6\u00add\u00e9s&nbsp;<\/span><strong><span data-contrast=\"auto\" lang=\"DE-DE\">war zielf\u00fch\u00adrend<\/span><\/strong><span data-contrast=\"auto\" lang=\"DE-DE\">&nbsp;\u00e9s ez\u00e1ltal nem csak&nbsp;<\/span><span data-contrast=\"auto\" lang=\"DE-DE\">gro\u00dfen Spa\u00df gemacht<\/span><span data-contrast=\"auto\" lang=\"DE-DE\">hanem&nbsp;<\/span><span data-contrast=\"auto\" lang=\"DE-DE\">gyorsabb, mint&nbsp;<\/span><span data-contrast=\"auto\" lang=\"DE-DE\">Elv\u00e1r\u00e1\u00adsok<\/span><span data-contrast=\"auto\" lang=\"DE-DE\">&nbsp;zum Erfolg gef\u00fchrt.\u201c<\/span><span data-ccp-props=\"{&quot;201341983&quot;:0,&quot;335559739&quot;:160,&quot;335559740&quot;:259}\">&nbsp;<\/span><\/p>\n<h3>A vev\u0151r\u0151l<\/h3>\n<p><span data-contrast=\"auto\" lang=\"DE-DE\">A 01.0-on<\/span><span data-contrast=\"auto\" lang=\"DE-DE\">1<\/span><span data-contrast=\"auto\" lang=\"DE-DE\">.201<\/span><span data-contrast=\"auto\" lang=\"DE-DE\">9<\/span><span data-contrast=\"auto\" lang=\"DE-DE\">&nbsp;megszer\u00adzett&nbsp;<\/span><span data-contrast=\"auto\" lang=\"DE-DE\">Allvar GmbH, sz\u00e9khe\u00adlye Rostock<\/span><span data-contrast=\"auto\" lang=\"DE-DE\">&nbsp;a&nbsp;<\/span><span data-contrast=\"auto\" lang=\"DE-DE\">V\u00e1lla\u00adlat a R<\/span><span data-contrast=\"auto\" lang=\"DE-DE\">egy&nbsp;<\/span><span data-contrast=\"auto\" lang=\"DE-DE\">Megosz\u00adt\u00e1\u00adsi aj\u00e1nla\u00adtok.<\/span><span data-contrast=\"auto\" lang=\"DE-DE\">&nbsp;<\/span><span data-contrast=\"none\" lang=\"DE-DE\">Die junge Betei\u00adli\u00adgungs\u00adge\u00adsell\u00adschaft aus Mecklen\u00adburg-Vorpom\u00admern, besa\u00df<\/span><span data-contrast=\"none\" lang=\"DE-DE\">&nbsp;<\/span><span data-contrast=\"none\" lang=\"DE-DE\">m\u00e1r egy g\u00e9pipa\u00adri v\u00e1lla\u00adlat&nbsp;<\/span><span data-contrast=\"none\" lang=\"DE-DE\">\u00e9s tov\u00e1b\u00adbra is n\u00f6veke\u00add\u00e9\u00adsi p\u00e1ly\u00e1n van.<\/span><span data-ccp-props=\"{&quot;201341983&quot;:0,&quot;335559739&quot;:160,&quot;335559740&quot;:240}\">&nbsp;<\/span><\/p>","protected":false},"excerpt":{"rendered":"<p>A g\u00e9pipa\u00adri v\u00e1llala\u00adtot 15 h\u00f3napon bel\u00fcl sikere\u00adsen \u00e9rt\u00e9ke\u00ads\u00ed\u00adtet\u00adt\u00e9k. A projekt mag\u00e1ban foglal\u00adta a teljes \u00e9rt\u00e9ke\u00ads\u00ed\u00adt\u00e9\u00adsi folyamatot.<\/p>","protected":false},"author":25,"featured_media":10063,"comment_status":"closed","ping_status":"closed","sticky":false,"template":"","format":"image","meta":{"wp_typography_post_enhancements_disabled":false,"_kad_blocks_custom_css":"","_kad_blocks_head_custom_js":"","_kad_blocks_body_custom_js":"","_kad_blocks_footer_custom_js":"","site-sidebar-layout":"right-sidebar","site-content-layout":"boxed-container","ast-site-content-layout":"default","site-content-style":"default","site-sidebar-style":"default","ast-global-header-display":"","ast-banner-title-visibility":"","ast-main-header-display":"","ast-hfb-above-header-display":"","ast-hfb-below-header-display":"","ast-hfb-mobile-header-display":"","site-post-title":"","ast-breadcrumbs-content":"","ast-featured-img":"","footer-sml-layout":"","ast-disable-related-posts":"","theme-transparent-header-meta":"default","adv-header-id-meta":"","stick-header-meta":"default","header-above-stick-meta":"","header-main-stick-meta":"","header-below-stick-meta":"","astra-migrate-meta-layouts":"default","ast-page-background-enabled":"default","ast-page-background-meta":{"desktop":{"background-color":"","background-image":"","background-repeat":"repeat","background-position":"center center","background-size":"auto","background-attachment":"scroll","background-type":"","background-media":"","overlay-type":"","overlay-color":"","overlay-opacity":"","overlay-gradient":""},"tablet":{"background-color":"","background-image":"","background-repeat":"repeat","background-position":"center center","background-size":"auto","background-attachment":"scroll","background-type":"","background-media":"","overlay-type":"","overlay-color":"","overlay-opacity":"","overlay-gradient":""},"mobile":{"background-color":"","background-image":"","background-repeat":"repeat","background-position":"center center","background-size":"auto","background-attachment":"scroll","background-type":"","background-media":"","overlay-type":"","overlay-color":"","overlay-opacity":"","overlay-gradient":""}},"ast-content-background-meta":{"desktop":{"background-color":"var(--ast-global-color-5)","background-image":"","background-repeat":"repeat","background-position":"center center","background-size":"auto","background-attachment":"scroll","background-type":"","background-media":"","overlay-type":"","overlay-color":"","overlay-opacity":"","overlay-gradient":""},"tablet":{"background-color":"var(--ast-global-color-5)","background-image":"","background-repeat":"repeat","background-position":"center center","background-size":"auto","background-attachment":"scroll","background-type":"","background-media":"","overlay-type":"","overlay-color":"","overlay-opacity":"","overlay-gradient":""},"mobile":{"background-color":"var(--ast-global-color-5)","background-image":"","background-repeat":"repeat","background-position":"center center","background-size":"auto","background-attachment":"scroll","background-type":"","background-media":"","overlay-type":"","overlay-color":"","overlay-opacity":"","overlay-gradient":""}},"iawp_total_views":11,"footnotes":""},"categories":[5277],"tags":[3951,5285],"class_list":["post-10022","post","type-post","status-publish","format-image","has-post-thumbnail","hentry","category-projekte","tag-cta-webinar-unternehmensverkauf","tag-fertig","post_format-post-format-image"],"taxonomy_info":{"category":[{"value":5277,"label":"Projekte"}],"post_tag":[{"value":3951,"label":"CTA: Webinar Unternehmensverkauf"},{"value":5285,"label":"fertig"}]},"featured_image_src_large":["https:\/\/www.kern-unternehmensnachfolge.com\/wp-content\/uploads\/2020\/06\/kern-blog-projekt1-1024x634.jpg",1024,634,true],"author_info":{"display_name":"Redaktion","author_link":"https:\/\/www.kern-unternehmensnachfolge.com\/hu\/author\/vonhacht\/"},"comment_info":0,"category_info":[{"term_id":5277,"name":"Projekte","slug":"projekte","term_group":0,"term_taxonomy_id":5277,"taxonomy":"category","description":"","parent":0,"count":45,"filter":"raw","cat_ID":5277,"category_count":45,"category_description":"","cat_name":"Projekte","category_nicename":"projekte","category_parent":0}],"tag_info":[{"term_id":3951,"name":"CTA: Webinar Unternehmensverkauf","slug":"cta-webinar-unternehmensverkauf","term_group":0,"term_taxonomy_id":3951,"taxonomy":"post_tag","description":"","parent":0,"count":123,"filter":"raw"},{"term_id":5285,"name":"fertig","slug":"fertig","term_group":0,"term_taxonomy_id":5285,"taxonomy":"post_tag","description":"","parent":0,"count":1,"filter":"raw"}],"_links":{"self":[{"href":"https:\/\/www.kern-unternehmensnachfolge.com\/hu\/wp-json\/wp\/v2\/posts\/10022","targetHints":{"allow":["GET"]}}],"collection":[{"href":"https:\/\/www.kern-unternehmensnachfolge.com\/hu\/wp-json\/wp\/v2\/posts"}],"about":[{"href":"https:\/\/www.kern-unternehmensnachfolge.com\/hu\/wp-json\/wp\/v2\/types\/post"}],"author":[{"embeddable":true,"href":"https:\/\/www.kern-unternehmensnachfolge.com\/hu\/wp-json\/wp\/v2\/users\/25"}],"replies":[{"embeddable":true,"href":"https:\/\/www.kern-unternehmensnachfolge.com\/hu\/wp-json\/wp\/v2\/comments?post=10022"}],"version-history":[{"count":0,"href":"https:\/\/www.kern-unternehmensnachfolge.com\/hu\/wp-json\/wp\/v2\/posts\/10022\/revisions"}],"wp:featuredmedia":[{"embeddable":true,"href":"https:\/\/www.kern-unternehmensnachfolge.com\/hu\/wp-json\/wp\/v2\/media\/10063"}],"wp:attachment":[{"href":"https:\/\/www.kern-unternehmensnachfolge.com\/hu\/wp-json\/wp\/v2\/media?parent=10022"}],"wp:term":[{"taxonomy":"category","embeddable":true,"href":"https:\/\/www.kern-unternehmensnachfolge.com\/hu\/wp-json\/wp\/v2\/categories?post=10022"},{"taxonomy":"post_tag","embeddable":true,"href":"https:\/\/www.kern-unternehmensnachfolge.com\/hu\/wp-json\/wp\/v2\/tags?post=10022"}],"curies":[{"name":"wp","href":"https:\/\/api.w.org\/{rel}","templated":true}]}}