{"id":4427,"date":"2018-11-20T11:46:30","date_gmt":"2018-11-20T10:46:30","guid":{"rendered":"https:\/\/great-kare.185-125-174-66.plesk.page\/?p=4427"},"modified":"2026-02-27T12:39:10","modified_gmt":"2026-02-27T11:39:10","slug":"integration-management-key-success-company-takeover","status":"publish","type":"post","link":"https:\/\/www.kern-unternehmensnachfolge.com\/en\/integrationsmanagement-schluessel-erfolg-unternehmensuebernahme\/","title":{"rendered":"Integra\u00adti\u00adons\u00adma\u00adnage\u00adment \u2013 Die Phase nach dem Unternehmensverkauf"},"content":{"rendered":"<p><\/p>\n<p><em>Bei einer Unter\u00adneh\u00admens\u00ad\u00fcber\u00adnah\u00adme werden meist zwei unter\u00adschied\u00adli\u00adche Kultu\u00adren und Organi\u00adsa\u00adtio\u00adnen zusam\u00admen\u00adge\u00adf\u00fchrt. Dies ist ein sehr komple\u00adxer Prozess, der viele M\u00f6glich\u00adkei\u00adten, aber auch Stolper\u00adstei\u00adne beinhal\u00adtet. Nur ein fr\u00fchzei\u00adti\u00adges und konse\u00adquen\u00adtes Integra\u00adti\u00adons\u00adma\u00adnage\u00adment f\u00fchrt zur Hebung der geplan\u00adten Syner\u00adgie\u00adef\u00adfek\u00adte und somit zum gew\u00fcnsch\u00adten wirtschaft\u00adli\u00adchen Erfolg einer \u00dcbernahme.<\/em><\/p>\n<h2>Die M\u00fchen der&nbsp;Ebene<\/h2>\n<p>Das Ziel einer \u00dcbernah\u00adme ist immer der wirtschaft\u00adli\u00adche Erfolg, der m\u00f6glichst hohe Return-on-Invest\u00adment f\u00fcr den \u00dcberneh\u00admen\u00adden. Dennoch errei\u00adchen nur ein Bruch\u00adteil aller Kaufpro\u00adjek\u00adte das erwar\u00adte\u00adte Ziel. Die Folgen einer \u00dcbernah\u00adme sind noch Jahre danach sp\u00fcrbar. Dabei ist in den meisten F\u00e4llen aufgrund von vielen Belas\u00adtun\u00adgen (inter\u00adner Umbau plus Tages\u00adge\u00adsch\u00e4ft plus dringen\u00adde Inves\u00adti\u00adtio\u00adnen) an Wachs\u00adtum vorerst nicht zu denken. Erst in den <strong>Subse\u00adquent years<\/strong> is to achie\u00adve a positi\u00adve econo\u00admic develo\u00adp\u00adment on the market.<\/p>\n<p><strong>The central chall\u00adenge<\/strong> f\u00fcr den Erfolg einer Unter\u00adneh\u00admens\u00adtrans\u00adak\u00adti\u00adon liegt in einem <strong>profes\u00adsio\u00adnal integra\u00adti\u00adon manage\u00adment<\/strong>. Die finan\u00adzi\u00adel\u00adlen, recht\u00adli\u00adchen und techni\u00adschen Rahmen\u00adbe\u00addin\u00adgun\u00adgen sind meistens bei der Unter\u00adschrift gekl\u00e4rt. Dann m\u00fcssen die unter\u00adschied\u00adli\u00adchen Gesch\u00e4fts\u00admo\u00addel\u00adle aufein\u00adan\u00adder abgestimmt, die inter\u00adnen Prozes\u00adse und Struk\u00adtu\u00adren harmo\u00adni\u00adsiert und die F\u00fchrungs\u00adkul\u00adtu\u00adren integriert werden. Dieser Prozess erstreckt sich \u00fcber einige Monate und bedeu\u00adtet eine zus\u00e4tz\u00adli\u00adche Belas\u00adtung f\u00fcr die Mitarbeiter.<\/p>\n<h2>Set up integra\u00adti\u00adon project<\/h2>\n<p>Schon bereits lange vor dem offizi\u00adel\u00adlen Closing sollte man ein Projekt\u00adteam f\u00fcr das Integra\u00adti\u00adons\u00adma\u00adnage\u00adment ernen\u00adnen. Es setzt sich aus vertrau\u00adens\u00adw\u00fcr\u00addi\u00adgen Schl\u00fcs\u00adsel\u00adper\u00adso\u00adnen von beiden Seiten zusam\u00admen. Das Team soll die unter\u00adschied\u00adli\u00adchen Initia\u00adti\u00adven zur Zusam\u00admen\u00adf\u00fch\u00adrung beider Unter\u00adneh\u00admens\u00adein\u00adhei\u00adten koordi\u00adnie\u00adren: einen Projekt\u00adplan aufset\u00adzen, unter\u00adschied\u00adli\u00adche Arbeits\u00adgrup\u00adpen ernen\u00adnen, die Ressour\u00adcen vertei\u00adlen und die Ziele nachhalten.<\/p>\n<p>Die ersten Punkte, die im Integra\u00adti\u00adons\u00adpro\u00adzess zu kl\u00e4ren sind, sind die Fragen zu den <strong>F\u00fchrungs\u00adebe\u00adnen<\/strong> and to the <strong>Organi\u00adsa\u00adtio\u00adnal struc\u00adtu\u00adre<\/strong>. Verant\u00adwor\u00adtun\u00adgen und Aufga\u00adben\u00adbe\u00adrei\u00adche m\u00fcssen definiert und alle wichti\u00adgen F\u00fchrungs\u00adkr\u00e4f\u00adte \u00fcber ihre k\u00fcnfti\u00adgen Rollen und Kompe\u00adten\u00adzen infor\u00admiert werden. Auch Fragen zur Ablauf\u00ador\u00adga\u00adni\u00adsa\u00adti\u00adon sind zu kl\u00e4ren, doppel\u00adte Arbeits- und Kompe\u00adtenz\u00adbe\u00adrei\u00adche (Buchhal\u00adtung, <span class=\"caps\">EDV<\/span>, etc.) zusam\u00admen\u00adzu\u00adf\u00fch\u00adren und Aufga\u00adben in den Teams neu zu verteilen.<\/p>\n<h2>Record the intan\u00adgi\u00adble assets<\/h2>\n<p>Sobald die organi\u00adsa\u00adto\u00adri\u00adschen und struk\u00adtu\u00adrel\u00adlen Anlie\u00adgen definiert sind, sollte man sich der Analy\u00adse der immate\u00adri\u00adel\u00adlen Werte widmen. Der Werte, die nicht physisch vorlie\u00adgen, aber f\u00fcr den wirtschaft\u00adli\u00adchen Erfolg essen\u00adti\u00adell sind. Das sind z.B. die Marke, spezi\u00adel\u00adles Know-how und die inter\u00adne Kultur eines Unter\u00adneh\u00admens. Deshalb ist es wichtig, diese immate\u00adri\u00adel\u00adlen Werte zu erfas\u00adsen und einen Plan festzu\u00adle\u00adgen, welche man in das neue Unter\u00adneh\u00admen \u00fcberneh\u00admen und f\u00f6rdern m\u00f6chte und wie das gesche\u00adhen soll. Eine Verschmel\u00adzung beider Kultu\u00adren ohne Konflik\u00adte ist schwie\u00adrig. Wenn es aber gelingt, ist eine <strong>new corpo\u00adra\u00adte cultu\u00adre<\/strong> created, which solidi\u00adfies the union among all employees.<\/p>\n<h2>Imple\u00adment commu\u00adni\u00adca\u00adti\u00adon strategy<\/h2>\n<p>An important building block of integra\u00adti\u00adon manage\u00adment is the effec\u00adti\u00adve <strong>Commu\u00adni\u00adca\u00adti\u00adon strategy<\/strong>, die gro\u00dfe Chancen beinhal\u00adtet. Eine offene und zielge\u00adrich\u00adte\u00adte Kommu\u00adni\u00adka\u00adti\u00adon f\u00f6rdert das Vertrau\u00aden aller Betei\u00adlig\u00adten. Wichtig ist dabei die realis\u00adti\u00adsche Einsch\u00e4t\u00adzung, dass mit der Vertrags\u00adun\u00adter\u00adzeich\u00adnung jetzt das eigent\u00adli\u00adche Projekt beginnt. Der geplan\u00adte Status Quo ist erst nach Monaten erreicht.<\/p>\n<h2>Die Spitze mitneh\u00admen und den \u00dcberge\u00adber integrieren<\/h2>\n<p>F\u00fcr die Vertrau\u00adens\u00adbil\u00addung und den Erfolg einer Trans\u00adak\u00adti\u00adon ist es wichtig, dass F\u00fchrungs\u00adkr\u00e4f\u00adte eng in den Prozess einge\u00adbun\u00adden werden und mitver\u00adant\u00adwort\u00adlich f\u00fcr das Integra\u00adti\u00adons\u00adma\u00adnage\u00adment sind. Selbst\u00adbe\u00adwusst\u00adsein und Optimis\u00admus strahlt auf die Mitar\u00adbei\u00adter ab und f\u00fchrt zu einer positi\u00adven Einstel\u00adlung zum Ver\u00e4n\u00adde\u00adrungs\u00adpro\u00adzess. Zudem ist eine kriti\u00adsche Analy\u00adse des Mitar\u00adbei\u00adter\u00adstabs erfor\u00adder\u00adlich. Denn nur rund 1\/5 der Beleg\u00adschaft steht einer \u00dcbernah\u00adme positiv gegen\u00ad\u00fcber. Ein gro\u00dfer Teil ist unent\u00adschlos\u00adsen. Diese Mitar\u00adbei\u00adter gilt es, von Sinn und Erfolgs\u00adaus\u00adsich\u00adten der \u00dcbernah\u00adme zu \u00fcberzeugen.<\/p>\n<h2>Conclu\u00adsi\u00adon.<\/h2>\n<p>Der Prozess nach einer \u00dcbernah\u00adme sollte nicht auf die organi\u00adsa\u00adto\u00adri\u00adschen und techni\u00adschen Seiten beschr\u00e4nkt bleiben. Vielmehr sollte er die unter\u00adschied\u00adli\u00adchen Unter\u00adneh\u00admens\u00adkul\u00adtu\u00adren einschlie\u00ad\u00dfen. Die neue Kultur muss von allen Mitar\u00adbei\u00adtern gelebt werden. Nur so ist sie effek\u00adtiv und f\u00fchrt zum gew\u00fcnsch\u00adten wirtschaft\u00adli\u00adchen Erfolg. Ein erfah\u00adren\u00adder Berater kann durch seine Projekt\u00ader\u00adfah\u00adrung wertvol\u00adle Unter\u00adst\u00fct\u00adzung bieten. So kann er in Konflikt\u00adsi\u00adtua\u00adtio\u00adnen als Media\u00adtor positiv auf das Integra\u00adti\u00adons\u00adma\u00adnage\u00adment einwirken.<\/p>\n<p>Do you still have questi\u00adons on the topic of selling a compa\u00adny? Then our <a href=\"https:\/\/webinaris.co\/customer\/showtime\/8235_unternehmensverkauf_ohne_risiko_und_wertverlust\/13054\/8235.html?mode=N\" target=\"_blank\" rel=\"noopener\">Webinar with helpful infor\u00adma\u00adti\u00adon on selling a business<\/a> can certain\u00adly&nbsp;help.<\/p>\n<p><strong>Das k\u00f6nnte Sie auch interessieren:<\/strong><\/p>\n<p><a class=\"yoast-link-suggestion__value\" href=\"https:\/\/www.kern-unternehmensnachfolge.com\/en\/successful-search-strategies-of-company-buyers\/\" target=\"_blank\" rel=\"noopener noreferrer\">Erfolg\u00adrei\u00adche Suchstra\u00adte\u00adgien von Unternehmensk\u00e4ufern<\/a><\/p>\n<p><a class=\"yoast-link-suggestion__value\" href=\"https:\/\/www.kern-unternehmensnachfolge.com\/en\/the-electrical-trade-the-irrational-side-of-business-succession\/\" target=\"_blank\" rel=\"noopener noreferrer\">de \u2013 das elektro\u00adhand\u00adwerk 10\/2018. Die irratio\u00adna\u00adle Seite der Unternehmensnachfolge<\/a><\/p>\n<p><a class=\"yoast-link-suggestion__value\" href=\"https:\/\/www.kern-unternehmensnachfolge.com\/en\/fachvortrag-zur-unternehmensbewertung-in-berlin-2\/\" target=\"_blank\" rel=\"noopener noreferrer\">Lectu\u00adre on business valua\u00adti\u00adon in Berlin<\/a><\/p>\n<p>Image: Fotolia.com<\/p>\n\n\n<hr class=\"wp-block-separator is-style-wide\">\n\n\n<div id=\"rank-math-faq\" class=\"rank-math-block\">\n<div class=\"rank-math-list\">\n<div id=\"faq-question-69a1825e0f22c\" class=\"rank-math-list-item\">\n<h3 class=\"rank-math-question\">Why is the <a href=\"https:\/\/www.kern-unternehmensnachfolge.com\/en\/company-sale-2\/\">Post-merger integra\u00adti\u00adon<\/a> so important after a merger?<\/h3>\n<div class=\"rank-math-answer\">\n\n<p>Weil bei einer Unter\u00adneh\u00admens\u00ad\u00fcber\u00adnah\u00adme zwei verschie\u00adde\u00adne Kultu\u00adren und Organi\u00adsa\u00adtio\u00adnen aufein\u00adan\u00adder treffen. Hier liegen viele Stolper\u00adstei\u00adne, aber auch Chancen und Syner\u00adgien. Dieser Prozess stellt zun\u00e4chst eine zus\u00e4tz\u00adli\u00adche Belas\u00adtung da. Dennoch ist er wichtig, damit eine neue Einheit entsteht. Dadurch wird die \u00dcbernah\u00adme auch als Invest\u00adment erfolgreich.&nbsp;<\/p>\n\n<\/div>\n<\/div>\n<div id=\"faq-question-69a1825e0f22f\" class=\"rank-math-list-item\">\n<h3 class=\"rank-math-question\">How should I proceed with post-merger integration?<\/h3>\n<div class=\"rank-math-answer\">\n\n<p>Schon lange vor dem Kauf sollte ein Projekt\u00adteam gebil\u00addet werden. Daf\u00fcr ben\u00f6tigt man vertrau\u00adens\u00adw\u00fcr\u00addi\u00adge Schl\u00fcs\u00adsel\u00adper\u00adso\u00adnen beider Unter\u00adneh\u00admen. Zun\u00e4chst arbei\u00adtet es an der Neustruk\u00adtu\u00adrie\u00adrung von Abtei\u00adlun\u00adgen, Prozes\u00adsen sowie Verant\u00adwor\u00adtungs- und Aufga\u00adben\u00adbe\u00adrei\u00adchen. Danach widmet es sich immate\u00adri\u00adel\u00adlen Werten wie Marken, Know-how und der inter\u00adnen Kultur. Diese Werte beider Unter\u00adneh\u00admen werden in Einklang gebracht. Dadurch entsteht im Ideal\u00adfall eine gemein\u00adsa\u00adme und st\u00e4rken\u00adde Unternehmenskultur.&nbsp;<\/p>\n\n<\/div>\n<\/div>\n<\/div>\n<\/div>\n\n\n<p><\/p>","protected":false},"excerpt":{"rendered":"<p>Bei einer Unternehmens\u00fcbernahme werden meist zwei unterschiedliche Kulturen und Organisationen zusammengef\u00fchrt. Dies ist ein sehr komplexer Prozess, der viele M\u00f6glichkeiten, [&hellip;]<\/p>\n","protected":false},"author":5,"featured_media":4431,"comment_status":"closed","ping_status":"closed","sticky":false,"template":"","format":"standard","meta":{"wp_typography_post_enhancements_disabled":false,"_kad_blocks_custom_css":"","_kad_blocks_head_custom_js":"","_kad_blocks_body_custom_js":"","_kad_blocks_footer_custom_js":"","site-sidebar-layout":"default","site-content-layout":"default","ast-site-content-layout":"default","site-content-style":"default","site-sidebar-style":"default","ast-global-header-display":"","ast-banner-title-visibility":"","ast-main-header-display":"","ast-hfb-above-header-display":"","ast-hfb-below-header-display":"","ast-hfb-mobile-header-display":"","site-post-title":"","ast-breadcrumbs-content":"","ast-featured-img":"","footer-sml-layout":"","ast-disable-related-posts":"","theme-transparent-header-meta":"default","adv-header-id-meta":"","stick-header-meta":"default","header-above-stick-meta":"","header-main-stick-meta":"","header-below-stick-meta":"","astra-migrate-meta-layouts":"default","ast-page-background-enabled":"default","ast-page-background-meta":{"desktop":{"background-color":"","background-image":"","background-repeat":"repeat","background-position":"center center","background-size":"auto","background-attachment":"scroll","background-type":"","background-media":"","overlay-type":"","overlay-color":"","overlay-opacity":"","overlay-gradient":""},"tablet":{"background-color":"","background-image":"","background-repeat":"repeat","background-position":"center center","background-size":"auto","background-attachment":"scroll","background-type":"","background-media":"","overlay-type":"","overlay-color":"","overlay-opacity":"","overlay-gradient":""},"mobile":{"background-color":"","background-image":"","background-repeat":"repeat","background-position":"center center","background-size":"auto","background-attachment":"scroll","background-type":"","background-media":"","overlay-type":"","overlay-color":"","overlay-opacity":"","overlay-gradient":""}},"ast-content-background-meta":{"desktop":{"background-color":"var(--ast-global-color-5)","background-image":"","background-repeat":"repeat","background-position":"center center","background-size":"auto","background-attachment":"scroll","background-type":"","background-media":"","overlay-type":"","overlay-color":"","overlay-opacity":"","overlay-gradient":""},"tablet":{"background-color":"var(--ast-global-color-5)","background-image":"","background-repeat":"repeat","background-position":"center center","background-size":"auto","background-attachment":"scroll","background-type":"","background-media":"","overlay-type":"","overlay-color":"","overlay-opacity":"","overlay-gradient":""},"mobile":{"background-color":"var(--ast-global-color-5)","background-image":"","background-repeat":"repeat","background-position":"center center","background-size":"auto","background-attachment":"scroll","background-type":"","background-media":"","overlay-type":"","overlay-color":"","overlay-opacity":"","overlay-gradient":""}},"iawp_total_views":3,"footnotes":""},"categories":[1,6,5],"tags":[3952,197,2052,202,198,427,205],"class_list":["post-4427","post","type-post","status-publish","format-standard","has-post-thumbnail","hentry","category-unternehmensnachfolge-2","category-unternehmenskauf","category-unternehmensverkauf","tag-cta-webinar-unternehmenskauf","tag-generationswechsel","tag-integrationsmanagement","tag-mittelstand","tag-unternehmensnachfolge","tag-unternehmensuebernahme","tag-unternehmensverkauf"],"taxonomy_info":{"category":[{"value":1,"label":"Unternehmensnachfolge"},{"value":6,"label":"Unternehmenskauf"},{"value":5,"label":"Unternehmensverkauf (M&amp;A)"}],"post_tag":[{"value":3952,"label":"CTA: Webinar Unternehmenskauf"},{"value":197,"label":"Generationswechsel"},{"value":2052,"label":"Integrationsmanagement"},{"value":202,"label":"Mittelstand"},{"value":198,"label":"Unternehmensnachfolge"},{"value":427,"label":"Unternehmens\u00fcbernahme"},{"value":205,"label":"Unternehmensverkauf"}]},"featured_image_src_large":["https:\/\/www.kern-unternehmensnachfolge.com\/wp-content\/uploads\/2018\/11\/Integrationsmanagement-2-1024x503.jpg",1024,503,true],"author_info":{"display_name":"Nils Koerber","author_link":"https:\/\/www.kern-unternehmensnachfolge.com\/en\/author\/nils-koerber\/"},"comment_info":0,"category_info":[{"term_id":1,"name":"Unternehmensnachfolge","slug":"unternehmensnachfolge-2","term_group":0,"term_taxonomy_id":1,"taxonomy":"category","description":"","parent":0,"count":280,"filter":"raw","cat_ID":1,"category_count":280,"category_description":"","cat_name":"Unternehmensnachfolge","category_nicename":"unternehmensnachfolge-2","category_parent":0},{"term_id":6,"name":"Unternehmenskauf","slug":"unternehmenskauf","term_group":0,"term_taxonomy_id":6,"taxonomy":"category","description":"","parent":0,"count":28,"filter":"raw","cat_ID":6,"category_count":28,"category_description":"","cat_name":"Unternehmenskauf","category_nicename":"unternehmenskauf","category_parent":0},{"term_id":5,"name":"Unternehmensverkauf (M&amp;A)","slug":"unternehmensverkauf","term_group":0,"term_taxonomy_id":5,"taxonomy":"category","description":"","parent":0,"count":55,"filter":"raw","cat_ID":5,"category_count":55,"category_description":"","cat_name":"Unternehmensverkauf (M&amp;A)","category_nicename":"unternehmensverkauf","category_parent":0}],"tag_info":[{"term_id":3952,"name":"CTA: Webinar Unternehmenskauf","slug":"cta-webinar-unternehmenskauf","term_group":0,"term_taxonomy_id":3952,"taxonomy":"post_tag","description":"","parent":0,"count":21,"filter":"raw"},{"term_id":197,"name":"Generationswechsel","slug":"generationswechsel","term_group":0,"term_taxonomy_id":197,"taxonomy":"post_tag","description":"","parent":0,"count":128,"filter":"raw"},{"term_id":2052,"name":"Integrationsmanagement","slug":"integrationsmanagement","term_group":0,"term_taxonomy_id":2052,"taxonomy":"post_tag","description":"","parent":0,"count":1,"filter":"raw"},{"term_id":202,"name":"Mittelstand","slug":"mittelstand","term_group":0,"term_taxonomy_id":202,"taxonomy":"post_tag","description":"","parent":0,"count":71,"filter":"raw"},{"term_id":198,"name":"Unternehmensnachfolge","slug":"unternehmensnachfolge","term_group":0,"term_taxonomy_id":198,"taxonomy":"post_tag","description":"","parent":0,"count":189,"filter":"raw"},{"term_id":427,"name":"Unternehmens\u00fcbernahme","slug":"unternehmensuebernahme","term_group":0,"term_taxonomy_id":427,"taxonomy":"post_tag","description":"","parent":0,"count":2,"filter":"raw"},{"term_id":205,"name":"Unternehmensverkauf","slug":"unternehmensverkauf","term_group":0,"term_taxonomy_id":205,"taxonomy":"post_tag","description":"","parent":0,"count":132,"filter":"raw"}],"_links":{"self":[{"href":"https:\/\/www.kern-unternehmensnachfolge.com\/en\/wp-json\/wp\/v2\/posts\/4427","targetHints":{"allow":["GET"]}}],"collection":[{"href":"https:\/\/www.kern-unternehmensnachfolge.com\/en\/wp-json\/wp\/v2\/posts"}],"about":[{"href":"https:\/\/www.kern-unternehmensnachfolge.com\/en\/wp-json\/wp\/v2\/types\/post"}],"author":[{"embeddable":true,"href":"https:\/\/www.kern-unternehmensnachfolge.com\/en\/wp-json\/wp\/v2\/users\/5"}],"replies":[{"embeddable":true,"href":"https:\/\/www.kern-unternehmensnachfolge.com\/en\/wp-json\/wp\/v2\/comments?post=4427"}],"version-history":[{"count":0,"href":"https:\/\/www.kern-unternehmensnachfolge.com\/en\/wp-json\/wp\/v2\/posts\/4427\/revisions"}],"wp:featuredmedia":[{"embeddable":true,"href":"https:\/\/www.kern-unternehmensnachfolge.com\/en\/wp-json\/wp\/v2\/media\/4431"}],"wp:attachment":[{"href":"https:\/\/www.kern-unternehmensnachfolge.com\/en\/wp-json\/wp\/v2\/media?parent=4427"}],"wp:term":[{"taxonomy":"category","embeddable":true,"href":"https:\/\/www.kern-unternehmensnachfolge.com\/en\/wp-json\/wp\/v2\/categories?post=4427"},{"taxonomy":"post_tag","embeddable":true,"href":"https:\/\/www.kern-unternehmensnachfolge.com\/en\/wp-json\/wp\/v2\/tags?post=4427"}],"curies":[{"name":"wp","href":"https:\/\/api.w.org\/{rel}","templated":true}]}}