{"id":34041,"date":"2025-06-04T11:05:53","date_gmt":"2025-06-04T09:05:53","guid":{"rendered":"https:\/\/www.kern-unternehmensnachfolge.com\/?p=34041"},"modified":"2025-06-04T11:10:44","modified_gmt":"2025-06-04T09:10:44","slug":"waegetechnik-heinz-visser-gmbh-unternehmensverkauf","status":"publish","type":"post","link":"https:\/\/www.kern-unternehmensnachfolge.com\/en\/waegetechnik-heinz-visser-gmbh-unternehmensverkauf\/","title":{"rendered":"W\u00e4getech\u00adnik Heinz Visser GmbH \u2013 Unternehmensverkauf"},"content":{"rendered":"<p><span><a href=\"https:\/\/www.kern-unternehmensnachfolge.com\/wp-content\/uploads\/2022\/12\/gon_logo.svg\" target=\"_blank\"><img loading=\"lazy\" decoding=\"async\" alt=\"Logo der Firma W\u00e4getechnik Heinz Visser GmbH\" data-id=\"34044\" data-init-width=\"337\" data-init-height=\"105\" title=\"Logo Visser\" src=\"https:\/\/www.kern-unternehmensnachfolge.com\/wp-content\/uploads\/2025\/06\/Logo-Visser.png\" data-width=\"230\" data-link-wrap=\"true\" width=\"230\" height=\"72\" data-height=\"72\" style=\"aspect-ratio: auto 337 \/ 105;\"><\/a><\/span><\/p>\n<ul>\n<li><span>W\u00e4getechnik &#8211; KCK004141<\/span><\/li>\n<li><span><a href=\"\/unternehmensverkauf\/\" style=\"outline: none;\" target=\"_blank\">Unternehmensverkauf <\/a><span style=\"color: rgb(174, 174, 174);\">| Unternehmenskauf | Generationenwechsel<\/span><\/span><\/li>\n<li><span>Betreut von: <a href=\"https:\/\/www.kern-unternehmensnachfolge.com\/partner\/\" target=\"_blank\" style=\"outline: none;\">Klaus-Christian Knuffmann<\/a>&nbsp;&nbsp;<\/span><\/li>\n<\/ul>\n<h3><a href=\"https:\/\/www.kern-unternehmensnachfolge.com\/partner\/\" target=\"_blank\" style=\"outline: none;\"><\/a>\u00dcber das Unternehmen<\/h3>\n<p>Die W\u00e4getechnik Heinz Visser GmbH wurde 1962 vom Mechaniker-Meister Heinz Visser in Duisburg gegr\u00fcndet.<\/p>\n<p>Das Unternehmen ist ein seit Jahrzehnten auf die Konzeption, den Vertrieb und die Wartung von W\u00e4gesystemen spezialisierter, \u00fcberregional bedeutender Dienstleister, mit Sitz in NRW.<\/p>\n<p>Von der kleinen Pr\u00e4zisionswaage bis zu gro\u00dfen, zum Beispiel LKW\u2013 und Gleis-Waage, mit einer Pr\u00fcflast von bis zu 150 t, werden W\u00e4gesysteme in den verschiedensten Branchen, darunter der Schwerindustrie, dem medizinischen Bereich und der Lebensmittelbranche, gebaut und vertrieben sowie f\u00fcr die Kunden gewartet und instandgehalten.<\/p>\n<p>Das Unternehmen verf\u00fcgt \u00fcber alle notwendigen Akkreditierungen, um Waagen zu reparieren und instandzusetzen und ist zertifiziert nach DIN ISO 9000 FF. Auch zur sogenannten DAkkS \u2013 Kalibrierung ist das Unternehmen befugt.<\/p>\n<h3>Die Aufgabenstellung&nbsp;<\/h3>\n<p><span style=\"font-weight: normal;\">Die Eheleute Barbara Visser-Thiel, Tochter des Gr\u00fcnders Heinz Visser, und Holger Thiel baten uns um Unterst\u00fctzung bei der Suche nach einem externen Unternehmensnachfolger, der den aktuellen Standort inklusive vollst\u00e4ndiger Belegschaft m\u00f6glichst erh\u00e4lt. Eine familieninterne Nachfrage kam nicht in Frage.<\/span><!--[if !supportLineBreakNewLine]--><\/p>\n<h3>Das sagt der Auftraggeber zum Projekt<\/h3>\n<p style=\"text-align: left;\">\n<p><strong><span data-contrast=\"auto\" lang=\"DE-DE\"><span data-contrast=\"auto\" lang=\"DE-DE\">Barbara Visser-Thiel und Holger Thiel:<\/span><\/span><\/strong><\/p>\n<\/p>\n<p>\u201eAuf Anraten unserer \u00f6rtlichen Industrie- und Handelskammer besch\u00e4ftigen wir uns seit l\u00e4ngerem mit dem Thema Unternehmensnachfolge, da eine familieninterne Weitergabe unseres Unternehmens nicht infrage kam.\u201c<\/p>\n<p>Mit Herrn Klaus-Christian Knuffmann, KERN-Partner aus Krefeld, haben wir nicht nur einen ausgewiesenen Spezialisten f\u00fcr diesen hochkomplexen und langwierigen Prozess, sondern auch einen erfahrenen Familienunternehmer, auf unserer Seite gefunden.<\/p>\n<p>Herr Knuffmann hat uns verschiedene Kaufinteressenten pr\u00e4sentiert und bei der endg\u00fcltigen Entscheidung f\u00fcr die heutige Inhaberin der W\u00e4getechnik Heinz Visser GmbH kompetent begleitet und beraten.<\/p>\n<p>Wir hatten nie geglaubt, wie komplex, sowohl aus steuerlicher, als auch rechtlicher Sicht, ein Nachfolgeprozess ist. Ohne kompetente Begleitung h\u00e4tten wir weder den neuen Inhaber unseres Unternehmens gefunden, noch gewusst, wie wir die vielen H\u00fcrden und Herausforderungen im Rahmen eines Nachfolgeprozesses parallel zum laufenden Tagesgesch\u00e4ft bew\u00e4ltigen sollen.<\/p>\n<\/p>\n<h3>\u00dcber den K\u00e4ufer<\/h3>\n<p><span style=\"font-weight: normal;\">Die K\u00e4ufer, Dr.-Ing. Fabian Ehmke, Dr.-Ing. Gregor Gra\u00dfl und Ren\u00e9 Teichmann, sind \u00fcber die ESSMANN Gruppe bereits im Waagen-Bau und der Automatisierungstechnik engagiert.<\/span><\/p>\n<p>Mit der ESSMANN-Gruppe, hier insbesondere \u00fcber die HE W\u00e4getechnik Horst Essmann GmbH mit Sitz in Hamburg, betreiben die drei gesch\u00e4ftsf\u00fchrenden Gesellschafter Standorte in Hamburg, Wallenhorst bei Osnabr\u00fcck und Westhausen in Baden-W\u00fcrttemberg. Dar\u00fcber hinaus verf\u00fcgt das Unternehmen \u00fcber mehrere Servicestandorte, unter anderem in Berlin, Th\u00fcringen und Rheinland-Pfalz.<\/p>\n<p>Mit der \u00dcbernahme der W\u00e4getechnik Heinz Visser GmbH in Duisburg konnten die drei Unternehmer einen strategisch wichtigen regionalen Markt in Nordrhein-Westfalen besetzen.<\/p>\n<p>Ziel ist es, mit einer deutschlandweiten Pr\u00e4senz einen f\u00fchrenden Anbieter im Bereich der W\u00e4getechnik auf- und auszubauen.<\/p>\n<p>Dabei sollen die Werte der jeweils \u00fcbernommenen Unternehmen weiterhin gelebt werden und die jeweiligen Belegschaften zu einem gro\u00dfen \u00fcberregional t\u00e4tigen Team geformt werden.<\/p>\n<\/p>\n<p><strong>Das sagen die K\u00e4ufer zum Projekt:<\/strong><\/p>\n<p>Mit der W\u00e4getechnik Heinz Visser GmbH konnten wir eine wesentliche St\u00e4rkung unserer strategischen Ausrichtung der ESSMANN-Gruppe erreichen.<\/p>\n<p>Seit dem ersten Gespr\u00e4ch mit dem Eheleuten Visser-Thiel konnten wir feststellen, dass der Nachfolgeberater von KERN &#8211; Unternehmensnachfolge nicht einseitig die Interessen der Verk\u00e4ufer vertreten hat, sondern stets bestrebt war, eine zielgerichtete WIN-WIN-Situation zu schaffen.<\/p>\n<p>Wir freuen uns, dass wir nach erfolgreicher \u00dcbernahme der W\u00e4getechnik Heinz Visser GmbH jetzt noch eine ganze Zeit lang zusammen mit den Eheleuten Visser-Thiel den neuen Standort in Nordrhein-Westfalen weiterentwickeln und in unserem<\/p>\n<p>ESSMANN-Gruppe integrieren k\u00f6nnen.<\/p>\n<p><a href=\"https:\/\/www.youtube.com\/watch?v=Xydj4B9QD8w\" target=\"_blank\" style=\"outline: none;\" rel=\"noopener\">&nbsp;zum Interview mit Kersten St\u00f6be.<\/a>&nbsp;<\/p>\n<p><span style=\"font-style: normal;\"><\/span><\/p>\n","protected":false},"excerpt":{"rendered":"<p>Nach Verkauf solle der Stand\u00adort erhal\u00adten und alle Mitar\u00adbei\u00adter weiter\u00adbe\u00adsch\u00e4f\u00adtigt werden.<\/p>","protected":false},"author":25,"featured_media":34042,"comment_status":"closed","ping_status":"closed","sticky":false,"template":"","format":"image","meta":{"wp_typography_post_enhancements_disabled":false,"_kad_blocks_custom_css":"","_kad_blocks_head_custom_js":"","_kad_blocks_body_custom_js":"","_kad_blocks_footer_custom_js":"","site-sidebar-layout":"right-sidebar","site-content-layout":"boxed-container","ast-site-content-layout":"normal-width-container","site-content-style":"boxed","site-sidebar-style":"boxed","ast-global-header-display":"","ast-banner-title-visibility":"","ast-main-header-display":"","ast-hfb-above-header-display":"","ast-hfb-below-header-display":"","ast-hfb-mobile-header-display":"","site-post-title":"","ast-breadcrumbs-content":"","ast-featured-img":"","footer-sml-layout":"","ast-disable-related-posts":"","theme-transparent-header-meta":"default","adv-header-id-meta":"","stick-header-meta":"default","header-above-stick-meta":"","header-main-stick-meta":"","header-below-stick-meta":"","astra-migrate-meta-layouts":"set","ast-page-background-enabled":"default","ast-page-background-meta":{"desktop":{"background-color":"","background-image":"","background-repeat":"repeat","background-position":"center center","background-size":"auto","background-attachment":"scroll","background-type":"","background-media":"","overlay-type":"","overlay-color":"","overlay-opacity":"","overlay-gradient":""},"tablet":{"background-color":"","background-image":"","background-repeat":"repeat","background-position":"center center","background-size":"auto","background-attachment":"scroll","background-type":"","background-media":"","overlay-type":"","overlay-color":"","overlay-opacity":"","overlay-gradient":""},"mobile":{"background-color":"","background-image":"","background-repeat":"repeat","background-position":"center center","background-size":"auto","background-attachment":"scroll","background-type":"","background-media":"","overlay-type":"","overlay-color":"","overlay-opacity":"","overlay-gradient":""}},"ast-content-background-meta":{"desktop":{"background-color":"var(--ast-global-color-5)","background-image":"","background-repeat":"repeat","background-position":"center center","background-size":"auto","background-attachment":"scroll","background-type":"","background-media":"","overlay-type":"","overlay-color":"","overlay-opacity":"","overlay-gradient":""},"tablet":{"background-color":"var(--ast-global-color-5)","background-image":"","background-repeat":"repeat","background-position":"center center","background-size":"auto","background-attachment":"scroll","background-type":"","background-media":"","overlay-type":"","overlay-color":"","overlay-opacity":"","overlay-gradient":""},"mobile":{"background-color":"var(--ast-global-color-5)","background-image":"","background-repeat":"repeat","background-position":"center center","background-size":"auto","background-attachment":"scroll","background-type":"","background-media":"","overlay-type":"","overlay-color":"","overlay-opacity":"","overlay-gradient":""}},"iawp_total_views":21,"footnotes":""},"categories":[5277],"tags":[3951],"class_list":["post-34041","post","type-post","status-publish","format-image","has-post-thumbnail","hentry","category-projekte","tag-cta-webinar-unternehmensverkauf","post_format-post-format-image"],"taxonomy_info":{"category":[{"value":5277,"label":"Projekte"}],"post_tag":[{"value":3951,"label":"CTA: Webinar Unternehmensverkauf"}]},"featured_image_src_large":["https:\/\/www.kern-unternehmensnachfolge.com\/wp-content\/uploads\/2025\/06\/Referenz-Waegetechnik-.jpg",1024,576,false],"author_info":{"display_name":"Redaktion","author_link":"https:\/\/www.kern-unternehmensnachfolge.com\/en\/author\/vonhacht\/"},"comment_info":0,"category_info":[{"term_id":5277,"name":"Projekte","slug":"projekte","term_group":0,"term_taxonomy_id":5277,"taxonomy":"category","description":"","parent":0,"count":45,"filter":"raw","cat_ID":5277,"category_count":45,"category_description":"","cat_name":"Projekte","category_nicename":"projekte","category_parent":0}],"tag_info":[{"term_id":3951,"name":"CTA: Webinar Unternehmensverkauf","slug":"cta-webinar-unternehmensverkauf","term_group":0,"term_taxonomy_id":3951,"taxonomy":"post_tag","description":"","parent":0,"count":123,"filter":"raw"}],"_links":{"self":[{"href":"https:\/\/www.kern-unternehmensnachfolge.com\/en\/wp-json\/wp\/v2\/posts\/34041","targetHints":{"allow":["GET"]}}],"collection":[{"href":"https:\/\/www.kern-unternehmensnachfolge.com\/en\/wp-json\/wp\/v2\/posts"}],"about":[{"href":"https:\/\/www.kern-unternehmensnachfolge.com\/en\/wp-json\/wp\/v2\/types\/post"}],"author":[{"embeddable":true,"href":"https:\/\/www.kern-unternehmensnachfolge.com\/en\/wp-json\/wp\/v2\/users\/25"}],"replies":[{"embeddable":true,"href":"https:\/\/www.kern-unternehmensnachfolge.com\/en\/wp-json\/wp\/v2\/comments?post=34041"}],"version-history":[{"count":0,"href":"https:\/\/www.kern-unternehmensnachfolge.com\/en\/wp-json\/wp\/v2\/posts\/34041\/revisions"}],"wp:featuredmedia":[{"embeddable":true,"href":"https:\/\/www.kern-unternehmensnachfolge.com\/en\/wp-json\/wp\/v2\/media\/34042"}],"wp:attachment":[{"href":"https:\/\/www.kern-unternehmensnachfolge.com\/en\/wp-json\/wp\/v2\/media?parent=34041"}],"wp:term":[{"taxonomy":"category","embeddable":true,"href":"https:\/\/www.kern-unternehmensnachfolge.com\/en\/wp-json\/wp\/v2\/categories?post=34041"},{"taxonomy":"post_tag","embeddable":true,"href":"https:\/\/www.kern-unternehmensnachfolge.com\/en\/wp-json\/wp\/v2\/tags?post=34041"}],"curies":[{"name":"wp","href":"https:\/\/api.w.org\/{rel}","templated":true}]}}